{"id":586984,"date":"2025-12-08T19:39:16","date_gmt":"2025-12-08T19:39:16","guid":{"rendered":"https:\/\/www.europesays.com\/fr\/586984\/"},"modified":"2025-12-08T19:39:16","modified_gmt":"2025-12-08T19:39:16","slug":"marche-de-createurs-spectacles-la-magie-de-noel-sempare-de-saint-gregoire","status":"publish","type":"post","link":"https:\/\/www.europesays.com\/fr\/586984\/","title":{"rendered":"March\u00e9 de cr\u00e9ateurs, spectacles\u2026 La magie de No\u00ebl s\u2019empare de Saint-Gr\u00e9goire"},"content":{"rendered":"<p>Pour les f\u00eates de fin d\u2019ann\u00e9e, <a href=\"https:\/\/rennes.maville.com\/actu\/actudet_-les-habitants-de-saint-gregoire-pres-de-rennes-s-ameliorent-sur-le-tri-des-dechets-_7-7099658_actu.Htm\" target=\"_blank\" rel=\"noopener\">la municipalit\u00e9 de Saint-Gr\u00e9goire (Ille-et-Vilaine) <\/a>propose de nombreuses animations \u00e0 destination des petits et des grands. Le plus important est sans doute la bo\u00eete aux lettres du p\u00e8re No\u00ebl. \u00a0Elle sera install\u00e9e dans le hall de la mairie jusqu\u2019au 19\u00a0d\u00e9cembre. N\u2019oubliez pas d\u2019indiquer votre adresse, afin que le P\u00e8re No\u00ebl et ses lutins vous r\u00e9pondent\u00a0, indique la mairie. Du vendredi 12\u00a0d\u00e9cembre 2025 au dimanche 14\u00a0d\u00e9cembre 2025, des animations multiples sont annonc\u00e9es.<\/p>\n<p>Luge, renne, man\u00e8ge\u2026<\/p>\n<p>Un march\u00e9 des cr\u00e9ateurs se tiendra \u00e0 l\u2019espace Chateaubriand pendant trois\u00a0jours. Dix-sept cr\u00e9ateurs locaux seront pr\u00e9sents. \u00a0Les visiteurs pourront ainsi faire leurs derniers achats de No\u00ebl, qu\u2019il s\u2019agisse de d\u00e9corations ou de cadeaux\u00a0, indique la Ville. Un renne m\u00e9canique attendra les curieux sur le parvis de la <a href=\"https:\/\/rennes.maville.com\/actu\/actudet_-saint-gregoire.-des-espaces-vert-reamenages-_7-7096716_actu.Htm\" target=\"_blank\" rel=\"noopener\">Mairie <\/a>et un man\u00e8ge de 32\u00a0places sur le parking de la rue Chateaubriand. \u00a0Une piste de luge amusera petits et grands le dimanche, sur la place de l\u2019\u00c9glise, devant la cr\u00eaperie du march\u00e9.\u00a0 Toutes ces animations sont gratuites.<\/p>\n<p>Trois\u00a0spectacles diff\u00e9rents sont aussi pr\u00e9vus pour ce week-end festif\u00a0: voyage de feu, d\u00e9ambulations lumineuses, spectacle des lutins de No\u00ebl\u2026 Il y aura, enfin, le village gourmand, install\u00e9 place de la Mairie, avec six\u00a0commer\u00e7ants locaux ou associatifs.<\/p>\n<p>Du 12 au 14\u00a0d\u00e9cembre, parvis de la Mairie, \u00e0 Saint-Gr\u00e9goire<\/p>\n<p><strong>Programme en ligne\u00a0: <\/strong> <a href=\"https:\/\/www.saint-gregoire.fr\/evenement\/noel-a-saint-gregoire\/\" target=\"_blank\" rel=\"noopener\">https:\/\/www.saint-gregoire.fr\/evenement\/noel-a-saint-gregoire\/<\/a><\/p>\n<p>\u00a0<\/p>\n","protected":false},"excerpt":{"rendered":"Pour les f\u00eates de fin d\u2019ann\u00e9e, la municipalit\u00e9 de Saint-Gr\u00e9goire (Ille-et-Vilaine) propose de nombreuses animations \u00e0 destination des&hellip;\n","protected":false},"author":2,"featured_media":586985,"comment_status":"","ping_status":"","sticky":false,"template":"","format":"standard","meta":{"footnotes":""},"categories":[2821],"tags":[1111,11,829,14063,70000,1777,674,1011,27,29658,2089,12,15830,3086,584,25,5372,853],"class_list":{"0":"post-586984","1":"post","2":"type-post","3":"status-publish","4":"format-standard","5":"has-post-thumbnail","7":"category-rennes","8":"tag-actu","9":"tag-actualites","10":"tag-bretagne","11":"tag-createurs","12":"tag-empare","13":"tag-eu","14":"tag-europe","15":"tag-fr","16":"tag-france","17":"tag-magie","18":"tag-marche","19":"tag-news","20":"tag-noel","21":"tag-redon","22":"tag-rennes","23":"tag-republique-francaise","24":"tag-saint-gregoire","25":"tag-spectacles"},"share_on_mastodon":{"url":"https:\/\/pubeurope.com\/@fr\/115685645720328080","error":""},"_links":{"self":[{"href":"https:\/\/www.europesays.com\/fr\/wp-json\/wp\/v2\/posts\/586984","targetHints":{"allow":["GET"]}}],"collection":[{"href":"https:\/\/www.europesays.com\/fr\/wp-json\/wp\/v2\/posts"}],"about":[{"href":"https:\/\/www.europesays.com\/fr\/wp-json\/wp\/v2\/types\/post"}],"author":[{"embeddable":true,"href":"https:\/\/www.europesays.com\/fr\/wp-json\/wp\/v2\/users\/2"}],"replies":[{"embeddable":true,"href":"https:\/\/www.europesays.com\/fr\/wp-json\/wp\/v2\/comments?post=586984"}],"version-history":[{"count":0,"href":"https:\/\/www.europesays.com\/fr\/wp-json\/wp\/v2\/posts\/586984\/revisions"}],"wp:featuredmedia":[{"embeddable":true,"href":"https:\/\/www.europesays.com\/fr\/wp-json\/wp\/v2\/media\/586985"}],"wp:attachment":[{"href":"https:\/\/www.europesays.com\/fr\/wp-json\/wp\/v2\/media?parent=586984"}],"wp:term":[{"taxonomy":"category","embeddable":true,"href":"https:\/\/www.europesays.com\/fr\/wp-json\/wp\/v2\/categories?post=586984"},{"taxonomy":"post_tag","embeddable":true,"href":"https:\/\/www.europesays.com\/fr\/wp-json\/wp\/v2\/tags?post=586984"}],"curies":[{"name":"wp","href":"https:\/\/api.w.org\/{rel}","templated":true}]}}