{"id":586996,"date":"2025-12-08T19:45:20","date_gmt":"2025-12-08T19:45:20","guid":{"rendered":"https:\/\/www.europesays.com\/fr\/586996\/"},"modified":"2025-12-08T19:45:20","modified_gmt":"2025-12-08T19:45:20","slug":"municipales-2026-a-nantes-ali-rebouh-devient-president-du-comite-de-campagne-pour-la-liste-de","status":"publish","type":"post","link":"https:\/\/www.europesays.com\/fr\/586996\/","title":{"rendered":"Municipales 2026 \u00e0 Nantes. Ali Rebouh devient pr\u00e9sident du comit\u00e9 de campagne pour la liste de"},"content":{"rendered":"<p>Ali Rebouh (Soci\u00e9t\u00e9 Civile, 3e adjoint charg\u00e9 des sports), qui a d\u00e9cid\u00e9 de ne pas se repr\u00e9senter au conseil municipal et donc au conseil m\u00e9tropolitain va poursuivre sa mission jusqu\u2019au bout, car la maire sortante Johanna Rolland (PS) lui a propos\u00e9 d\u2019\u00eatre son pr\u00e9sident du comit\u00e9 de campagne pour les municipales du 15 et 22\u00a0mars 2026.<\/p>\n<p><a href=\"https:\/\/nantes.maville.com\/actu\/actudet_-municipales-2026-ce-sera-la-gauche-unie-pour-nantes-derriere-johanna-rolland-sans-les-insoumis-_8-7062205_actu.Htm\" target=\"_blank\" rel=\"noopener\"> <strong>LIRE AUSSI. <\/strong>Municipales 2026 : ce sera \u00abLa gauche unie pour Nantes\u00bb derri\u00e8re Johanna Rolland, sans les Insoumis<\/a><\/p>\n<p>\t<img decoding=\"async\" src=\"https:\/\/www.europesays.com\/fr\/wp-content\/uploads\/2025\/12\/P35627928D7099808G_px_640_.jpg\" alt=\"photo ali rebouh a \u00e9t\u00e9 nomm\u00e9 lundi soir sur la p\u00e9niche lola, si\u00e8ge de campagne de la candidate johanna rolland.  \u00a9  photo presse oc\u00e9an-philippe corbou\" width=\"640\" title=\" Ali Rebouh a \u00e9t\u00e9 nomm\u00e9 lundi soir sur la p\u00e9niche Lola, si\u00e8ge de campagne de la candidate Johanna Rolland.   Photo Presse Oc\u00e9an-Philippe Corbou \"\/><\/p>\n<p class=\"elmt-legende\"> Ali Rebouh a \u00e9t\u00e9 nomm\u00e9 lundi soir sur la p\u00e9niche Lola, si\u00e8ge de campagne de la candidate Johanna Rolland.   Photo Presse Oc\u00e9an-Philippe Corbou <\/p>\n<p>\u00abC\u2019est un honneur\u00bb<\/p>\n<p>C\u2019est un peu symbolique, mais c\u2019est aussi un honneur, confie Ali Rebouh. Cela me permet de boucler la boucle et de rendre la confiance qu\u2019on m\u2019a accord\u00e9e. Je reste engag\u00e9 quoi qu\u2019il arrive. Avec Johanna Rolland, on se conna\u00eet depuis longtemps (2005), avant m\u00eame qu\u2019elle ne soit \u00e9lue. On a partag\u00e9 un bout de chemin ensemble. J\u2019\u00e9tais ainsi son bin\u00f4me lors des \u00e9lections au conseil g\u00e9n\u00e9ral en 2011 lorsqu\u2019elle a \u00e9t\u00e9 \u00e9lue pour la premi\u00e8re fois. Elle avait remplac\u00e9 Patrick Mareschal sur sa circonscription. Et je serais donc en soutien jusqu\u2019au bout.<\/p>\n<p>\u00a0<\/p>\n","protected":false},"excerpt":{"rendered":"Ali Rebouh (Soci\u00e9t\u00e9 Civile, 3e adjoint charg\u00e9 des sports), qui a d\u00e9cid\u00e9 de ne pas se repr\u00e9senter au&hellip;\n","protected":false},"author":2,"featured_media":586997,"comment_status":"","ping_status":"","sticky":false,"template":"","format":"standard","meta":{"footnotes":""},"categories":[2818],"tags":[5734,1111,11,63285,3226,9639,6475,1777,674,1011,27,36294,5110,3554,766,12,2636,4919,429,65413,25,36295,3272],"class_list":{"0":"post-586996","1":"post","2":"type-post","3":"status-publish","4":"format-standard","5":"has-post-thumbnail","7":"category-nantes","8":"tag-5734","9":"tag-actu","10":"tag-actualites","11":"tag-ali","12":"tag-campagne","13":"tag-comite","14":"tag-devient","15":"tag-eu","16":"tag-europe","17":"tag-fr","18":"tag-france","19":"tag-johanna","20":"tag-liste","21":"tag-municipales","22":"tag-nantes","23":"tag-news","24":"tag-pays-de-la-loire","25":"tag-president","26":"tag-ps","27":"tag-rebouh","28":"tag-republique-francaise","29":"tag-rolland","30":"tag-saint-nazaire"},"share_on_mastodon":{"url":"https:\/\/pubeurope.com\/@fr\/115685670167592224","error":""},"_links":{"self":[{"href":"https:\/\/www.europesays.com\/fr\/wp-json\/wp\/v2\/posts\/586996","targetHints":{"allow":["GET"]}}],"collection":[{"href":"https:\/\/www.europesays.com\/fr\/wp-json\/wp\/v2\/posts"}],"about":[{"href":"https:\/\/www.europesays.com\/fr\/wp-json\/wp\/v2\/types\/post"}],"author":[{"embeddable":true,"href":"https:\/\/www.europesays.com\/fr\/wp-json\/wp\/v2\/users\/2"}],"replies":[{"embeddable":true,"href":"https:\/\/www.europesays.com\/fr\/wp-json\/wp\/v2\/comments?post=586996"}],"version-history":[{"count":0,"href":"https:\/\/www.europesays.com\/fr\/wp-json\/wp\/v2\/posts\/586996\/revisions"}],"wp:featuredmedia":[{"embeddable":true,"href":"https:\/\/www.europesays.com\/fr\/wp-json\/wp\/v2\/media\/586997"}],"wp:attachment":[{"href":"https:\/\/www.europesays.com\/fr\/wp-json\/wp\/v2\/media?parent=586996"}],"wp:term":[{"taxonomy":"category","embeddable":true,"href":"https:\/\/www.europesays.com\/fr\/wp-json\/wp\/v2\/categories?post=586996"},{"taxonomy":"post_tag","embeddable":true,"href":"https:\/\/www.europesays.com\/fr\/wp-json\/wp\/v2\/tags?post=586996"}],"curies":[{"name":"wp","href":"https:\/\/api.w.org\/{rel}","templated":true}]}}