{"id":587006,"date":"2025-12-08T19:50:15","date_gmt":"2025-12-08T19:50:15","guid":{"rendered":"https:\/\/www.europesays.com\/fr\/587006\/"},"modified":"2025-12-08T19:50:15","modified_gmt":"2025-12-08T19:50:15","slug":"stade-toulousain-quand-connaitra-t-on-la-sanction-de-toulouse-dans-laffaire-jaminet-apres-laudition-devant-la-commission-de-discipline","status":"publish","type":"post","link":"https:\/\/www.europesays.com\/fr\/587006\/","title":{"rendered":"Stade Toulousain\u00a0: quand conna\u00eetra-t-on la sanction de Toulouse dans l\u2019affaire Jaminet apr\u00e8s l\u2019audition devant la commission de discipline\u00a0?"},"content":{"rendered":"<p>\n                                                                    l&rsquo;essentiel<br \/>\n                                                                Les dirigeants \u00ab\u00a0rouge et noir\u00a0\u00bb, accompagn\u00e9s des avocats du club, ont \u00e9t\u00e9 entendus ce lundi 8\u00a0d\u00e9cembre par l\u2019instance disciplinaire du rugby fran\u00e7ais. Une audition li\u00e9e \u00e0 de possibles irr\u00e9gularit\u00e9s dans le cadre du transfert de Melvyn Jaminet, pass\u00e9 de Perpignan \u00e0 Toulouse en 2022.\n                            <\/p>\n<p>Le grand oral est pass\u00e9, place d\u00e9sormais \u00e0 l\u2019attente. Ce lundi 8\u00a0d\u00e9cembre, le pr\u00e9sident du Stade Toulousain Didier Lacroix a \u00e9t\u00e9 entendu par la commission de discipline et de r\u00e9gulation du rugby fran\u00e7ais. Le patron des \u00ab\u00a0rouge et noir\u00a0\u00bb s\u2019est exprim\u00e9 en visioconf\u00e9rence, alors que deux avocats du club, Mes Cavali\u00e9 et Guillemin, \u00e9taient pr\u00e9sents \u00e0 Paris au si\u00e8ge de la Ligue nationale.<\/p>\n<p>Toulouse est sous le feu de possibles sanctions, <a href=\"https:\/\/www.ladepeche.fr\/2025\/11\/25\/stade-toulousain-500-000-euros-evapores-menace-de-retrait-de-points-enquete-du-parquet-ce-que-lon-sait-sur-la-polemique-jaminet-13073512.php\" target=\"_blank\" rel=\"noopener\">li\u00e9es aux conditions du transfert de Melvyn Jaminet<\/a>, pass\u00e9 de Perpignan \u00e0 Toulouse en 2022. L\u2019arri\u00e8re n\u2019est rest\u00e9 qu\u2019un an \u00e0 Toulouse, o\u00f9 il ne s\u2019est jamais impos\u00e9 sportivement, et a rejoint Toulon en 2023.<\/p>\n<p>Son transfert vers la Haute-Garonne est revenu au-devant de l\u2019actualit\u00e9 le 28\u00a0janvier 2025, quand le journal <a href=\"https:\/\/www.lequipe.fr\/Rugby\/Article\/Mais-ou-est-passe-le-demi-million-de-jaminet-apres-son-transfert-de-perpignan-a-toulouse\/1535679\" target=\"_blank\" rel=\"noopener\">L\u2019\u00c9quipe <\/a>posait cette question\u00a0: \u00ab\u00a0Mais o\u00f9 sont pass\u00e9s les 450\u00a0000\u00a0euros de Melvyn Jaminet lors apr\u00e8s son transfert de Perpignan \u00e0 Toulouse\u00a0?\u00a0\u00bb Titrant ainsi, nos confr\u00e8res r\u00e9v\u00e9laient alors que le joueur avait lui-m\u00eame pay\u00e9 une clause d\u2019un montant de 450\u00a0000\u00a0euros, lui permettant de rallier Toulouse avant le terme du contrat qui le liait \u00e0 Perpignan, man\u0153uvre qui devait permettre au club \u00ab\u00a0rouge et noir\u00a0\u00bb de ne pas d\u00e9passer le \u00ab\u00a0salary cap\u00a0\u00bb, le plafond salarial en vigueur dans le rugby professionnel fran\u00e7ais.<\/p>\n<p class=\"std-elt__inline\">\n        <strong>\u00c0 lire aussi :<\/strong><br \/>\n        <a href=\"https:\/\/www.ladepeche.fr\/2025\/12\/08\/le-stade-toulousain-a-ete-entendu-par-le-conseil-de-discipline-dans-laffaire-jaminet-verdict-en-fin-de-semaine-13098711.php\" target=\"_blank\" rel=\"noopener\">Le Stade Toulousain a \u00e9t\u00e9 entendu par le conseil de discipline dans l\u2019affaire Jaminet\u00a0: verdict en fin de semaine<\/a>\n    <\/p>\n<p>Par ailleurs, au moment du fameux transfert, le Stade Toulousain a pass\u00e9 un contrat d\u2019un montant de 500\u00a0000\u00a0euros (donc proche de celui d\u00fb \u00e0 Jaminet, 450\u00a0000\u00a0euros) avec une soci\u00e9t\u00e9 bas\u00e9e en Polyn\u00e9sie nomm\u00e9e Pacific Heart. Pour l\u2019heure, cet argent a disparu, laissant en vacance l\u2019une des zones d\u2019ombre de l\u2019affaire.<\/p>\n<p>Un dossier que Toulouse pensait avoir clos en mars dernier, via le versement \u00e0 la Ligue d\u2019une amende d\u20191,3\u00a0million d\u2019euros, pour d\u00e9passement du salary-cap.<\/p>\n<p>\u00c0 leur sortie de l\u2019audience, ce lundi, les avocats du Stade Toulousain n\u2019ont pas souhait\u00e9 s\u2019exprimer face \u00e0 la presse. C\u2019est d\u00e9sormais le temps de l\u2019attente.<\/p>\n<p>Toulouse sera tr\u00e8s probablement fix\u00e9 sur ses sanctions ce jeudi\u00a011 ou ce vendredi 12\u00a0d\u00e9cembre. Il est toutefois \u00e9galement possible qu\u2019un report de la d\u00e9cision soit demand\u00e9.<\/p>\n<p>Du c\u00f4t\u00e9 des sanctions possibles, l\u2019\u00e9ventail est large\u00a0: amende, retraits de points au classement du Top 14, interdiction de participer aux phases finales, interdiction de recrutement\u2026<\/p>\n<p class=\"std-elt__inline\">\n        <strong>\u00c0 lire aussi :<\/strong><br \/>\n        <a href=\"https:\/\/www.ladepeche.fr\/2025\/12\/08\/le-stade-toulousain-menace-de-sanctions-dans-laffaire-jaminet-grand-oral-a-tres-hauts-risques-ce-lundi-on-vous-explique-les-enjeux-13097234.php\" target=\"_blank\" rel=\"noopener\">Le Stade Toulousain menac\u00e9 de sanctions dans l\u2019affaire Jaminet\u00a0: grand oral \u00e0 tr\u00e8s hauts risques ce lundi\u00a0! On vous explique les enjeux<\/a>\n    <\/p>\n<p>Cette affaire dite \u00ab\u00a0Jaminet\u00a0\u00bb conna\u00eetra quoi qu\u2019il en soit une suite sur le terrain de la justice civile\u00a0: le parquet de Toulouse a en effet ouvert une enqu\u00eate depuis avril dernier pour \u00ab\u00a0abus de confiance\u00a0\u00bb.<\/p>\n","protected":false},"excerpt":{"rendered":"l&rsquo;essentiel Les dirigeants \u00ab\u00a0rouge et noir\u00a0\u00bb, accompagn\u00e9s des avocats du club, ont \u00e9t\u00e9 entendus ce lundi 8\u00a0d\u00e9cembre par&hellip;\n","protected":false},"author":2,"featured_media":587007,"comment_status":"","ping_status":"","sticky":false,"template":"","format":"standard","meta":{"footnotes":""},"categories":[2816],"tags":[1111,11,1777,674,1011,27,2722,12,2680,25,68796,517,476,2312],"class_list":{"0":"post-587006","1":"post","2":"type-post","3":"status-publish","4":"format-standard","5":"has-post-thumbnail","7":"category-toulouse","8":"tag-actu","9":"tag-actualites","10":"tag-eu","11":"tag-europe","12":"tag-fr","13":"tag-france","14":"tag-haute-garonne","15":"tag-news","16":"tag-occitanie","17":"tag-republique-francaise","18":"tag-rugby-u00e0-xv","19":"tag-sport","20":"tag-stade-toulousain","21":"tag-toulouse"},"share_on_mastodon":{"url":"https:\/\/pubeurope.com\/@fr\/115685689032053165","error":""},"_links":{"self":[{"href":"https:\/\/www.europesays.com\/fr\/wp-json\/wp\/v2\/posts\/587006","targetHints":{"allow":["GET"]}}],"collection":[{"href":"https:\/\/www.europesays.com\/fr\/wp-json\/wp\/v2\/posts"}],"about":[{"href":"https:\/\/www.europesays.com\/fr\/wp-json\/wp\/v2\/types\/post"}],"author":[{"embeddable":true,"href":"https:\/\/www.europesays.com\/fr\/wp-json\/wp\/v2\/users\/2"}],"replies":[{"embeddable":true,"href":"https:\/\/www.europesays.com\/fr\/wp-json\/wp\/v2\/comments?post=587006"}],"version-history":[{"count":0,"href":"https:\/\/www.europesays.com\/fr\/wp-json\/wp\/v2\/posts\/587006\/revisions"}],"wp:featuredmedia":[{"embeddable":true,"href":"https:\/\/www.europesays.com\/fr\/wp-json\/wp\/v2\/media\/587007"}],"wp:attachment":[{"href":"https:\/\/www.europesays.com\/fr\/wp-json\/wp\/v2\/media?parent=587006"}],"wp:term":[{"taxonomy":"category","embeddable":true,"href":"https:\/\/www.europesays.com\/fr\/wp-json\/wp\/v2\/categories?post=587006"},{"taxonomy":"post_tag","embeddable":true,"href":"https:\/\/www.europesays.com\/fr\/wp-json\/wp\/v2\/tags?post=587006"}],"curies":[{"name":"wp","href":"https:\/\/api.w.org\/{rel}","templated":true}]}}