{"id":587008,"date":"2025-12-08T19:51:16","date_gmt":"2025-12-08T19:51:16","guid":{"rendered":"https:\/\/www.europesays.com\/fr\/587008\/"},"modified":"2025-12-08T19:51:16","modified_gmt":"2025-12-08T19:51:16","slug":"envie-dune-pause-gourmande-avec-votre-toutou-victoire-ouvre-un-salon-de-the-canin-a-lille","status":"publish","type":"post","link":"https:\/\/www.europesays.com\/fr\/587008\/","title":{"rendered":"Envie d\u2019une pause gourmande avec votre toutou ? Victoire ouvre un salon de th\u00e9 canin \u00e0 Lille\u00a0!"},"content":{"rendered":"<p>                    Par<br \/>\n        <strong><br \/>\n            <a href=\"https:\/\/actu.fr\/auteur\/amandine-vachez\" title=\"Consulter tous les articles de Amandine Vachez\" target=\"_blank\" rel=\"noopener\">Amandine Vachez<\/a><br \/>\n                    <\/strong><\/p>\n<p>        Publi\u00e9 le<\/p>\n<p>            8 d\u00e9c. 2025 \u00e0 18h22        <\/p>\n<p><b>Victoire Pecharman<\/b>, du haut de ses<b> 24\u00a0ans<\/b>, lance un concept in\u00e9dit dans le quartier <b>Euratechnologies<\/b>, \u00e0 <a href=\"https:\/\/actu.fr\/lille\/\" target=\"_blank\" rel=\"noopener\">Lille<\/a> (Nord), <b>fin 2025\u2009<\/b>: un<b> salon de th\u00e9 canin.<\/b> Elle a imagin\u00e9 un lieu sur-mesure pour que les clients, bip\u00e8des et \u00e0 quatre pattes, puissent profiter d\u2019une<b> pause gourmande<\/b>, dans un endroit cosy. Chez <b>Patati<\/b>, il y a \u00e0 boire et \u00e0 manger, mais aussi des <b>services particuliers<\/b> pour <b>chouchouter <\/b>les <a href=\"https:\/\/actu.fr\/tag\/chien\" target=\"_blank\" rel=\"noopener\">chiens<\/a>.<\/p>\n<p>Un an plus tard, le caf\u00e9 ouvre ses portes<\/p>\n<p class=\" wall-content\">Il y a un peu plus d\u2019un an, rien ne laissait penser que Victoire se lancerait dans ce type de projet. Elle a \u00e9tudi\u00e9 dans une<b> \u00e9cole de commerce<\/b>, puis est partie dans la fili\u00e8re<b> ressources humaines<\/b>, qui lui correspondait plus. Ce qui l\u2019anime\u2009: \u00ab\u2009Le contact avec les gens\u2009\u00bb. Une fois son apprentissage termin\u00e9 dans une bo\u00eete d\u2019int\u00e9rim, on lui a propos\u00e9 un CDI. Mais la fille d\u2019entrepreneur ne se projetait pas dans cette carri\u00e8re. Elle a alors<b> imagin\u00e9 un endroit, qu\u2019elle ouvrirait \u00e0 son compte<\/b>\u2009: un salon de th\u00e9 canin. \u00ab\u2009Ma m\u00e8re est passionn\u00e9e par les chiens. Elle m\u2019a transmis \u00e7a\u2009\u00bb, sourit Victoire, qui porte le projet depuis un an.<\/p>\n<p>Initialement \u00e0 La Maillerie<\/p>\n<p class=\" wall-content\">En d\u00e9cembre\u00a02024, les d\u00e9marches ont \u00e9t\u00e9 lanc\u00e9es\u2009: Victoire a suivi des formations, fait un stage et a fignol\u00e9 son projet, qui devait \u00e0 la base voir le jour \u00e0 La Maillerie, <a href=\"https:\/\/actu.fr\/hauts-de-france\/croix_59163\/rues-batiments-comment-le-quartier-de-la-maillerie-rend-hommage-au-site-des-3-suisses_42324799.html\" target=\"_blank\" rel=\"noopener\">quartier cr\u00e9\u00e9 sur l\u2019ancien site logistique des 3 Suisses<\/a>, \u00e0 Villeneuve-d\u2019Ascq. Finalement, cela ne se fait pas, et elle trouve un local \u00e0 Euratechnologies. Ce dernier a tout ce qu\u2019il faut, et il est notamment entour\u00e9 d\u2019un\u2026 parking, ce qui permet de ne pas d\u00e9ranger avec les nuisances \u00e9ventuelles dues \u00e0 la pr\u00e9sence des chiens.<\/p>\n<blockquote class=\"ac-article-quote wall-content\">\n<p>Nous n\u2019avons pas de voisins directs. C\u2019est un atout. Cet endroit est pour eux. Ils auront le droit de s\u2019exprimer, sans qu\u2019il y ait une g\u00eane des clients.<\/p>\n<p>Victoire, g\u00e9rante de Patati.<\/p><\/blockquote>\n<p>Des \u00ab\u2009choses simples\u2009\u00bb pour un bon moment<\/p>\n<p class=\" wall-content\">Comptoir \u00ab\u2009fait maison\u2009\u00bb, d\u00e9co cosy\u2026 Victoire a pris soin d\u2019am\u00e9nager un<b> lieu chaleureux, o\u00f9 ma\u00eetres et toutous ont leur place.<\/b> Le salon de th\u00e9 proposera des<b> boissons et une offre sucr\u00e9e et sal\u00e9e<\/b>, tout en simplicit\u00e9, au rythme des saisons. Il y en aura pour les ma\u00eetres\u2009: pumkin latte, infusions originales, cookies, gaufres, madeleines et leurs d\u00e9clinaisons sal\u00e9es (gaufres au chorizo, cookies aux lardons\u2026). Victoire jouera sur la saisonnalit\u00e9.<\/p>\n<p class=\" wall-content\">Il y en aura aussi pour les compagnons \u00e0 quatre pattes, avec une belle offre de croquettes\u2009! \u00ab\u2009Je voulais installer des<b> distributeurs de friandises pour chiens<\/b>, avec des go\u00fbts originaux. Il y aura bient\u00f4t des glaces, un genre de moelleux, des cupcakes\u2026\u2009\u00bb La g\u00e9rante prend soin de s\u00e9lectionner ses fournisseurs, locaux ou engag\u00e9s.<\/p>\n<p class=\" wall-content\"><a href=\"https:\/\/www.instagram.com\/p\/DRkamtxDTEP\/embed\" title=\"Ouvrir le lien sur Instagram\" target=\"_blank\" rel=\"noopener\">Visualiser le contenu sur Instagram<\/a><\/p>\n<p>Votre r\u00e9gion, votre actu !<\/p>\n<p>Recevez chaque jour les infos qui comptent pour vous.<\/p>\n<p>\t<a href=\"https:\/\/actu.fr\/newsletter\" class=\"ac-btn ac-btn--corner ac-btn--medium ac-btn--blue800\" target=\"_blank\" rel=\"noopener\">S&rsquo;incrire<\/a><br \/>\nDouche et studio photo<\/p>\n<p class=\" wall-content\">En plus de l\u2019offre gourmande, le salon de th\u00e9, qui compte une trentaine de places, propose des services. Il y a un<b> studio photo, avec une d\u00e9coration de saison.<\/b> En ce moment un fond aux couleurs de No\u00ebl, avec des accessoires pour habiller vos animaux du plus bel apparat. \u00ab\u2009Il suffit de r\u00e9server un cr\u00e9neau. Une photo, imprim\u00e9e sur place, est comprise dans l\u2019offre\u2009\u00bb, pr\u00e9sente Victoire. Un temps est pr\u00e9vu entre chaque s\u00e9ance pour la d\u00e9sinfection des lieux et objets.<\/p>\n<p class=\" wall-content\">Dans une arri\u00e8re-salle, on trouve<b> une \u00ab\u2009dog wash\u2009\u00bb, douche adapt\u00e9e aux petits et grands chiens<\/b>, avec un acc\u00e8s pour qu\u2019ils puissent y monter seuls. Important\u2009: l\u2019installation est \u00e0 taille humaine, pour \u00e9viter de se baisser. Des produits d\u2019hygi\u00e8ne sont \u00e0 disposition, mais il est possible de venir avec les siens. Il y a un s\u00e9choir professionnel, pour un rendu digne de chez le toiletteur\u2009!<\/p>\n<p class=\" wall-content\">Dans la salle principale, en plus d\u2019un<b> espace boutique<\/b> o\u00f9 on peut trouver des harnais, des colliers et autres accessoires pour les toutous, il y a un <b>coffre \u00e0 jouets. <\/b>Victoire a pour projet de proposer un<b> service de garde<\/b>, dans un autre temps. Elle ne br\u00fble pas les \u00e9tapes. \u00ab\u2009Pour l\u2019instant, je suis seule. Je vais \u00eatre derri\u00e8re le comptoir et voir recueillir les premi\u00e8res impressions.\u2009\u00bb<\/p>\n<p class=\" wall-content\">Elle esp\u00e8re accueillir tr\u00e8s vite des \u00e9v\u00e9nements (ateliers, rencontres\u2026) autour de la th\u00e9matique canine, contre un simple engagement \u00e0 consommer sur place. L\u2019id\u00e9e est que \u00ab\u2009Patati\u2009\u00bb devienne ce lieu de quartier o\u00f9 on se rencontre, o\u00f9 on discute et o\u00f9 on \u00e9change avec au centre cet int\u00e9r\u00eat commun pour ces compagnons du quotidien, \u00e0 qui on donne beaucoup, et qui le rendent bien.<\/p>\n<p>Patati, ouvert courant d\u00e9cembre\u00a02025 du lundi au mercredi de 10\u2009h \u00e0 18\u2009h et du vendredi au dimanche de 10\u2009h \u00e0 19\u2009h au 23, rue des Templiers \u00e0 Lille (face \u00e0 l\u2019accueil principal d\u2019Euratechnologies, acc\u00e8s depuis la cour centrale). Suivez l\u2019actualit\u00e9 du lieu (et la date exacte d\u2019ouverture officielle) via le <a href=\"https:\/\/www.instagram.com\/le.patati\/\" target=\"_blank\" rel=\"noopener\">compte Instagram de la Patateam<\/a>. <a href=\"https:\/\/www.lepatati.com\/fr\/salon-de-the-canin\" target=\"_blank\" rel=\"noopener\">Site internet<\/a>.<\/p>\n<p class=\" wall-content\">Personnalisez votre actualit\u00e9 en ajoutant vos villes et m\u00e9dias en favori avec <a href=\"https:\/\/moncompte.actu.fr\" title=\"D\u00e9couvez Mon Actu\" rel=\"nofollow noopener\" data-trk=\"{&quot;cta&quot;:{&quot;action&quot;:&quot;https:\\\/\\\/moncompte.actu.fr&quot;,&quot;category&quot;:&quot;mon compte&quot;,&quot;from&quot;:&quot;article footer&quot;,&quot;name&quot;:&quot;Mon actu&quot;,&quot;type&quot;:&quot;cta&quot;}}\" target=\"_blank\">Mon Actu<\/a>.<\/p>\n<p>                    <script async src=\"\/\/www.instagram.com\/embed.js\"><\/script><\/p>\n","protected":false},"excerpt":{"rendered":"Par Amandine Vachez Publi\u00e9 le 8 d\u00e9c. 2025 \u00e0 18h22 Victoire Pecharman, du haut de ses 24\u00a0ans, lance&hellip;\n","protected":false},"author":2,"featured_media":587009,"comment_status":"","ping_status":"","sticky":false,"template":"","format":"standard","meta":{"footnotes":""},"categories":[2815],"tags":[1111,11,1867,4850,1777,674,1011,27,811,1307,12,3147,25,104],"class_list":{"0":"post-587008","1":"post","2":"type-post","3":"status-publish","4":"format-standard","5":"has-post-thumbnail","7":"category-lille","8":"tag-actu","9":"tag-actualites","10":"tag-animaux","11":"tag-chien","12":"tag-eu","13":"tag-europe","14":"tag-fr","15":"tag-france","16":"tag-hauts-de-france","17":"tag-lille","18":"tag-news","19":"tag-nouveaux-commerces","20":"tag-republique-francaise","21":"tag-societe"},"share_on_mastodon":{"url":"https:\/\/pubeurope.com\/@fr\/115685692889080595","error":""},"_links":{"self":[{"href":"https:\/\/www.europesays.com\/fr\/wp-json\/wp\/v2\/posts\/587008","targetHints":{"allow":["GET"]}}],"collection":[{"href":"https:\/\/www.europesays.com\/fr\/wp-json\/wp\/v2\/posts"}],"about":[{"href":"https:\/\/www.europesays.com\/fr\/wp-json\/wp\/v2\/types\/post"}],"author":[{"embeddable":true,"href":"https:\/\/www.europesays.com\/fr\/wp-json\/wp\/v2\/users\/2"}],"replies":[{"embeddable":true,"href":"https:\/\/www.europesays.com\/fr\/wp-json\/wp\/v2\/comments?post=587008"}],"version-history":[{"count":0,"href":"https:\/\/www.europesays.com\/fr\/wp-json\/wp\/v2\/posts\/587008\/revisions"}],"wp:featuredmedia":[{"embeddable":true,"href":"https:\/\/www.europesays.com\/fr\/wp-json\/wp\/v2\/media\/587009"}],"wp:attachment":[{"href":"https:\/\/www.europesays.com\/fr\/wp-json\/wp\/v2\/media?parent=587008"}],"wp:term":[{"taxonomy":"category","embeddable":true,"href":"https:\/\/www.europesays.com\/fr\/wp-json\/wp\/v2\/categories?post=587008"},{"taxonomy":"post_tag","embeddable":true,"href":"https:\/\/www.europesays.com\/fr\/wp-json\/wp\/v2\/tags?post=587008"}],"curies":[{"name":"wp","href":"https:\/\/api.w.org\/{rel}","templated":true}]}}