{"id":587020,"date":"2025-12-08T19:58:25","date_gmt":"2025-12-08T19:58:25","guid":{"rendered":"https:\/\/www.europesays.com\/fr\/587020\/"},"modified":"2025-12-08T19:58:25","modified_gmt":"2025-12-08T19:58:25","slug":"les-habitants-du-departement-sont-les-plus-vertueux-dile-de-france","status":"publish","type":"post","link":"https:\/\/www.europesays.com\/fr\/587020\/","title":{"rendered":"les habitants du d\u00e9partement sont les plus vertueux d&rsquo;\u00cele-de-France"},"content":{"rendered":"<p>                    Par<br \/>\n        <strong><br \/>\n            <a href=\"https:\/\/actu.fr\/auteur\/paul-varenguin02-actu-fr\" title=\"Consulter tous les articles de Paul Varenguin\" target=\"_blank\" rel=\"noopener\">Paul Varenguin<\/a><br \/>\n                    <\/strong><\/p>\n<p>        Publi\u00e9 le<\/p>\n<p>            8 d\u00e9c. 2025 \u00e0 17h39        <\/p>\n<p>\u00ab Le carton, c\u2019est dans <a href=\"https:\/\/actu.fr\/tag\/recyclage\" target=\"_blank\" rel=\"noopener\">la poubelle jaune<\/a> \u00bb. Le <b>tri est d\u00e9sormais entr\u00e9 dans les m\u0153urs<\/b>, mais certains ont encore le doute, ou n\u2019ont simplement pas le r\u00e9flexe. M\u00eame s\u2019il y a du mieux, du travail reste \u00e0 faire pour que <a href=\"https:\/\/actu.fr\/tag\/dechets\" target=\"_blank\" rel=\"noopener\">le tri<\/a> soit bien r\u00e9alis\u00e9. C\u2019est d\u2019ailleurs tout le travail men\u00e9 par <a href=\"https:\/\/actu.fr\/societe\/on-ne-sait-pas-l-expliquer-si-le-tri-des-emballages-progresse-en-essonne-celui-du-verre-regresse_63451044.html\" target=\"_blank\" rel=\"noopener\">Citeo<\/a>, qui a publi\u00e9 <b>ses statistiques 2024 <\/b>quant au soin apport\u00e9 au tri en <a href=\"https:\/\/actu.fr\/ile-de-france\/seine-et-marne_77\" target=\"_blank\" rel=\"noopener\">Seine-et-Marne<\/a>. Focus sur ces donn\u00e9es.<\/p>\n<p>\u00c9volution du tri<\/p>\n<p class=\" wall-content\">Quasiment le poids du <b>Fran\u00e7ais moyen<\/b>. En 2024, chaque Fran\u00e7ais a, en moyenne, tri\u00e9 <b>72 kilogrammes d\u2019emballages m\u00e9nagers<\/b> et de <b>papier<\/b> <b>graphique<\/b>. Mais \u00e7a, ce sont les <b>chiffres \u00e0 l\u2019\u00e9chelle nationale<\/b>. \u00c0 l\u2019\u00e9chelle locale, la r\u00e9alit\u00e9 est tout autre, et les Franciliens n\u2019ont tri\u00e9 \u00ab que \u00bb <b>47,5 kilogrammes de ces d\u00e9chets sur la m\u00eame p\u00e9riode<\/b>.<\/p>\n<p class=\" wall-content\">Pourquoi cette disparit\u00e9 entre les territoires ? \u00ab L\u2019<a href=\"https:\/\/actu.fr\/ile-de-france\/\" target=\"_blank\" rel=\"noopener\">\u00cele-de-France<\/a> est toujours derri\u00e8re, on ne sait pas vraiment pourquoi \u00bb, avoue <b>Laurent Dalibon<\/b>, directeur r\u00e9gional de Citeo \u00cele-de-France. Ce qui est certain, c\u2019est qu\u2019en Seine-et-Marne,<b> on atteint un volume de 51,9 kilogrammes d\u2019emballages m\u00e9nagers<\/b> et de papiers tri\u00e9s par habitant en 2024, <b>un chiffre en \u00e9volution de 2 % par rapport \u00e0 2023<\/b>, ce qui en fait \u00ab un d\u00e9partement pas si mauvais \u00e9l\u00e8ve \u00bb.<\/p>\n<p>    <img   decoding=\"async\" loading=\"lazy\" class=\"size-large\" src=\"https:\/\/www.europesays.com\/fr\/wp-content\/uploads\/2025\/12\/b3c0792f0039628c0792f00391fc07v-683x640.jpeg\" alt=\"Laurent Dalibon est directeur r\u00e9gional de Citeo en \u00cele-de-France.\" width=\"683\" height=\"640\"\/><br \/>\n    Laurent Dalibon est directeur r\u00e9gional de Citeo en \u00cele-de-France. \u00a9Citeo<\/p>\n<p class=\" wall-content\">\u00ab Il y a une grosse diff\u00e9rence <b>entre la petite et la grande couronne<\/b>. Dans cette derni\u00e8re, <b>l\u2019habitat est plus vertical<\/b>, rurbain, et la question du tri est plus facile \u00e0 s\u2019approprier que dans<b> l\u2019habitat collectif<\/b> \u00bb, justifie-t-il.<\/p>\n<p class=\" wall-content\">Dans le d\u00e9tail, une <b>baisse notable<\/b> est \u00e0 noter : celle du <b>volume de papier tri\u00e9<\/b>, qui s\u2019\u00e9l\u00e8ve \u00e0 <b>7,7 kilogrammes par habitant<\/b>, et en recul de 15,7 % sur un an. \u00ab Cela s\u2019explique par <b>l\u2019effondrement du gisement de papier<\/b>, et la d\u00e9saffection des habitants pour ce mat\u00e9riau \u00bb, souligne-t-il. Le verre, lui, est <b>l\u00e9g\u00e8rement mieux tri\u00e9 qu\u2019avant<\/b>, avec une hausse de 1,1 % en un an, pour atteindre 21,3 kilogrammes par habitant et par an. Du mieux,<b> mais on en retrouve encore beaucoup dans les ordures m\u00e9nag\u00e8res<\/b>. Belle performance aussi pour les emballages l\u00e9gers (22,9\u00a0kg par habitant et par an), en progression de 10,8 %.<\/p>\n<p>Votre r\u00e9gion, votre actu !<\/p>\n<p>Recevez chaque jour les infos qui comptent pour vous.<\/p>\n<p>\t<a href=\"https:\/\/actu.fr\/newsletter\" class=\"ac-btn ac-btn--corner ac-btn--medium ac-btn--blue800\" target=\"_blank\" rel=\"noopener\">S&rsquo;incrire<\/a><br \/>\nDes perspectives<\/p>\n<p class=\" wall-content\">Vous l\u2019aurez vu,<b> il y a des \u00e9volutions<\/b>, mais ce n\u2019est pas encore assez, <b>notamment en regard avec les objectifs de la France en la mati\u00e8re<\/b>, alors que le taux de recyclage moyen de l\u2019ensemble des <b>emballages m\u00e9nagers atteint 69 % \u00e0 l\u2019\u00e9chelle nationale<\/b>. Citeo ne d\u00e9sarme pas, et met en avant <b>plusieurs dispositifs<\/b>, qui devraient (ou font d\u00e9j\u00e0) leurs preuves pour inciter \u00e0 mieux trier.<\/p>\n<p class=\" wall-content\">Il \u00e9voque ainsi la <a href=\"https:\/\/actu.fr\/ile-de-france\/dammartin-en-goele_77153\/seine-et-marne-le-prix-de-cette-taxe-denlevement-des-dechets-evolue-elus-et-habitants-mecontents_62396479.html\" target=\"_blank\" rel=\"noopener\">tarification incitative<\/a>, syst\u00e8me de \u00ab <b>compteur \u00e0 d\u00e9chets <\/b>\u00bb, qui se d\u00e9veloppe un peu partout en France, et<b> est d\u00e9j\u00e0 en place dans le nord du d\u00e9partement<\/b>, autour de <a href=\"https:\/\/actu.fr\/ile-de-france\/dammartin-en-goele_77153\" target=\"_blank\" rel=\"noopener\">Dammartin-en-Go\u00eble<\/a>, et devrait \u00eatre exp\u00e9riment\u00e9e <a href=\"https:\/\/actu.fr\/ile-de-france\/meaux_77284\" target=\"_blank\" rel=\"noopener\">dans les environs de Meaux<\/a> <a href=\"https:\/\/actu.fr\/ile-de-france\/meaux_77284\/moins-vous-triez-plus-ce-sera-cher-le-pays-de-meaux-va-tester-un-autre-mode-de-calcul-pour-les-dechets_61752502.html\" target=\"_blank\" rel=\"noopener\">d\u2019ici 2027<\/a>, ou autour de <a href=\"https:\/\/actu.fr\/ile-de-france\/la-ferte-sous-jouarre_77183\" target=\"_blank\" rel=\"noopener\">La Fert\u00e9-sous-Jouarre<\/a>.<\/p>\n<p class=\" wall-content\">\u00ab Il <b>s\u2019agit de l\u2019effet de levier le plus important qui soit<\/b>. Partout o\u00f9 vous la mettez en place, on observe une augmentation de 30 % des performances de tri, et donc une diminution dans les m\u00eames proportions des ordures m\u00e9nag\u00e8res. La difficult\u00e9 est l\u2019important besoin de p\u00e9dagogie \u00e0 faire pour sa mise en place \u00bb, observe-t-il.<\/p>\n<p class=\" wall-content\">On note aussi le d\u00e9veloppement, notamment par le Covaltri, dans la r\u00e9gion de <a href=\"https:\/\/actu.fr\/ile-de-france\/coulommiers_77131\" target=\"_blank\" rel=\"noopener\">Coulommiers<\/a>, et le Sietrem de <a href=\"https:\/\/actu.fr\/ile-de-france\/lagny-sur-marne_77243\" target=\"_blank\" rel=\"noopener\">Lagny-sur-Marne<\/a>, de <b>collectes d\u00e9di\u00e9es aux gros cartons<\/b>, sur le mod\u00e8le d\u2019une borne d\u2019apport volontaire. Un<b> d\u00e9tour presque obligatoire, le carton \u00e9tant un \u00ab gisement qui explose \u00bb<\/b> avec le d\u00e9veloppement fulgurant du <a href=\"https:\/\/actu.fr\/tag\/commerce\" target=\"_blank\" rel=\"noopener\">commerce en ligne<\/a>, ce qui en fait un \u00ab <b>perturbateur du bac jaune car il prend beaucoup de place<\/b> \u00bb. Et le dispositif\u00a0semble fonctionner, m\u00eame s\u2019il y a encore peu de recul. \u00ab Je pense que cela fait partie des <b>voies<\/b> <b>d\u2019avenir <\/b>\u00bb, assure-t-il.<\/p>\n<p>    <img   decoding=\"async\" loading=\"lazy\" class=\"size-large\" src=\"https:\/\/www.europesays.com\/fr\/wp-content\/uploads\/2025\/12\/84a54f66ee296c5f54f66ee2936064v-960x640.jpg\" alt=\"Les Seine-et-Marnais et le tri des d\u00e9chets\" width=\"960\" height=\"640\"\/><br \/>\n    Les Seine-et-Marnais et le tri des d\u00e9chets \u00a9Infographie : Y.V. Source : Citeo<\/p>\n<p class=\" wall-content\">On note aussi le travail sur le<b> tri en habitat collectif,<\/b> men\u00e9 notamment dans le nord du d\u00e9partement. \u00ab Le Pays de Meaux, <b>dans une approche tr\u00e8s syst\u00e9mique<\/b>, reprend toute la question de l\u2019habitat collectif : il y a des <b>diagnostics<\/b>, on rep\u00e8re qui sont les <b>parties<\/b> <b>prenantes<\/b>, ceux qui peuvent contribuer \u00e0 faire passer le message du tri en v\u00e9rifiant qu\u2019il y a la bonne dotation et la bonne communication. Les bennes sont \u00e9quip\u00e9es d\u2019un syst\u00e8me d\u2019<a href=\"https:\/\/actu.fr\/tag\/intelligence-artificielle\" target=\"_blank\" rel=\"noopener\">IA<\/a> qui <b>reconna\u00eet les erreurs de tri lorsque le bac est bascul\u00e9 dans le camion<\/b>, ce qui guide la communication des ambassadeurs de tri \u00bb, d\u00e9veloppe-t-il.<\/p>\n<p class=\" wall-content\">Et pour davantage de performances, les <b>outils industriels continuent \u00e0 \u00eatre d\u00e9velopp\u00e9s et am\u00e9lior\u00e9s<\/b>. D\u00e9veloppement de la consigne pour recyclage, ou d\u00e9veloppement du r\u00e9emploi sont d\u2019autres pistes, mais il faudra encore travailler, au niveau national, <b>sur le plastique et l\u2019aluminium<\/b>, \u00ab sur lesquels nous ne sommes pas encore au rendez-vous \u00bb. \u00ab Le taux de recyclage de l\u2019aluminium est de l\u2019ordre de 40 %, et le plastique, tous confondus, de 26 % : <b>on est loin des objectifs, donc on veut mettre l\u2019effort dessus<\/b> \u00bb, termine-t-il.<\/p>\n<p class=\" wall-content\">Personnalisez votre actualit\u00e9 en ajoutant vos villes et m\u00e9dias en favori avec <a href=\"https:\/\/moncompte.actu.fr\" title=\"D\u00e9couvez Mon Actu\" rel=\"nofollow noopener\" data-trk=\"{&quot;cta&quot;:{&quot;action&quot;:&quot;https:\\\/\\\/moncompte.actu.fr&quot;,&quot;category&quot;:&quot;mon compte&quot;,&quot;from&quot;:&quot;article footer&quot;,&quot;name&quot;:&quot;Mon actu&quot;,&quot;type&quot;:&quot;cta&quot;}}\" target=\"_blank\">Mon Actu<\/a>.<\/p>\n","protected":false},"excerpt":{"rendered":"Par Paul Varenguin Publi\u00e9 le 8 d\u00e9c. 2025 \u00e0 17h39 \u00ab Le carton, c\u2019est dans la poubelle jaune&hellip;\n","protected":false},"author":2,"featured_media":587021,"comment_status":"","ping_status":"","sticky":false,"template":"","format":"standard","meta":{"footnotes":""},"categories":[1592],"tags":[1111,11,3008,1777,674,1011,27,662,12,626,3887,25,104],"class_list":{"0":"post-587020","1":"post","2":"type-post","3":"status-publish","4":"format-standard","5":"has-post-thumbnail","7":"category-ile-de-france","8":"tag-actu","9":"tag-actualites","10":"tag-dechets","11":"tag-eu","12":"tag-europe","13":"tag-fr","14":"tag-france","15":"tag-ile-de-france","16":"tag-news","17":"tag-paris","18":"tag-recyclage","19":"tag-republique-francaise","20":"tag-societe"},"share_on_mastodon":{"url":"https:\/\/pubeurope.com\/@fr\/115685722078430896","error":""},"_links":{"self":[{"href":"https:\/\/www.europesays.com\/fr\/wp-json\/wp\/v2\/posts\/587020","targetHints":{"allow":["GET"]}}],"collection":[{"href":"https:\/\/www.europesays.com\/fr\/wp-json\/wp\/v2\/posts"}],"about":[{"href":"https:\/\/www.europesays.com\/fr\/wp-json\/wp\/v2\/types\/post"}],"author":[{"embeddable":true,"href":"https:\/\/www.europesays.com\/fr\/wp-json\/wp\/v2\/users\/2"}],"replies":[{"embeddable":true,"href":"https:\/\/www.europesays.com\/fr\/wp-json\/wp\/v2\/comments?post=587020"}],"version-history":[{"count":0,"href":"https:\/\/www.europesays.com\/fr\/wp-json\/wp\/v2\/posts\/587020\/revisions"}],"wp:featuredmedia":[{"embeddable":true,"href":"https:\/\/www.europesays.com\/fr\/wp-json\/wp\/v2\/media\/587021"}],"wp:attachment":[{"href":"https:\/\/www.europesays.com\/fr\/wp-json\/wp\/v2\/media?parent=587020"}],"wp:term":[{"taxonomy":"category","embeddable":true,"href":"https:\/\/www.europesays.com\/fr\/wp-json\/wp\/v2\/categories?post=587020"},{"taxonomy":"post_tag","embeddable":true,"href":"https:\/\/www.europesays.com\/fr\/wp-json\/wp\/v2\/tags?post=587020"}],"curies":[{"name":"wp","href":"https:\/\/api.w.org\/{rel}","templated":true}]}}