{"id":587024,"date":"2025-12-08T20:00:23","date_gmt":"2025-12-08T20:00:23","guid":{"rendered":"https:\/\/www.europesays.com\/fr\/587024\/"},"modified":"2025-12-08T20:00:23","modified_gmt":"2025-12-08T20:00:23","slug":"notre-dame-de-paris-voici-a-quoi-ressembleront-les-prochains-vitraux-qui-ont-tant-fait-debat","status":"publish","type":"post","link":"https:\/\/www.europesays.com\/fr\/587024\/","title":{"rendered":"Notre-Dame de Paris : voici \u00e0 quoi ressembleront les prochains vitraux, qui ont tant fait d\u00e9bat"},"content":{"rendered":"<p class=\"mb-4 text-lg md:leading-8 break-words\">Nouvelle \u00e9tape dans la poursuite de la restauration de Notre-Dame. \u00c0 partir de ce mercredi 10 d\u00e9cembre au Grand Palais \u00e0 Paris, <a data-i13n=\"cpos:1;pos:1\" href=\"https:\/\/fr.news.yahoo.com\/dame-paris-claire-tabouret-choisie-140735201.html\" data-ylk=\"slk:la plasticienne Claire Tabouret;cpos:1;pos:1;elm:context_link;itc:0;sec:content-canvas;outcm:mb_qualified_link;_E:mb_qualified_link;ct:story;\" class=\"link  yahoo-link\" target=\"_blank\" rel=\"noopener\">la plasticienne Claire Tabouret<\/a> expose <a data-i13n=\"cpos:2;pos:1\" href=\"https:\/\/fr.news.yahoo.com\/dame-vitraux-contemporains-finalement-valid%C3%A9s-135642656.html\" data-ylk=\"slk:les vitraux contemporains;cpos:2;pos:1;elm:context_link;itc:0;sec:content-canvas;outcm:mb_qualified_link;_E:mb_qualified_link;ct:story;\" class=\"link  yahoo-link\" target=\"_blank\" rel=\"noopener\">les vitraux contemporains<\/a> qui seront install\u00e9s dans la cath\u00e9drale fin 2026.<\/p>\n<p class=\"mb-4 text-lg md:leading-8 break-words\">Ceux-ci doivent remplacer six des sept baies du bas-c\u00f4t\u00e9 sud de l\u2019architecte Eug\u00e8ne Viollet-le-Duc. Le travail de Claire Tabouret, qui avait remport\u00e9 la consultation lanc\u00e9e par le minist\u00e8re de la Culture, sera expos\u00e9 jusqu\u2019au 10 mars 2026 dans la galerie 10.2 de l\u2019\u00e9tablissement culturel qui jouxte l\u2019avenue des Champs-\u00c9lys\u00e9es.<\/p>\n<p class=\"mb-4 text-lg md:leading-8 break-words\"><a data-i13n=\"cpos:3;pos:1\" href=\"https:\/\/fr.news.yahoo.com\/dame-paris-exceptionnellement-accueilli-mariage-153010280.html\" data-ylk=\"slk:Notre-Dame de Paris a exceptionnellement accueilli le mariage d\u2019un jeune couple, voici pourquoi;cpos:3;pos:1;elm:context_link;itc:0;sec:content-canvas;outcm:mb_qualified_link;_E:mb_qualified_link;ct:story;\" class=\"link  yahoo-link\" target=\"_blank\" rel=\"noopener\">Notre-Dame de Paris a exceptionnellement accueilli le mariage d\u2019un jeune couple, voici pourquoi <\/a><\/p>\n<p class=\"mb-4 text-lg md:leading-8 break-words\">N\u00e9e en 1981, Claire Tabouret l\u2019avait emport\u00e9 en d\u00e9cembre 2024 devant des pointures telles que Daniel Buren, Jean-Michel Alberola, Yan Pei-Ming ou G\u00e9rard Traquandi, <a data-i13n=\"cpos:4;pos:1\" href=\"https:\/\/www.nouvelobs.com\/culture\/20251208.OBS110478\/les-vitraux-controverses-de-notre-dame-de-paris-se-devoilent-en-majeste-au-grand-palais.html\" rel=\"nofollow noopener\" target=\"_blank\" data-ylk=\"slk:rappelle Le Nouvel Obs;cpos:4;pos:1;elm:context_link;itc:0;sec:content-canvas\" class=\"link \">rappelle Le Nouvel Obs<\/a>.<\/p>\n<p class=\"mb-4 text-lg md:leading-8 break-words\">Sur place, vous ne verrez pas les vrais vitraux &#8211; qui sont en cours de fabrication dans un atelier \u00e0 Reims &#8211; mais plut\u00f4t les \u00ab cartons \u00bb, ou les esquisses pr\u00e9sent\u00e9es au jury, ainsi que des travaux pr\u00e9paratoires.<\/p>\n<p><img alt=\"Exhibition D\u2019un seul souffle (In One Breath) by Claire Tabouret at Galerie 10.2 of the Grand Palais in Paris, France, on December 8, 2025.\" loading=\"lazy\" width=\"960\" height=\"540\" decoding=\"async\" data-nimg=\"1\" class=\"rounded-lg\" style=\"color:transparent\" src=\"https:\/\/www.europesays.com\/fr\/wp-content\/uploads\/2025\/12\/cd43db753f1b8503af760ecede5b5b3a.jpeg\"\/><\/p>\n<p>RICCARDO MILANI \/ Hans Lucas via AFP Exhibition D\u2019un seul souffle (In One Breath) by Claire Tabouret at Galerie 10.2 of the Grand Palais in Paris, France, on December 8, 2025.<\/p>\n<p><img alt=\"Exhibition D\u2019un seul souffle (In One Breath) by Claire Tabouret at Galerie 10.2 of the Grand Palais in Paris, France, on December 8, 2025.\" loading=\"lazy\" width=\"960\" height=\"540\" decoding=\"async\" data-nimg=\"1\" class=\"rounded-lg\" style=\"color:transparent\" src=\"https:\/\/www.europesays.com\/fr\/wp-content\/uploads\/2025\/12\/c7fb28e63f8d8db2debf8155819507ea.jpeg\"\/><\/p>\n<p>RICCARDO MILANI \/ Hans Lucas via AFP Exhibition D\u2019un seul souffle (In One Breath) by Claire Tabouret at Galerie 10.2 of the Grand Palais in Paris, France, on December 8, 2025.<\/p>\n<p>Le th\u00e8me de \u00ab la Pentec\u00f4te \u00bb<\/p>\n<p class=\"mb-4 text-lg md:leading-8 break-words\">\u00ab J\u2019ai \u00e9t\u00e9 emport\u00e9e par la beaut\u00e9, la po\u00e9sie de [le] th\u00e8me choisi par l\u2019archev\u00eaque de Paris. Cette id\u00e9e d\u2019harmonie, d\u2019hommes qui parviennent \u00e0 s\u2019unir, \u00e0 se comprendre malgr\u00e9 la diversit\u00e9, j\u2019ai eu envie d\u2019y participer \u00bb, <a data-i13n=\"cpos:5;pos:1\" href=\"https:\/\/www.leparisien.fr\/paris-75\/petition-recours-apres-deux-annees-de-controverse-voici-les-futurs-vitraux-de-notre-dame-de-paris-08-12-2025-WPCZ733P3ZANPLC6MDAU3ES5VM.php\" rel=\"nofollow noopener\" target=\"_blank\" data-ylk=\"slk:confie la plasticienne au Parisien ce lundi 8 d\u00e9cembre;cpos:5;pos:1;elm:context_link;itc:0;sec:content-canvas\" class=\"link \">confie la plasticienne au Parisien ce lundi 8 d\u00e9cembre<\/a>, \u00e0 propos de ce projet \u00e0 4 millions d\u2019euros financ\u00e9 par l\u2019\u00c9tat et dont le th\u00e8me impos\u00e9 \u00e9tait \u00ab la Pentec\u00f4te \u00bb.<\/p>\n<p class=\"mb-4 text-lg md:leading-8 break-words\">\u00ab Il fallait un juste \u00e9quilibre des couleurs, de la lumi\u00e8re blanche de Notre-Dame afin d\u2019\u00e9viter, par exemple, l\u2019apparition d\u2019une grande tache rouge au sol, un jour de soleil, si un rayon traverse une baie essentiellement rouge \u00bb, explique encore Claire Tabouret.<\/p>\n<p class=\"mb-4 text-lg md:leading-8 break-words\">Les anciens vitraux qui n\u2019ont pas \u00e9t\u00e9 endommag\u00e9s apr\u00e8s l\u2019incendie de 2019 seront eux pr\u00e9serv\u00e9s. Ils pourraient \u00eatre expos\u00e9s dans un mus\u00e9e.<\/p>\n<p class=\"mb-4 text-lg md:leading-8 break-words\">Un an apr\u00e8s <a data-i13n=\"cpos:6;pos:1\" href=\"https:\/\/fr.news.yahoo.com\/r%C3%A9ouverture-dame-paris-s%C3%A9curit%C3%A9-accueil-211118994.html\" data-ylk=\"slk:sa r\u00e9ouverture;cpos:6;pos:1;elm:context_link;itc:0;sec:content-canvas;outcm:mb_qualified_link;_E:mb_qualified_link;ct:story;\" class=\"link  yahoo-link\" target=\"_blank\" rel=\"noopener\">sa r\u00e9ouverture<\/a>, Notre-Dame de Paris a accueilli <a data-i13n=\"cpos:7;pos:1\" href=\"https:\/\/fr.news.yahoo.com\/cath%C3%A9drale-dame-paris-route-battre-065136407.html\" data-ylk=\"slk:environ 11 millions de visiteurs;cpos:7;pos:1;elm:context_link;itc:0;sec:content-canvas;outcm:mb_qualified_link;_E:mb_qualified_link;ct:story;\" class=\"link  yahoo-link\" target=\"_blank\" rel=\"noopener\">environ 11 millions de visiteurs<\/a>. Mais il manque encore <a data-i13n=\"cpos:8;pos:1\" href=\"https:\/\/www.ledauphine.com\/culture-loisirs\/2025\/12\/04\/la-restauration-complete-de-notre-dame-necessite-encore-140-millions-d-euros-un-appel-aux-dons-lance\" rel=\"nofollow noopener\" target=\"_blank\" data-ylk=\"slk:environ 140 millions d\u2019euros de dons;cpos:8;pos:1;elm:context_link;itc:0;sec:content-canvas\" class=\"link \">environ 140 millions d\u2019euros de dons<\/a> pour terminer la restauration d\u2019un \u00e9difice qui n\u2019\u00e9tait pas en bon \u00e9tat avant l\u2019incendie (la sacristie, les trois grandes roses de la cath\u00e9drale, les fa\u00e7ades nord et sud du transept, le presbyt\u00e8re&#8230;).<\/p>\n<p class=\"mb-4 text-lg md:leading-8 break-words\"><a data-i13n=\"cpos:9;pos:1\" href=\"https:\/\/fr.news.yahoo.com\/13-novembre-%C3%A0-paris-dame-080817302.html\" data-ylk=\"slk:13-Novembre : \u00e0 Paris, Notre-Dame et les \u00e9glises vont aussi rendre hommage aux victimes;cpos:9;pos:1;elm:context_link;itc:0;sec:content-canvas;outcm:mb_qualified_link;_E:mb_qualified_link;ct:story;\" class=\"link  yahoo-link\" target=\"_blank\" rel=\"noopener\">13-Novembre : \u00e0 Paris, Notre-Dame et les \u00e9glises vont aussi rendre hommage aux victimes <\/a><\/p>\n<p class=\"mb-4 text-lg md:leading-8 break-words\"><a data-i13n=\"cpos:10;pos:1\" href=\"https:\/\/fr.news.yahoo.com\/nouvelle-pi%C3%A8ce-2-euros-dame-114010406.html\" data-ylk=\"slk:Une nouvelle pi\u00e8ce de 2 euros, avec Notre-Dame de Paris, arrive dans le porte-monnaie des Fran\u00e7ais;cpos:10;pos:1;elm:context_link;itc:0;sec:content-canvas;outcm:mb_qualified_link;_E:mb_qualified_link;ct:story;\" class=\"link  yahoo-link\" target=\"_blank\" rel=\"noopener\">Une nouvelle pi\u00e8ce de 2 euros, avec Notre-Dame de Paris, arrive dans le porte-monnaie des Fran\u00e7ais <\/a><\/p>\n","protected":false},"excerpt":{"rendered":"Nouvelle \u00e9tape dans la poursuite de la restauration de Notre-Dame. \u00c0 partir de ce mercredi 10 d\u00e9cembre au&hellip;\n","protected":false},"author":2,"featured_media":587025,"comment_status":"","ping_status":"","sticky":false,"template":"","format":"standard","meta":{"footnotes":""},"categories":[1888],"tags":[1111,1928,11,1927,69940,1777,674,1011,27,1398,70002,70003,9231,12,1926,626,1925,25],"class_list":{"0":"post-587024","1":"post","2":"type-post","3":"status-publish","4":"format-standard","5":"has-post-thumbnail","7":"category-paris","8":"tag-actu","9":"tag-actu-paris","10":"tag-actualites","11":"tag-actualites-paris","12":"tag-claire-tabouret","13":"tag-eu","14":"tag-europe","15":"tag-fr","16":"tag-france","17":"tag-grand-palais","18":"tag-jean-michel-alberola","19":"tag-le-nouvel-obs","20":"tag-ministere-de-la-culture","21":"tag-news","22":"tag-news-paris","23":"tag-paris","24":"tag-paris-news","25":"tag-republique-francaise"},"share_on_mastodon":{"url":"https:\/\/pubeurope.com\/@fr\/115685728954176478","error":""},"_links":{"self":[{"href":"https:\/\/www.europesays.com\/fr\/wp-json\/wp\/v2\/posts\/587024","targetHints":{"allow":["GET"]}}],"collection":[{"href":"https:\/\/www.europesays.com\/fr\/wp-json\/wp\/v2\/posts"}],"about":[{"href":"https:\/\/www.europesays.com\/fr\/wp-json\/wp\/v2\/types\/post"}],"author":[{"embeddable":true,"href":"https:\/\/www.europesays.com\/fr\/wp-json\/wp\/v2\/users\/2"}],"replies":[{"embeddable":true,"href":"https:\/\/www.europesays.com\/fr\/wp-json\/wp\/v2\/comments?post=587024"}],"version-history":[{"count":0,"href":"https:\/\/www.europesays.com\/fr\/wp-json\/wp\/v2\/posts\/587024\/revisions"}],"wp:featuredmedia":[{"embeddable":true,"href":"https:\/\/www.europesays.com\/fr\/wp-json\/wp\/v2\/media\/587025"}],"wp:attachment":[{"href":"https:\/\/www.europesays.com\/fr\/wp-json\/wp\/v2\/media?parent=587024"}],"wp:term":[{"taxonomy":"category","embeddable":true,"href":"https:\/\/www.europesays.com\/fr\/wp-json\/wp\/v2\/categories?post=587024"},{"taxonomy":"post_tag","embeddable":true,"href":"https:\/\/www.europesays.com\/fr\/wp-json\/wp\/v2\/tags?post=587024"}],"curies":[{"name":"wp","href":"https:\/\/api.w.org\/{rel}","templated":true}]}}