{"id":587028,"date":"2025-12-08T20:03:13","date_gmt":"2025-12-08T20:03:13","guid":{"rendered":"https:\/\/www.europesays.com\/fr\/587028\/"},"modified":"2025-12-08T20:03:13","modified_gmt":"2025-12-08T20:03:13","slug":"la-gaite-lyrique-rouvrira-totalement-ses-portes-le-13-janvier","status":"publish","type":"post","link":"https:\/\/www.europesays.com\/fr\/587028\/","title":{"rendered":"la Ga\u00eet\u00e9 Lyrique rouvrira totalement ses portes le 13 janvier"},"content":{"rendered":"<p>\n    Situ\u00e9 dans le troisi\u00e8me arrondissement de la capitale, l\u2019\u00e9tablissement culturel avait \u00e9t\u00e9 contraint \u00e0 la fermeture pendant plusieurs mois \u00e0 cause de l\u2019occupation des locaux par de jeunes migrants sans-abri.<\/p>\n<p class=\"fig-paragraph\">L&rsquo;\u00e9tablissement culturel parisien de la\u00a0<a href=\"http:\/\/www.lefigaro.fr\/actualite-france\/evacuation-de-migrants-a-la-gaite-lyrique-ouverture-d-une-enquete-pour-violences-policieres-presumees-20250612\" data-fig-type=\"NewsFlash\" data-gtm-custom-categorie=\"navigation\" data-gtm-custom-action=\"crossclick\" data-gtm-custom-label=\"Contextuel\" data-gtm-event=\"customEventSPE\" data-fig-domain=\"LEFIGARO\" target=\"_blank\" rel=\"noopener\">Ga\u00eet\u00e9 Lyrique<\/a>\u00a0annonce sa r\u00e9ouverture au public le 13 janvier 2026, apr\u00e8s plusieurs mois de fermeture due \u00e0 l&rsquo;occupation des locaux par des\u00a0<a href=\"http:\/\/www.lefigaro.fr\/actualite-france\/dans-le-chaos-de-la-gaite-lyrique-occupee-par-des-migrants-20250312\" data-fig-type=\"Article\" data-gtm-custom-categorie=\"navigation\" data-gtm-custom-action=\"crossclick\" data-gtm-custom-label=\"Contextuel\" data-gtm-event=\"customEventSPE\" data-fig-domain=\"LEFIGARO\" target=\"_blank\" rel=\"noopener\">jeunes migrants sans-abri<\/a>. \u00abDe d\u00e9cembre 2024 \u00e0 mars 2025, plus de 450 jeunes sans solution de logement ont occup\u00e9 la Ga\u00eet\u00e9 Lyrique\u00bb, rappelle l&rsquo;\u00e9tablissement dans un communiqu\u00e9 publi\u00e9 lundi.<\/p>\n<p class=\"fig-paragraph\">Des migrants mineurs isol\u00e9s occupaient le lieu culturel en attente d&rsquo;une solution d&rsquo;h\u00e9bergement, une situation d\u00e9licate pour l&rsquo;\u00e9tablissement qui d\u00e9plorait parall\u00e8lement un manque \u00e0 gagner. \u00c0 l\u2019\u00e9poque, le porte-parole de la Ga\u00eet\u00e9 Lyrique David Robert avait confi\u00e9 devoir fermer les portes de la salle de spectacle municipale au public, et ce \u00abjusqu&rsquo;\u00e0 nouvel ordre\u00bb.<\/p>\n<p>                                            <a class=\"fig-a11y-skip\" href=\"#fig-a11y-skip-main-inarticle\" data-module=\"a11y-skip\" data-context=\"was @visible\"><br \/>\n    Passer la publicit\u00e9<br \/>\n<\/a>            <\/p>\n<p class=\"fig-paragraph\">\u00abLes jeunes ont \u00e9t\u00e9 expuls\u00e9s par les autorit\u00e9s le 18 mars 2025\u00bb, a pr\u00e9cis\u00e9 la directrice g\u00e9n\u00e9rale du lieu culturel Juliette Donadieu \u00e0 l&rsquo;AFP lundi. Le pr\u00e9fet de police Laurent Nu\u00f1ez faisait valoir que cette \u00aboccupation illicite\u00bb comportait \u00abdes risques av\u00e9r\u00e9s pour la salubrit\u00e9 publique et la sant\u00e9 des occupants en raison de l&rsquo;absence d&rsquo;acc\u00e8s \u00e0 l&rsquo;eau\u00bb et g\u00e9n\u00e9rait \u00abun trouble permanent \u00e0 l&rsquo;ordre public compte tenu des risques sanitaires et s\u00e9curitaires importants\u00bb qu&rsquo;elle impliquait.<\/p>\n<p>                                            \u00abPlusieurs centaines de milliers d\u2019euros de pertes directes\u00bb<\/p>\n<p class=\"fig-paragraph\">\u00abNotre position n&rsquo;a pas chang\u00e9\u00bb, affirme Juliette Donadieu en r\u00e9f\u00e9rence aux pr\u00e9c\u00e9dentes r\u00e9actions du porte-parole de la Ga\u00eet\u00e9 Lyrique qui s&rsquo;\u00e9tait montr\u00e9 compr\u00e9hensif envers le mouvement d&rsquo;occupation, men\u00e9 par des \u00abjeunes super respectueux\u00bb r\u00e9unis autour du Collectif des Jeunes de Belleville.<\/p>\n<p class=\"fig-paragraph\">Mais M. Robert chiffrait aussi \u00e0 \u00abplusieurs centaines de milliers d&rsquo;euros les pertes directes\u00bb en raison de l&rsquo;annulation d&rsquo;\u00e9v\u00e9nements priv\u00e9s et publics depuis le d\u00e9but de l&rsquo;occupation, et demandait donc \u00e0 la ville de Paris \u00abde trouver sans d\u00e9lai une solution de relogement\u00bb. \u00abOn a partag\u00e9 l&rsquo;urgence de la situation \u00e9conomique de la Ga\u00eet\u00e9\u00bb, souligne la directrice g\u00e9n\u00e9rale. S&rsquo;en est suivi, selon le communiqu\u00e9, un \u00ab\u00e9lan collectif de solidarit\u00e9\u00bb arriv\u00e9 \u00e0 point nomm\u00e9.<\/p>\n<p class=\"fig-paragraph\">Depuis juin, les activit\u00e9s reprennent progressivement. \u00abDans une logique \u00e9v\u00e9nementielle, on a rouvert pour les concerts, les festivals, les \u00e9v\u00e9nements priv\u00e9s\u00bb. Ces derni\u00e8res semaines, les soutiens de la Ville de Paris et de nombreux autres acteurs priv\u00e9s et publics ont permis \u00abd&rsquo;annoncer \u00e0 la fois le r\u00e9\u00e9quilibrage du mod\u00e8le \u00e9conomique, et de relancer le projet culturel sur 2026\u00bb.<\/p>\n","protected":false},"excerpt":{"rendered":"Situ\u00e9 dans le troisi\u00e8me arrondissement de la capitale, l\u2019\u00e9tablissement culturel avait \u00e9t\u00e9 contraint \u00e0 la fermeture pendant plusieurs&hellip;\n","protected":false},"author":2,"featured_media":587029,"comment_status":"","ping_status":"","sticky":false,"template":"","format":"standard","meta":{"footnotes":""},"categories":[1888],"tags":[11,1777,674,70004,1011,27,1251,12,626,25],"class_list":{"0":"post-587028","1":"post","2":"type-post","3":"status-publish","4":"format-standard","5":"has-post-thumbnail","7":"category-paris","8":"tag-actualites","9":"tag-eu","10":"tag-europe","11":"tag-fermeture-des-lieux-de-culture","12":"tag-fr","13":"tag-france","14":"tag-migrants","15":"tag-news","16":"tag-paris","17":"tag-republique-francaise"},"share_on_mastodon":{"url":"https:\/\/pubeurope.com\/@fr\/115685740031874771","error":""},"_links":{"self":[{"href":"https:\/\/www.europesays.com\/fr\/wp-json\/wp\/v2\/posts\/587028","targetHints":{"allow":["GET"]}}],"collection":[{"href":"https:\/\/www.europesays.com\/fr\/wp-json\/wp\/v2\/posts"}],"about":[{"href":"https:\/\/www.europesays.com\/fr\/wp-json\/wp\/v2\/types\/post"}],"author":[{"embeddable":true,"href":"https:\/\/www.europesays.com\/fr\/wp-json\/wp\/v2\/users\/2"}],"replies":[{"embeddable":true,"href":"https:\/\/www.europesays.com\/fr\/wp-json\/wp\/v2\/comments?post=587028"}],"version-history":[{"count":0,"href":"https:\/\/www.europesays.com\/fr\/wp-json\/wp\/v2\/posts\/587028\/revisions"}],"wp:featuredmedia":[{"embeddable":true,"href":"https:\/\/www.europesays.com\/fr\/wp-json\/wp\/v2\/media\/587029"}],"wp:attachment":[{"href":"https:\/\/www.europesays.com\/fr\/wp-json\/wp\/v2\/media?parent=587028"}],"wp:term":[{"taxonomy":"category","embeddable":true,"href":"https:\/\/www.europesays.com\/fr\/wp-json\/wp\/v2\/categories?post=587028"},{"taxonomy":"post_tag","embeddable":true,"href":"https:\/\/www.europesays.com\/fr\/wp-json\/wp\/v2\/tags?post=587028"}],"curies":[{"name":"wp","href":"https:\/\/api.w.org\/{rel}","templated":true}]}}