{"id":587030,"date":"2025-12-08T20:04:14","date_gmt":"2025-12-08T20:04:14","guid":{"rendered":"https:\/\/www.europesays.com\/fr\/587030\/"},"modified":"2025-12-08T20:04:14","modified_gmt":"2025-12-08T20:04:14","slug":"lue-dit-adieu-au-gaz-de-poutine-liberation","status":"publish","type":"post","link":"https:\/\/www.europesays.com\/fr\/587030\/","title":{"rendered":"l\u2019UE dit adieu au gaz de Poutine \u2013 Lib\u00e9ration"},"content":{"rendered":"<p class=\"sc-cPiKLX AiZTS text-element\">Presque quatre ans apr\u00e8s l\u2019invasion de l\u2019Ukraine, plus de dix ans apr\u00e8s l\u2019annexion de la Crim\u00e9e, l\u2019Union europ\u00e9enne s\u2019appr\u00eate enfin \u00e0 interdire les importations de gaz russe. Mercredi 3 d\u00e9cembre, les eurod\u00e9put\u00e9s et les Etats membres ont approuv\u00e9 le principe d\u2019un r\u00e8glement qui met fin aux contrats gaziers avec la Russie au plus tard en novembre 2027. Une \u00e9tape d\u00e9cisive dans la politique \u00e9nerg\u00e9tique du bloc, d\u00e9corr\u00e9l\u00e9e d\u2019un \u00e9ventuel r\u00e8glement du conflit, qui privera Moscou d\u2019une manne consid\u00e9rable pour financer sa guerre en Ukraine, et d\u2019un levier strat\u00e9gique sur Bruxelles. Depuis le 22 f\u00e9vrier 2022, les Etats membres ont <a href=\"https:\/\/www.russiafossiltracker.com\/\" target=\"_blank\" rel=\"noopener\" title=\"https:\/\/www.russiafossiltracker.com\/\">vers\u00e9 plus de 107 milliards d\u2019euros \u00e0 la Russie<\/a> pour s\u2019approvisionner en gaz fossile russe.<\/p>\n<p class=\"sc-cPiKLX AiZTS text-element\">La pr\u00e9sidente de la Commission europ\u00e9enne, Ursula von der Leyen, a salu\u00e9 cette d\u00e9cision comme \u00abl\u2019aube d\u2019une nouvelle \u00e8re, celle de l\u2019ind\u00e9pendance \u00e9nerg\u00e9tique totale de l\u2019Europe vis-\u00e0-vis de la Russie\u00bb. \u00abFini les tentatives de chantage\u00bb, s\u2019est r\u00e9joui le commissaire \u00e0 l\u2019Energie, Dan Jorgensen. L\u2019eurod\u00e9put\u00e9 Thomas Pellerin-Carlin (Place publique) qualifie cet accord d\u2019\u00abhistorique dans le vrai sens du terme : on met fin \u00e0 des d\u00e9cennies de d\u00e9pendance de l\u2019UE au gaz russe\u00bb. Membre de la commission de l\u2019industrie, de la recherche et de l\u2019\u00e9nergie, il rappelle que \u00abdans cette guerre de la Russie contre l\u2019Ukraine, la cl\u00e9 de v<\/p>\n","protected":false},"excerpt":{"rendered":"Presque quatre ans apr\u00e8s l\u2019invasion de l\u2019Ukraine, plus de dix ans apr\u00e8s l\u2019annexion de la Crim\u00e9e, l\u2019Union europ\u00e9enne&hellip;\n","protected":false},"author":2,"featured_media":587031,"comment_status":"","ping_status":"","sticky":false,"template":"","format":"standard","meta":{"footnotes":""},"categories":[1591],"tags":[11,893,1887,12,1885,1886,132,220,297,364],"class_list":{"0":"post-587030","1":"post","2":"type-post","3":"status-publish","4":"format-standard","5":"has-post-thumbnail","7":"category-russie","8":"tag-actualites","9":"tag-energie","10":"tag-federation-de-russie","11":"tag-news","12":"tag-russia","13":"tag-russian-federation","14":"tag-russie","15":"tag-ukraine","16":"tag-ukraine-la-crise","17":"tag-union-europeenne"},"share_on_mastodon":{"url":"https:\/\/pubeurope.com\/@fr\/115685743880902981","error":""},"_links":{"self":[{"href":"https:\/\/www.europesays.com\/fr\/wp-json\/wp\/v2\/posts\/587030","targetHints":{"allow":["GET"]}}],"collection":[{"href":"https:\/\/www.europesays.com\/fr\/wp-json\/wp\/v2\/posts"}],"about":[{"href":"https:\/\/www.europesays.com\/fr\/wp-json\/wp\/v2\/types\/post"}],"author":[{"embeddable":true,"href":"https:\/\/www.europesays.com\/fr\/wp-json\/wp\/v2\/users\/2"}],"replies":[{"embeddable":true,"href":"https:\/\/www.europesays.com\/fr\/wp-json\/wp\/v2\/comments?post=587030"}],"version-history":[{"count":0,"href":"https:\/\/www.europesays.com\/fr\/wp-json\/wp\/v2\/posts\/587030\/revisions"}],"wp:featuredmedia":[{"embeddable":true,"href":"https:\/\/www.europesays.com\/fr\/wp-json\/wp\/v2\/media\/587031"}],"wp:attachment":[{"href":"https:\/\/www.europesays.com\/fr\/wp-json\/wp\/v2\/media?parent=587030"}],"wp:term":[{"taxonomy":"category","embeddable":true,"href":"https:\/\/www.europesays.com\/fr\/wp-json\/wp\/v2\/categories?post=587030"},{"taxonomy":"post_tag","embeddable":true,"href":"https:\/\/www.europesays.com\/fr\/wp-json\/wp\/v2\/tags?post=587030"}],"curies":[{"name":"wp","href":"https:\/\/api.w.org\/{rel}","templated":true}]}}