{"id":587034,"date":"2025-12-08T20:06:12","date_gmt":"2025-12-08T20:06:12","guid":{"rendered":"https:\/\/www.europesays.com\/fr\/587034\/"},"modified":"2025-12-08T20:06:12","modified_gmt":"2025-12-08T20:06:12","slug":"fin-du-vaccin-contre-lhepatite-b-aux-etats-unis-ce-que-preconisent-les-autres-pays-lexpress","status":"publish","type":"post","link":"https:\/\/www.europesays.com\/fr\/587034\/","title":{"rendered":"Fin du vaccin contre l&rsquo;h\u00e9patite B aux Etats-Unis ? Ce que pr\u00e9conisent les autres pays \u2013 L&rsquo;Express"},"content":{"rendered":"<p class=\"paragraph article-body-paragraph article__item   article-body-paragraph--first \">\u00ab\u00a0Le calendrier vaccinal am\u00e9ricain est devenu excessif\u00a0\u00bb, <a href=\"https:\/\/www.lexpress.fr\/monde\/amerique\/donald-trump_1702460.html\" target=\"_self\" rel=\"noopener\" title=\"https:\/\/www.lexpress.fr\/monde\/amerique\/donald-trump_1702460.html\">a lanc\u00e9 Donald Trump<\/a> vendredi 5 d\u00e9cembre dans un message sur Truth Social. Selon lui, les nourrissons en parfaite sant\u00e9 se voient imposer 72 doses, un nombre bien plus \u00e9lev\u00e9 que dans n\u2019importe quel autre pays. \u00ab\u00a0C\u2019est ridicule !\u00a0\u00bb a-t-il ajout\u00e9, soulignant que parents et scientifiques avaient depuis longtemps soulev\u00e9 des doutes sur l\u2019efficacit\u00e9 de ce calendrier. Le r\u00e9publicain n\u2019a pas pr\u00e9cis\u00e9 comment il comptait ces injections, mais il semble avoir inclus chaque dose des vaccins combin\u00e9s ainsi que les vaccins saisonniers effectu\u00e9s tout au long de l\u2019enfance. <a href=\"https:\/\/www.lexpress.fr\/monde\/amerique\/\" target=\"_self\" rel=\"noopener\" title=\"https:\/\/www.lexpress.fr\/monde\/amerique\/\">Aux Etats-Unis<\/a>, la vaccination couvre 17 maladies, nettement plus que dans la plupart des autres pays d\u00e9velopp\u00e9s.<\/p>\n<p class=\"paragraph article-body-paragraph article__item   \">Pour y rem\u00e9dier, le pr\u00e9sident a annonc\u00e9 la cr\u00e9ation d\u2019un nouveau calendrier vaccinal apr\u00e8s qu&rsquo;une partie des Centres pour le contr\u00f4le et la pr\u00e9vention des maladies (CDC), dirig\u00e9 par Robert F. Kennedy Jr., ait soulign\u00e9 les divergences entre les calendriers de diff\u00e9rents pays. Cette d\u00e9cision suit la lev\u00e9e de la recommandation du CDC concernant le vaccin contre l\u2019h\u00e9patite B \u00e0 la naissance : vendredi, ces experts <a href=\"https:\/\/www.lexpress.fr\/sciences-sante\/sante\/des-experts-nommes-sous-donald-trump-chamboulent-les-recommandations-vaccinales-sur-lhepatite-b-U6TLEHY5EBCS5K5HLYOCXYMVNQ\/\" target=\"_self\" rel=\"noopener\" title=\"https:\/\/www.lexpress.fr\/sciences-sante\/sante\/des-experts-nommes-sous-donald-trump-chamboulent-les-recommandations-vaccinales-sur-lhepatite-b-U6TLEHY5EBCS5K5HLYOCXYMVNQ\/\">ont d\u00e9cid\u00e9 de cesser de recommander le vaccin contre l&rsquo;h\u00e9patite B<\/a> aux nouveau-n\u00e9s. Une r\u00e9union du comit\u00e9 avait notamment mis en lumi\u00e8re le calendrier danois, o\u00f9 l\u2019h\u00e9patite B n\u2019est administr\u00e9e qu\u2019aux nourrissons \u00e0 risque.<\/p>\n<p>Le Danemark pris comme exemple<\/p>\n<p class=\"paragraph article-body-paragraph article__item   \">Ce n&rsquo;est pas la premi\u00e8re fois que le Danemark est cit\u00e9 par Washington comme un exemple sur le sujet des vaccinations. La Maison-Blanche y avait d\u00e9j\u00e0 fait r\u00e9f\u00e9rence dans une note d&rsquo;information r\u00e9dig\u00e9e, sous la directive du chantre du MAGA, qui visait \u00e0 comparer les approches adopt\u00e9es dans des \u00ab\u00a0pays d\u00e9velopp\u00e9s comparables\u00a0\u00bb. Au Danemark, les femmes enceintes sont syst\u00e9matiquement test\u00e9es pour l\u2019h\u00e9patite B. Seuls les b\u00e9b\u00e9s expos\u00e9s re\u00e7oivent le vaccin et une injection d\u2019immunoglobuline pour prot\u00e9ger imm\u00e9diatement leur syst\u00e8me immunitaire. Des rappels sont programm\u00e9s \u00e0 1, 2 et 12 mois. Au total, le calendrier danois couvre 10 maladies. Les vaccins contre la varicelle, la grippe ou le VRS ne sont pas syst\u00e9matiques. R\u00e9sultat : seulement 108 cas d\u2019h\u00e9patite B en 2023. <\/p>\n<p><strong class=\"article-body-link-list__item text-gray-800 article-body-link-list__item--one-item\">LIRE AUSSI : <a class=\"article-body-link-list__item-link\" href=\"https:\/\/www.lexpress.fr\/sciences-sante\/pr-mahmoud-zureik-sur-les-vaccins-anti-covid-les-fake-news-de-ladministration-trump-atteignent-des-2TXRXRJWKFFJBMQEQ2SNPVWK4M\/\" target=\"_blank\" rel=\"noopener\">Pr Mahmoud Zureik : \u00ab\u00a0Sur les vaccins anti-Covid, notre \u00e9tude devrait \u00e9teindre toutes les fake news\u00a0\u00bb<\/a><\/strong><\/p>\n<p class=\"paragraph article-body-paragraph article__item   \">Mais comme l&rsquo;explique Flor Mu\u00f1oz, sp\u00e9cialiste en maladies infectieuses, <a href=\"https:\/\/www.washingtonpost.com\/world\/2025\/12\/06\/trump-rfk-international-vaccine-schedule\/\" target=\"_self\" rel=\"noopener\" title=\"https:\/\/www.washingtonpost.com\/world\/2025\/12\/06\/trump-rfk-international-vaccine-schedule\/\">au Washington Post<\/a>, \u00ab\u00a0il est inutile de calquer le mod\u00e8le danois sur les Etats-Unis\u00a0\u00bb. Et pour cause, contrairement au Danemark, outre-Atlantique, environ une femme enceinte sur cinq n&rsquo;est pas test\u00e9e pour le virus selon un rapport du Vaccine Integrity Project.<\/p>\n<p>La vaccination souvent vis\u00e9e par l&rsquo;administration Trump<\/p>\n<p class=\"paragraph article-body-paragraph article__item   \">En Australie, le calendrier couvre 16 maladies pour les enfants et les adolescents. Le vaccin contre le VRS n\u2019est administr\u00e9 qu\u2019une seule fois aux futures m\u00e8res, entre la 28e et la 36e semaine de grossesse, tandis que les nourrissons re\u00e7oivent le vaccin contre l\u2019h\u00e9patite B dans les sept jours suivant leur naissance. <\/p>\n<p class=\"paragraph article-body-paragraph article__item   \">Le Royaume-Uni adopte une approche similaire : 15 maladies couvertes, avec un calendrier progressif. Les b\u00e9b\u00e9s re\u00e7oivent le vaccin combin\u00e9 6-en-1 \u00e0 2 mois, puis des rappels \u00e0 3 et 4 mois. Celui contre l\u2019h\u00e9patite B n\u2019est donn\u00e9 \u00e0 la naissance qu\u2019aux nourrissons dont la m\u00e8re est infect\u00e9e. Sinon, la vaccination est r\u00e9serv\u00e9e aux enfants expos\u00e9s \u00e0 un risque \u00e9lev\u00e9. Le vaccin contre le VRS n\u2019est propos\u00e9 aux femmes enceintes qu\u2019apr\u00e8s 28 semaines, et la vaccination contre l\u2019h\u00e9patite A est cibl\u00e9e en fonction du foyer.<\/p>\n<p class=\"paragraph article-body-paragraph article__item   \">Au Canada, les nourrissons re\u00e7oivent le vaccin combin\u00e9 6-en-1 ou le vaccin monovalent contre l\u2019h\u00e9patite B \u00e0 2, 4 et 6 mois, avec des rappels entre 12 et 23 mois. Les enfants \u00e0 risque ou pr\u00e9matur\u00e9s peuvent recevoir des doses suppl\u00e9mentaires, jusqu\u2019\u00e0 quatre injections pour certains cas. Selon les populations, le calendrier couvre 16 ou 17 maladies.<\/p>\n<p><strong class=\"article-body-link-list__item text-gray-800 article-body-link-list__item--one-item\">LIRE AUSSI : <a class=\"article-body-link-list__item-link\" href=\"https:\/\/www.lexpress.fr\/sciences-sante\/le-sombre-ete-de-la-vaccination-aux-etats-unis-une-menace-pour-nous-tous-par-le-pr-alain-fischer-PHPUJDELCJC4JG2KKEPLDTBYAI\/\" target=\"_blank\" rel=\"noopener\">Le sombre \u00e9t\u00e9 de la vaccination aux Etats-Unis, une menace pour nous tous, par le Pr Alain Fischer<\/a><\/strong><\/p>\n<p class=\"paragraph article-body-paragraph article__item    article__text__endpicto\">Ce n&rsquo;est pas la premi\u00e8re fois que l&rsquo;administration Trump s&rsquo;attaque ouvertement \u00e0 la vaccination. <a href=\"https:\/\/www.lexpress.fr\/sciences-sante\/thomas-hartung-john-hopkins-toutes-les-intuitions-de-robert-kennedy-jr-ne-sont-pas-fondees-mais-4HMKLBSTD5B7XFGO37CJCTTNV4\/\" target=\"_self\" rel=\"noopener\" title=\"https:\/\/www.lexpress.fr\/sciences-sante\/thomas-hartung-john-hopkins-toutes-les-intuitions-de-robert-kennedy-jr-ne-sont-pas-fondees-mais-4HMKLBSTD5B7XFGO37CJCTTNV4\/\">Robert F. Kennedy Jr<\/a>. se pla\u00eet r\u00e9guli\u00e8rement \u00e0 d\u00e9noncer un \u00ab\u00a0calendrier vaccinal explosif\u00a0\u00bb, qu\u2019il lie \u00e0 l\u2019augmentation de maladies chroniques, d\u2019autisme et d\u2019allergies alimentaires. Une position qui va \u00e0 l\u2019encontre du consensus scientifique. Le comit\u00e9 du CDC a d\u00e9j\u00e0 r\u00e9vis\u00e9 ses recommandations sur le vaccin contre le Covid et la combinaison RORV (rougeole, oreillon, rub\u00e9ole, varicelle, NDLR), d\u00e9calant son administration \u00e0 4 ans. <\/p>\n","protected":false},"excerpt":{"rendered":"\u00ab\u00a0Le calendrier vaccinal am\u00e9ricain est devenu excessif\u00a0\u00bb, a lanc\u00e9 Donald Trump vendredi 5 d\u00e9cembre dans un message sur&hellip;\n","protected":false},"author":2,"featured_media":587035,"comment_status":"","ping_status":"","sticky":false,"template":"","format":"standard","meta":{"footnotes":""},"categories":[1589],"tags":[11,782,73,1866,74,12,1864,1865,1863,308],"class_list":{"0":"post-587034","1":"post","2":"type-post","3":"status-publish","4":"format-standard","5":"has-post-thumbnail","7":"category-etats-unis","8":"tag-actualites","9":"tag-ameriques","10":"tag-etats-unis","11":"tag-etats-unis-damerique","12":"tag-monde","13":"tag-news","14":"tag-united-states","15":"tag-united-states-of-america","16":"tag-us","17":"tag-usa"},"share_on_mastodon":{"url":"https:\/\/pubeurope.com\/@fr\/115685751886478615","error":""},"_links":{"self":[{"href":"https:\/\/www.europesays.com\/fr\/wp-json\/wp\/v2\/posts\/587034","targetHints":{"allow":["GET"]}}],"collection":[{"href":"https:\/\/www.europesays.com\/fr\/wp-json\/wp\/v2\/posts"}],"about":[{"href":"https:\/\/www.europesays.com\/fr\/wp-json\/wp\/v2\/types\/post"}],"author":[{"embeddable":true,"href":"https:\/\/www.europesays.com\/fr\/wp-json\/wp\/v2\/users\/2"}],"replies":[{"embeddable":true,"href":"https:\/\/www.europesays.com\/fr\/wp-json\/wp\/v2\/comments?post=587034"}],"version-history":[{"count":0,"href":"https:\/\/www.europesays.com\/fr\/wp-json\/wp\/v2\/posts\/587034\/revisions"}],"wp:featuredmedia":[{"embeddable":true,"href":"https:\/\/www.europesays.com\/fr\/wp-json\/wp\/v2\/media\/587035"}],"wp:attachment":[{"href":"https:\/\/www.europesays.com\/fr\/wp-json\/wp\/v2\/media?parent=587034"}],"wp:term":[{"taxonomy":"category","embeddable":true,"href":"https:\/\/www.europesays.com\/fr\/wp-json\/wp\/v2\/categories?post=587034"},{"taxonomy":"post_tag","embeddable":true,"href":"https:\/\/www.europesays.com\/fr\/wp-json\/wp\/v2\/tags?post=587034"}],"curies":[{"name":"wp","href":"https:\/\/api.w.org\/{rel}","templated":true}]}}