{"id":587038,"date":"2025-12-08T20:08:13","date_gmt":"2025-12-08T20:08:13","guid":{"rendered":"https:\/\/www.europesays.com\/fr\/587038\/"},"modified":"2025-12-08T20:08:13","modified_gmt":"2025-12-08T20:08:13","slug":"pays-bas-et-allemagne-les-premiers-debouches-europeens-des-amandes-de-cajou-ivoiriennes-en-2024","status":"publish","type":"post","link":"https:\/\/www.europesays.com\/fr\/587038\/","title":{"rendered":"Pays-Bas et Allemagne, les premiers d\u00e9bouch\u00e9s europ\u00e9ens des amandes de cajou ivoiriennes en 2024"},"content":{"rendered":"<p>Les Pays-Bas et l\u2019Allemagne ont \u00e9t\u00e9 les principaux \u00e9picentres de la demande europ\u00e9enne d&rsquo;amandes de cajou provenant de la C\u00f4te d&rsquo;Ivoire en 2024. Selon le dernier annuaire statistique des douanes ivoiriennes, la valeur des ventes vers ces deux destinations a atteint 88 millions d&rsquo;euros (57,9 milliards FCFA) l\u2019ann\u00e9e derni\u00e8re.<\/p>\n<p>Dans les d\u00e9tails, les Pays-Bas ont \u00e9t\u00e9 la premi\u00e8re destination des noix ivoiriennes sur le Vieux continent, absorbant pour 46,6 millions d&rsquo;euros (30,6 milliards FCFA) d&rsquo;amandes, un niveau en hausse de 42,3% d\u2019une ann\u00e9e \u00e0 l\u2019autre et le second plus important derri\u00e8re le Vietnam (104 millions \u20ac). Du c\u00f4t\u00e9 de l\u2019Allemagne, les importations se sont chiffr\u00e9es \u00e0 41,4 millions d&rsquo;euros (27,2 milliards FCFA), enveloppe en progression de 95,7% par rapport \u00e0 2023.<\/p>\n<p><strong>Une dynamique lanc\u00e9e depuis 2015<\/strong>&#13;\n<\/p>\n<p>Ces chiffres viennent confirmer une croissance sur pr\u00e8s d\u2019une d\u00e9cennie, dans le sillage d&rsquo;une mont\u00e9e en puissance de l\u2019industrie ivoirienne de la transformation d\u2019anacarde sur le march\u00e9 mondial. En effet, avec la forte progression de la production et les investissements massifs sur le segment transformation, les exportations d\u2019amandes ivoiriennes ont fortement progress\u00e9, passant de 13\u00a0500 tonnes en 2020 \u00e0 72\u00a0000 tonnes en 2024.<\/p>\n<p>Le march\u00e9 europ\u00e9en est devenu une destination privil\u00e9gi\u00e9e \u00e0 cause de l\u2019utilisation croissante de la noix comme substitut de prot\u00e9ines, ingr\u00e9dient notamment dans les p\u00e2tes \u00e0 tartiner \u00e0 base d&rsquo;amandes (comme le beurre de cajou), et comme en-cas sal\u00e9s et grill\u00e9s. Cette tendance a stimul\u00e9 la demande, par exemple dans la restauration, et fourni des opportunit\u00e9s \u00e9conomiques pour les op\u00e9rateurs ivoiriens.<\/p>\n<p>Depuis 10 ans, la valeur des importations allemandes a \u00e9t\u00e9 multipli\u00e9e par pr\u00e8s de 10, en partant de 4,1 millions d&rsquo;euros (2,7 milliards FCFA) en 2015, alors que celle des Pays-Bas a sextupl\u00e9. S\u2019ils affichent d&rsquo;importants niveaux de consommation interne, les deux pays servent \u00e9galement de plaques tournantes pour le commerce intra-europ\u00e9en de noix de cajou. \u00a0Selon les donn\u00e9es du Centre n\u00e9erlandais pour la promotion des importations des pays en d\u00e9veloppement (CBI), presque 70% de toutes les noix de cajou d\u00e9cortiqu\u00e9es import\u00e9es aux Pays-Bas sont r\u00e9export\u00e9es vers d\u2019autres pays europ\u00e9ens.<\/p>\n<p><strong>Des perspectives positives dans la dur\u00e9e<\/strong>&#13;\n<\/p>\n<p>L\u2019ann\u00e9e 2024 a ainsi \u00e9t\u00e9 historique pour les noix ivoiriennes, et l\u2019\u00e9pop\u00e9e n\u2019est pas pr\u00e8s de s\u2019achever sur le march\u00e9 europ\u00e9en. Les observateurs estiment que la progression devrait se poursuivre, port\u00e9e par plusieurs tendances. Les noix de cajou b\u00e9n\u00e9ficient en effet d\u2019une visibilit\u00e9 croissante gr\u00e2ce \u00e0 des campagnes publicitaires mettant en avant leurs atouts nutritionnels (prot\u00e9ines v\u00e9g\u00e9tales, bons lipides, etc.), dans un contexte o\u00f9 les consommateurs recherchent des alternatives plus saines. La consommation \u00e0 domicile contribue \u00e9galement \u00e0 maintenir la cadence. \u00c0 cela s\u2019ajoute une pr\u00e9f\u00e9rence de plus en plus affirm\u00e9e des Europ\u00e9ens pour les noix grill\u00e9es, un segment en croissance constante.<\/p>\n<p>Dans cet environnement porteur, mais concurrentiel, notamment face au Vietnam, leader mondial avec 55% de la transformation, l\u2019industrie ivoirienne poursuit sa mont\u00e9e en puissance pour consolider ses parts de march\u00e9 en Europe. Le pays, qui ambitionne de transformer localement 50% de sa production d\u2019ici 2030, acc\u00e9l\u00e8re les investissements dans la modernisation des usines et mise sur plusieurs crit\u00e8res pour se d\u00e9marquer, dont la durabilit\u00e9 et la certification. Selon les autorit\u00e9s du pays, les industriels ont achet\u00e9 pr\u00e8s de 650 000 tonnes d\u2019anacardes au mois de mai 2025, contre un objectif de transformation de 400 000 tonnes fix\u00e9 en d\u00e9but de campagne.<\/p>\n","protected":false},"excerpt":{"rendered":"Les Pays-Bas et l\u2019Allemagne ont \u00e9t\u00e9 les principaux \u00e9picentres de la demande europ\u00e9enne d&rsquo;amandes de cajou provenant de&hellip;\n","protected":false},"author":2,"featured_media":587039,"comment_status":"","ping_status":"","sticky":false,"template":"","format":"standard","meta":{"footnotes":""},"categories":[1587],"tags":[6542,17,11,672,70005,1804,70006,1805,67996,1803,1777,674,11201,1801,70007,59387,12,934,22409,1802],"class_list":{"0":"post-587038","1":"post","2":"type-post","3":"status-publish","4":"format-standard","5":"has-post-thumbnail","7":"category-allemagne","8":"tag-6542","9":"tag-17","10":"tag-actualites","11":"tag-allemagne","12":"tag-amandes","13":"tag-bundesrepublik-deutschland","14":"tag-cajou","15":"tag-de","16":"tag-debouches","17":"tag-deutschland","18":"tag-eu","19":"tag-europe","20":"tag-europeens","21":"tag-germany","22":"tag-ivoiriennes","23":"tag-la-tribune-afrique","24":"tag-news","25":"tag-pays-bas","26":"tag-premiers","27":"tag-republique-federale-dallemagne"},"share_on_mastodon":{"url":"https:\/\/pubeurope.com\/@fr\/115685759732225599","error":""},"_links":{"self":[{"href":"https:\/\/www.europesays.com\/fr\/wp-json\/wp\/v2\/posts\/587038","targetHints":{"allow":["GET"]}}],"collection":[{"href":"https:\/\/www.europesays.com\/fr\/wp-json\/wp\/v2\/posts"}],"about":[{"href":"https:\/\/www.europesays.com\/fr\/wp-json\/wp\/v2\/types\/post"}],"author":[{"embeddable":true,"href":"https:\/\/www.europesays.com\/fr\/wp-json\/wp\/v2\/users\/2"}],"replies":[{"embeddable":true,"href":"https:\/\/www.europesays.com\/fr\/wp-json\/wp\/v2\/comments?post=587038"}],"version-history":[{"count":0,"href":"https:\/\/www.europesays.com\/fr\/wp-json\/wp\/v2\/posts\/587038\/revisions"}],"wp:featuredmedia":[{"embeddable":true,"href":"https:\/\/www.europesays.com\/fr\/wp-json\/wp\/v2\/media\/587039"}],"wp:attachment":[{"href":"https:\/\/www.europesays.com\/fr\/wp-json\/wp\/v2\/media?parent=587038"}],"wp:term":[{"taxonomy":"category","embeddable":true,"href":"https:\/\/www.europesays.com\/fr\/wp-json\/wp\/v2\/categories?post=587038"},{"taxonomy":"post_tag","embeddable":true,"href":"https:\/\/www.europesays.com\/fr\/wp-json\/wp\/v2\/tags?post=587038"}],"curies":[{"name":"wp","href":"https:\/\/api.w.org\/{rel}","templated":true}]}}