{"id":587040,"date":"2025-12-08T20:09:13","date_gmt":"2025-12-08T20:09:13","guid":{"rendered":"https:\/\/www.europesays.com\/fr\/587040\/"},"modified":"2025-12-08T20:09:13","modified_gmt":"2025-12-08T20:09:13","slug":"abus-sexuels-extorsion-de-familles-recours-a-lia-les-nouvelles-pratiques-des-passeurs-pour-envoyer-leurs-migrants-vers-leurope","status":"publish","type":"post","link":"https:\/\/www.europesays.com\/fr\/587040\/","title":{"rendered":"Abus sexuels, extorsion de familles, recours \u00e0 l\u2019IA&#8230; Les nouvelles pratiques des passeurs pour envoyer leurs migrants vers l\u2019Europe"},"content":{"rendered":"<p>\n    <strong>D\u00c9CRYPTAGE <\/strong>&#8211; Dans un nouveau rapport, Europol d\u00e9taille son activit\u00e9 contre le trafic de migrants sur le Vieux continent. L\u2019on y apprend les m\u00e9thodes choquantes des passeurs qui acheminent les migrants depuis la Syrie, le Maroc ou la Russie.<\/p>\n<p class=\"fig-paragraph\">\u00abLes trafiquants de migrants exploitent l\u2019instabilit\u00e9 g\u00e9opolitique actuelle avec une agilit\u00e9 sans pr\u00e9c\u00e9dent\u00bb. Dans un nouveau rapport,\u00a0<a href=\"http:\/\/www.lefigaro.fr\/actualite-france\/l-union-europeenne-empechee-in-extremis-de-nommer-un-anarcho-communiste-obsede-par-la-race-au-sein-d-une-instance-surveillant-europol-20250424\" target=\"_blank\" data-fig-type=\"NewsFlash\" rel=\"noopener\" data-gtm-custom-categorie=\"navigation\" data-gtm-custom-action=\"crossclick\" data-gtm-custom-label=\"Contextuel\" data-gtm-event=\"customEventSPE\" data-fig-domain=\"LEFIGARO\">Europol<\/a>\u00a0revient sur les m\u00e9thodes qu\u2019emploient les\u00a0<a href=\"http:\/\/www.lefigaro.fr\/actualite-france\/entre-1500-et-4000-euros-la-traversee-10-passeurs-de-migrants-devant-la-justice-apres-le-naufrage-d-une-embarcation-20250616\" target=\"_blank\" data-fig-type=\"Article\" rel=\"noopener\" data-gtm-custom-categorie=\"navigation\" data-gtm-custom-action=\"crossclick\" data-gtm-custom-label=\"Contextuel\" data-gtm-event=\"customEventSPE\" data-fig-domain=\"LEFIGARO\">passeurs de migrants<\/a>\u00a0pour convaincre, puis contr\u00f4ler, les individus qui contractent avec eux afin de d\u00e9barquer en Europe. Ses conclusions sont \u00e9difiantes: ces trafiquants d\u2019\u00eatres humains sont pr\u00eats aux pires exactions pour r\u00e9cup\u00e9rer quelques dizaines de milliers d\u2019euros par voyage.<\/p>\n<p class=\"fig-paragraph\">Ce 9e rapport d\u2019activit\u00e9 du Centre europ\u00e9en du\u00a0<a href=\"http:\/\/www.lefigaro.fr\/faits-divers\/un-trafic-illicite-de-migrants-demantele-en-eure-et-loir-quatre-individus-interpelles-20251204\" target=\"_blank\" data-fig-type=\"NewsFlash\" rel=\"noopener\" data-gtm-custom-categorie=\"navigation\" data-gtm-custom-action=\"crossclick\" data-gtm-custom-label=\"Contextuel\" data-gtm-event=\"customEventSPE\" data-fig-domain=\"LEFIGARO\">trafic<\/a>\u00a0de migrants, cr\u00e9\u00e9 en 2016 et rattach\u00e9 \u00e0 l\u2019agence de police criminelle, revient dans un premier temps sur son activit\u00e9 d\u00e9bordante en 2024, derni\u00e8re ann\u00e9e pour laquelle les donn\u00e9es sont consolid\u00e9es. Le centre a ainsi soutenu pas moins de 266 op\u00e9rations contre les trafiquants de migrants, organis\u00e9 48 journ\u00e9es d\u2019action pour d\u00e9manteler des r\u00e9seaux criminels, et re\u00e7u 14.000 messages \u00abSiena\u00bb de la part des autorit\u00e9s europ\u00e9ennes. Les messages \u00abSiena\u00bb, pour \u00abapplication de r\u00e9seau d\u2019\u00e9change\u2026<\/p>\n<p class=\"fig-premium-paywall__infos\">\n        Cet article est r\u00e9serv\u00e9 aux abonn\u00e9s.        Il vous reste 89% \u00e0 d\u00e9couvrir.\n    <\/p>\n<p>                <img  data- alt=\"Le Figaro\" class=\"fig-img--complete fig-img\"\/><\/p>\n<p class=\"fig-premium-paywall__title\">Vente Flash<\/p>\n<p class=\"fig-premium-paywall__subtitle\">-50% sur l&rsquo;abonnement num\u00e9rique<\/p>\n<p class=\"fig-premium-paywall__connect\">\n                D\u00e9j\u00e0 abonn\u00e9\u00a0?                <a class=\"fig-premium-paywall__connect-link\" href=\"https:\/\/connect.lefigaro.fr\/login?client=horizon_web&amp;type=main&amp;redirect_uri=https%3A%2F%2Fwww.lefigaro.fr%2Finternational%2Fabus-sexuels-extorsion-de-familles-recours-a-l-ia-les-nouvelles-pratiques-des-passeurs-pour-envoyer-leurs-migrants-vers-l-europe-20251208\" data-js-gtm=\"{&quot;customCategorie&quot;: &quot;conversion&quot;, &quot;customAction&quot;: &quot;before_Landing_Connexion_paywall_auto&quot;, &quot;customLabel&quot;: &quot;bGVmaWdhcm8uZnJfXzFmMGQxZmQxLTgxOGMtNjVkZS1hMmFiLWUzZmNmZDE4MGI4NF9fTmV3c0ZsYXNo_Abus sexuels, extorsion de familles, recours \u00e0 l\u2019IA... Les nouvelles pratiques des passeurs pour envoyer leurs migrants vers l\u2019Europe_533&quot;, &quot;customIDSPE&quot;: &quot;bGVmaWdhcm8uZnJfXzFmMGQxZmQxLTgxOGMtNjVkZS1hMmFiLWUzZmNmZDE4MGI4NF9fTmV3c0ZsYXNo&quot;, &quot;event&quot;: &quot;customEventSPE&quot;}\" target=\"_blank\" rel=\"noopener\"><br \/>\n                    Connectez-vous<br \/>\n                <\/a>\n            <\/p>\n","protected":false},"excerpt":{"rendered":"D\u00c9CRYPTAGE &#8211; Dans un nouveau rapport, Europol d\u00e9taille son activit\u00e9 contre le trafic de migrants sur le Vieux&hellip;\n","protected":false},"author":2,"featured_media":587041,"comment_status":"","ping_status":"","sticky":false,"template":"","format":"standard","meta":{"footnotes":""},"categories":[1586],"tags":[11,1777,674,14230,1011,27,1251,12,25],"class_list":{"0":"post-587040","1":"post","2":"type-post","3":"status-publish","4":"format-standard","5":"has-post-thumbnail","7":"category-europe","8":"tag-actualites","9":"tag-eu","10":"tag-europe","11":"tag-europol","12":"tag-fr","13":"tag-france","14":"tag-migrants","15":"tag-news","16":"tag-republique-francaise"},"share_on_mastodon":{"url":"https:\/\/pubeurope.com\/@fr\/115685763892244645","error":""},"_links":{"self":[{"href":"https:\/\/www.europesays.com\/fr\/wp-json\/wp\/v2\/posts\/587040","targetHints":{"allow":["GET"]}}],"collection":[{"href":"https:\/\/www.europesays.com\/fr\/wp-json\/wp\/v2\/posts"}],"about":[{"href":"https:\/\/www.europesays.com\/fr\/wp-json\/wp\/v2\/types\/post"}],"author":[{"embeddable":true,"href":"https:\/\/www.europesays.com\/fr\/wp-json\/wp\/v2\/users\/2"}],"replies":[{"embeddable":true,"href":"https:\/\/www.europesays.com\/fr\/wp-json\/wp\/v2\/comments?post=587040"}],"version-history":[{"count":0,"href":"https:\/\/www.europesays.com\/fr\/wp-json\/wp\/v2\/posts\/587040\/revisions"}],"wp:featuredmedia":[{"embeddable":true,"href":"https:\/\/www.europesays.com\/fr\/wp-json\/wp\/v2\/media\/587041"}],"wp:attachment":[{"href":"https:\/\/www.europesays.com\/fr\/wp-json\/wp\/v2\/media?parent=587040"}],"wp:term":[{"taxonomy":"category","embeddable":true,"href":"https:\/\/www.europesays.com\/fr\/wp-json\/wp\/v2\/categories?post=587040"},{"taxonomy":"post_tag","embeddable":true,"href":"https:\/\/www.europesays.com\/fr\/wp-json\/wp\/v2\/tags?post=587040"}],"curies":[{"name":"wp","href":"https:\/\/api.w.org\/{rel}","templated":true}]}}