{"id":587046,"date":"2025-12-08T20:12:15","date_gmt":"2025-12-08T20:12:15","guid":{"rendered":"https:\/\/www.europesays.com\/fr\/587046\/"},"modified":"2025-12-08T20:12:15","modified_gmt":"2025-12-08T20:12:15","slug":"budget-le-parti-socialiste-trahit-la-notion-meme-de-compromis-mediapart","status":"publish","type":"post","link":"https:\/\/www.europesays.com\/fr\/587046\/","title":{"rendered":"Budget : le Parti socialiste trahit la notion m\u00eame de compromis &#8211; Mediapart"},"content":{"rendered":"<ol>\n<li><a href=\"https:\/\/news.google.com\/rss\/articles\/CBMisAFBVV95cUxPVHV0cFQzYnYzVmUwSWE1Q0FEbFZOdl9XWnQ0VkxfVDRIT0pvSzlNZEl2TzZyY0lzWnp1WDZHbm51dS1wVXI4ODBtWWtXdWR1eXA0Z2M0U040clYxMElnRXB2Xy1wMl9WNnUxXzVBRmpuNnJkSGlyQnNhRk52UmtmN2hHTk1LLTdvQ3I3bzkyNEpuSUNYR0k3cVE5TV84OVA2QkFHMHp0c2NkNGRnM3B5bQ?oc=5\" target=\"_blank\" rel=\"noopener\">Budget : le Parti socialiste trahit la notion m\u00eame de compromis<\/a>&nbsp;&nbsp;Mediapart<\/li>\n<li><a href=\"https:\/\/news.google.com\/rss\/articles\/CBMiiAJBVV95cUxOSTJycHJaazBPejBidFpnMm01TDZidkJVMHFqX0cydF9TXzQwVHprRnFHX0l1cUIxczU2cG1GdHpwajBISHNzaENYTWdtdk5uY3pTbjF3UFJBZTRneTlqWHJlc3JIR0VMX3ZyMDlWdlhxUjVaNkMwR3Q3c2FqbmdWLVh1cm53aGRUUUdvbmYzY1hkTmRra3FhYko5UEhmX24wcmRnTlVoRTB5SDFCdjRDSGxFNUJjR1VSU0NnSTJSOFctcElZdE90MHZKRXhSdFdfUHBMU0JCc2FuS3N1SF9McGFHemVfVFF3Tm5kTGtCRnRkYVp4QUV3MUstWjlleHdIUUptTktPVTk?oc=5\" target=\"_blank\" rel=\"noopener\">Boris Vallaud : \u00ab Les socialistes sont pour une opposition utile et voteront le budget de la S\u00e9curit\u00e9 sociale \u00bb<\/a>&nbsp;&nbsp;Le Monde.fr<\/li>\n<li><a href=\"https:\/\/news.google.com\/rss\/articles\/CBMi6wFBVV95cUxPcW5qa2RLRXIxYVdYLURCeUltWmoxU1NERkhjLVdBY2hQbEJSdVc0Zmc4SThJMzh3d1phT2s1cFFiV18tRko5dkMtakduWkV3UFc2LU1VX29SeHd3c3NQYi1mNEhhLTZTQ2lhTzl3SXZzd0YzY3B2ZFFsQk9NaUZmVVlHdkVKNkdTUTV1ekp5dktqemVKc3AzanlKRnNxNW9QS2Q0cGw1dV91a1R2cklVc2RkOHNPTWNnT0g5M0dvb2xnNDFWQXF0T09fRDg2REJiQzlhRmFIZWNhSDdhX2tqcF8tY09yNHkxajFB?oc=5\" target=\"_blank\" rel=\"noopener\">\u00ab Le vote va \u00eatre tr\u00e8s serr\u00e9 \u00bb : pour S\u00e9bastien Lecornu, \u00e7a passe\u2026 ou \u00e7a ne casse pas<\/a>&nbsp;&nbsp;Le Parisien<\/li>\n<li><a href=\"https:\/\/news.google.com\/rss\/articles\/CBMiqwJBVV95cUxPR0F1NXY2WGdkTHpZM182YzRjSExERkdPemFuYkdjNURWN3JoME5pNHNXSTJiT3kyTG9FWlhIT2pFOU1zY1htUnJfWDVGaHdHNmpDaHlqdnZmV3BPUkUyWlRlSVRTMzFLVFBwVUVWbU1EZ2NNZWNCa2htM2pHUWRyQVQwV0ROdTNMQ2NXbkR4SURTb1hsUXQ4emx0bzZCaUtDR1RVQWE2MEtOWVEzNDRpNzVXWm9FdUVaZUN6RXltQlNXb0VWM3NLbUI1R01tQ2NnZTNOM182NnptZW9jUjdubi1CM0haQjI3d2FqaW5TS3NYdFJ5NENueXM2Y2JSYnBYV0VBZlBoYk93ZHpVdVJSclh2QzhSdHhEMDNLZHhFU00zalRrMFU2UTFVWQ?oc=5\" target=\"_blank\" rel=\"noopener\">\u00ab\u00a0Ce texte n&rsquo;est pas votable\u00a0\u00bb: Bruno Retailleau appelle les d\u00e9put\u00e9s Les R\u00e9publicains \u00e0 ne pas voter pour le budget de la S\u00e9curit\u00e9 sociale<\/a>&nbsp;&nbsp;BFM<\/li>\n<li><a href=\"https:\/\/news.google.com\/rss\/articles\/CBMiogJBVV95cUxQOG5WSWNoWkdVTFFMU1lpeWRHN19uZFIySnlnRjQ0Rkp1WC1KMGlLQ1gyT3FBZktVcGxGSV9jbV9naEZIVGNld3VucXVjYUZNWlFDWEJBMVdfa1VyWmw0QUMwR1lOQUZsRFFLSi13czM3UFY3QXdQc2FfTzl4WnlmYXFqd081Ulc2Y0tEamxXeF9XbTUwUjM3TmVFRk5kYWp0c2EySjFfcHp6RVRVTlpaNjl3aWI3ZWVQaXdQOWMtOGlFaGpuOV8wamE1WDRsckMxRFQ5VjRndHVydnNVb2RhalUyY1YzeVR0OG1fdnQwTlNVNlJBZ3BnWHJTbkhrdUVxaW9tYlJpMkw4b0NRVldpeDFhOXBPUE93Xy1PWmhpczc5QQ?oc=5\" target=\"_blank\" rel=\"noopener\">Vote du budget ce mardi : \u00ab Ce sera un moment de grande v\u00e9rit\u00e9 \u00bb, pr\u00e9vient le ministre Laurent Panifous<\/a>&nbsp;&nbsp;Ouest-France<\/li>\n<\/ol>\n","protected":false},"excerpt":{"rendered":"Budget : le Parti socialiste trahit la notion m\u00eame de compromis&nbsp;&nbsp;Mediapart Boris Vallaud : \u00ab Les socialistes sont&hellip;\n","protected":false},"author":2,"featured_media":587047,"comment_status":"","ping_status":"","sticky":false,"template":"","format":"standard","meta":{"footnotes":""},"categories":[2],"tags":[11,1011,27,7740,12,4393,3541,25,11067],"class_list":{"0":"post-587046","1":"post","2":"type-post","3":"status-publish","4":"format-standard","5":"has-post-thumbnail","7":"category-actualites","8":"tag-actualites","9":"tag-fr","10":"tag-france","11":"tag-gauches","12":"tag-news","13":"tag-olivier-faure","14":"tag-parti-socialiste","15":"tag-republique-francaise","16":"tag-sebastien-lecornu"},"share_on_mastodon":{"url":"https:\/\/pubeurope.com\/@fr\/115685775592156684","error":""},"_links":{"self":[{"href":"https:\/\/www.europesays.com\/fr\/wp-json\/wp\/v2\/posts\/587046","targetHints":{"allow":["GET"]}}],"collection":[{"href":"https:\/\/www.europesays.com\/fr\/wp-json\/wp\/v2\/posts"}],"about":[{"href":"https:\/\/www.europesays.com\/fr\/wp-json\/wp\/v2\/types\/post"}],"author":[{"embeddable":true,"href":"https:\/\/www.europesays.com\/fr\/wp-json\/wp\/v2\/users\/2"}],"replies":[{"embeddable":true,"href":"https:\/\/www.europesays.com\/fr\/wp-json\/wp\/v2\/comments?post=587046"}],"version-history":[{"count":0,"href":"https:\/\/www.europesays.com\/fr\/wp-json\/wp\/v2\/posts\/587046\/revisions"}],"wp:featuredmedia":[{"embeddable":true,"href":"https:\/\/www.europesays.com\/fr\/wp-json\/wp\/v2\/media\/587047"}],"wp:attachment":[{"href":"https:\/\/www.europesays.com\/fr\/wp-json\/wp\/v2\/media?parent=587046"}],"wp:term":[{"taxonomy":"category","embeddable":true,"href":"https:\/\/www.europesays.com\/fr\/wp-json\/wp\/v2\/categories?post=587046"},{"taxonomy":"post_tag","embeddable":true,"href":"https:\/\/www.europesays.com\/fr\/wp-json\/wp\/v2\/tags?post=587046"}],"curies":[{"name":"wp","href":"https:\/\/api.w.org\/{rel}","templated":true}]}}