{"id":587048,"date":"2025-12-08T20:13:17","date_gmt":"2025-12-08T20:13:17","guid":{"rendered":"https:\/\/www.europesays.com\/fr\/587048\/"},"modified":"2025-12-08T20:13:17","modified_gmt":"2025-12-08T20:13:17","slug":"rugby-une-dimension-historique-le-xv-de-france-va-defier-la-nouvelle-zelande-dans-une-ville-meurtrie-par-un-drame","status":"publish","type":"post","link":"https:\/\/www.europesays.com\/fr\/587048\/","title":{"rendered":"Rugby\u00a0: \u00ab\u00a0Une dimension historique\u00a0!\u00a0\u00bb Le XV de France va d\u00e9fier la Nouvelle-Z\u00e9lande dans une ville meurtrie par un drame"},"content":{"rendered":"<p>\n                                                                    l&rsquo;essentiel<br \/>\n                                                                L\u2019\u00e9quipe de France de rugby affrontera les All Blacks le 4\u00a0juillet 2026, lors de la Coupe des nations. Au-del\u00e0 d\u2019un choc sportif entre deux \u00e9quipes majeures, ce match est tr\u00e8s symbolique.\n                            <\/p>\n<p>Le XV de France se d\u00e9placera en Nouvelle-Z\u00e9lande le 4\u00a0juillet 2026, afin d\u2019affronter les All Blacks \u00e0 Christchurch \u00e0 l\u2019occasion de la\u00a0Coupe des nations.<\/p>\n<p>Une rencontre d\u2019exception entre deux grosses nations du rugby mondial, qui signera le premier match test \u00e0 domicile pour les All Blacks, rapporte\u00a0<a href=\"https:\/\/www.nzherald.co.nz\/sport\/rugby\/all-blacks\/all-blacks-2026-fixtures-france-opener-at-one-new-zealand-stadium-and-four-home-tests-confirmed\/6LOCQ5G5XNAD5A5JMDO4L2O65U\/\" target=\"_blank\" rel=\"noopener\">The New Zeland Herald.<\/a><\/p>\n<p class=\"std-elt__inline\">\n        <strong>\u00c0 lire aussi :<\/strong><br \/>\n        <a href=\"https:\/\/www.ladepeche.fr\/2025\/11\/15\/video-rugby-un-vrai-manque-de-respect-pourquoi-le-haka-des-all-blacks-contre-langleterre-fait-beaucoup-reagir-13054231.php\" target=\"_blank\" rel=\"noopener\">VIDEO. Rugby\u00a0: \u00ab\u00a0Un vrai manque de respect\u00a0!\u00a0\u00bb Pourquoi le haka des All Blacks contre l\u2019Angleterre fait beaucoup r\u00e9agir<\/a>\n    <\/p>\n<p>Mais derri\u00e8re\u00a0cette confrontation de haut niveau se cache aussi une rencontre tr\u00e8s symbolique. Elle aura lieu dans le tout nouveau\u00a0One New Zealand Stadium, dans la ville de Christchurch, au nord de l\u2019\u00eele du Sud.<\/p>\n<p>Cet endroit est marqu\u00e9 par un horrible drame. En effet, Christchurch avait \u00e9t\u00e9 ravag\u00e9e apr\u00e8s un terrible tremblement de terre\u00a0d\u2019une magnitude de 6,3 sur l\u2019\u00e9chelle de Richter, le 22\u00a0f\u00e9vrier 2011.<\/p>\n<p class=\"std-elt__inline\">\n        <strong>\u00c0 lire aussi :<\/strong><br \/>\n        <a href=\"https:\/\/www.ladepeche.fr\/2025\/12\/03\/coupe-du-monde-de-rugby-2027-les-bleus-sen-sortent-tres-bien-decouvrez-le-groupe-du-xv-de-france-13087698.php\" target=\"_blank\" rel=\"noopener\">Coupe du monde de rugby 2027\u00a0: les Bleus s\u2019en sortent tr\u00e8s bien, d\u00e9couvrez le groupe du XV de France<\/a>\n    <\/p>\n<p>Au total, 185 personnes avaient perdu la vie lors de cette catastrophe, qui a fortement marqu\u00e9 les esprits.<\/p>\n<p>Le 15\u00a0juin 2013, la Nouvelle-Z\u00e9lande avait vaincu\u00a0la France 30-0 dans un Rugby League Park\u00a0en r\u00e9novation qui comportait 18\u00a0000 places. Cette fois-ci, les Bleus joueront dans un stade tout neuf de 30\u00a0000 places. Symbole d\u2019un renouveau.<\/p>\n<p class=\"std-elt__inline\">\n        <strong>\u00c0 lire aussi :<\/strong><br \/>\n        <a href=\"https:\/\/www.ladepeche.fr\/2025\/11\/27\/moi-aussi-je-viens-de-la-campagne-qui-est-cette-legende-des-all-blacks-qui-a-cree-la-surprise-en-plein-entrainement-dune-equipe-amateur-13077439.php\" target=\"_blank\" rel=\"noopener\">\u00ab\u00a0Moi aussi je viens de la campagne\u00a0\u00bb\u00a0: qui est cette l\u00e9gende des All Blacks qui a cr\u00e9\u00e9 la surprise en plein entra\u00eenement d\u2019une \u00e9quipe amateur\u00a0?<\/a>\n    <\/p>\n<p>\u00ab\u00a0Jouer \u00e0 domicile face \u00e0 notre public est toujours une opportunit\u00e9 tr\u00e8s particuli\u00e8re pour les All Blacks mais cette fois-ci le match \u00e0 Christchurch aura une dimension historique\u00a0\u00bb\u00a0a d\u00e9clar\u00e9 Scott Robertson, entra\u00eeneur des All Blacks, \u00e0<a href=\"https:\/\/www.lequipe.fr\/Rugby\/Actualites\/Les-all-blacks-affronteront-les-bleus-a-christchurch-le-4-juillet\/1615539\" target=\"_blank\" rel=\"noopener\"> L\u2019\u00c9quipe<\/a>.<\/p>\n","protected":false},"excerpt":{"rendered":"l&rsquo;essentiel L\u2019\u00e9quipe de France de rugby affrontera les All Blacks le 4\u00a0juillet 2026, lors de la Coupe des&hellip;\n","protected":false},"author":2,"featured_media":587049,"comment_status":"","ping_status":"","sticky":false,"template":"","format":"standard","meta":{"footnotes":""},"categories":[4],"tags":[11,1011,27,12,25,68796,517,513],"class_list":{"0":"post-587048","1":"post","2":"type-post","3":"status-publish","4":"format-standard","5":"has-post-thumbnail","7":"category-france","8":"tag-actualites","9":"tag-fr","10":"tag-france","11":"tag-news","12":"tag-republique-francaise","13":"tag-rugby-u00e0-xv","14":"tag-sport","15":"tag-xv-de-france"},"share_on_mastodon":{"url":"https:\/\/pubeurope.com\/@fr\/115685779516236584","error":""},"_links":{"self":[{"href":"https:\/\/www.europesays.com\/fr\/wp-json\/wp\/v2\/posts\/587048","targetHints":{"allow":["GET"]}}],"collection":[{"href":"https:\/\/www.europesays.com\/fr\/wp-json\/wp\/v2\/posts"}],"about":[{"href":"https:\/\/www.europesays.com\/fr\/wp-json\/wp\/v2\/types\/post"}],"author":[{"embeddable":true,"href":"https:\/\/www.europesays.com\/fr\/wp-json\/wp\/v2\/users\/2"}],"replies":[{"embeddable":true,"href":"https:\/\/www.europesays.com\/fr\/wp-json\/wp\/v2\/comments?post=587048"}],"version-history":[{"count":0,"href":"https:\/\/www.europesays.com\/fr\/wp-json\/wp\/v2\/posts\/587048\/revisions"}],"wp:featuredmedia":[{"embeddable":true,"href":"https:\/\/www.europesays.com\/fr\/wp-json\/wp\/v2\/media\/587049"}],"wp:attachment":[{"href":"https:\/\/www.europesays.com\/fr\/wp-json\/wp\/v2\/media?parent=587048"}],"wp:term":[{"taxonomy":"category","embeddable":true,"href":"https:\/\/www.europesays.com\/fr\/wp-json\/wp\/v2\/categories?post=587048"},{"taxonomy":"post_tag","embeddable":true,"href":"https:\/\/www.europesays.com\/fr\/wp-json\/wp\/v2\/tags?post=587048"}],"curies":[{"name":"wp","href":"https:\/\/api.w.org\/{rel}","templated":true}]}}