{"id":587050,"date":"2025-12-08T20:14:18","date_gmt":"2025-12-08T20:14:18","guid":{"rendered":"https:\/\/www.europesays.com\/fr\/587050\/"},"modified":"2025-12-08T20:14:18","modified_gmt":"2025-12-08T20:14:18","slug":"brooks-koepka-bientot-de-retour-sur-le-pga-tour-ca-chauffe","status":"publish","type":"post","link":"https:\/\/www.europesays.com\/fr\/587050\/","title":{"rendered":"Brooks Koepka bient\u00f4t de retour sur le PGA Tour ? \u00c7a chauffe !"},"content":{"rendered":"<p>\t\t\t\t\t\t<img width=\"770\" height=\"556\" src=\"https:\/\/www.europesays.com\/fr\/wp-content\/uploads\/2025\/12\/afp__20250930__2238310869__v3__highres__alfreddunhilllinkschampionship2025previews-770x556.jpg\" class=\"img-responsive wp-post-image\" alt=\"\" decoding=\"async\" fetchpriority=\"high\"  \/>\t\t\t\t\t<\/p>\n<p>\t\t\t\t\t\t Partager cet article <\/p>\n<p class=\"screen-reader-text juiz_sps_maybe_hidden_text\">Partager la publication \u00ab\u00a0Brooks Koepka bient\u00f4t de retour sur le PGA Tour ? \u00c7a chauffe !\u00a0\u00bb<\/p>\n<p><strong>Alors que plusieurs sources indiquent qu\u2019il pourrait ne pas disputer la prochaine saison du LIV Golf, l\u2019avenir de Brooks Koepka interroge. Une situation qui relance la possibilit\u00e9 d\u2019un retour sur le PGA Tour d\u00e8s 2026.<\/strong><\/p>\n<p><strong>N.C.\u00a0<\/strong><\/p>\n<p>Quand <strong>Brooks Koepka<\/strong> a rejoint le <strong>LIV Golf<\/strong> en juin 2022, <a href=\"https:\/\/www.golfplanete.com\/actualites\/brooks-koepka-sen-va-collin-morikawa-reste\/\" target=\"_blank\" rel=\"noopener\">il \u00e9tait pr\u00e9sent\u00e9 comme l\u2019un des visages majeurs du nouveau circuit<\/a>. Plus de trois ans plus tard, l\u2019incertitude est de rigueur : selon plusieurs sources, l\u2019Am\u00e9ricain pourrait ne pas jouer la saison 2026, malgr\u00e9 un contrat courant officiellement jusqu\u2019\u00e0 fin de cette m\u00eame ann\u00e9e.<\/p>\n<p>Interrog\u00e9 sur la situation du quintuple vainqueur en Majeur, <strong>Gary O\u2019Neil<\/strong>, dirigeant du LIV, a rappel\u00e9 la ligne officielle du circuit\u202f: \u00ab\u202fJe sais que vous n\u2019allez pas aimer cette r\u00e9ponse, a-t-il pr\u00e9venu \u00e0 <strong>Josh Carpenter<\/strong>, journaliste pour <a href=\"https:\/\/www.sportsbusinessjournal.com\/\" target=\"_blank\" rel=\"noopener\">Sports Business Journal<\/a>. Conform\u00e9ment \u00e0 notre politique centr\u00e9e sur les joueurs, nous allons simplement suivre la proc\u00e9dure. Nous n\u2019avons fait aucune annonce concernant les joueurs, mais il est bien sous contrat pour 2026.\u202f\u00bb\u00a0<\/p>\n<p><a href=\"https:\/\/www.golfplanete.com\/actualites\/face-a-la-rumeur-dun-retour-sur-le-pga-tour-brooks-koepka-se-montre-tres-evasif\/\" target=\"_blank\" rel=\"noopener\">D\u00e9j\u00e0 en d\u00e9but d\u2019ann\u00e9e, <strong>Koepka<\/strong> s\u2019\u00e9tait montr\u00e9 tr\u00e8s \u00e9vasif sur son avenir\u202f:<\/a> \u00ab J\u2019ai un contrat, je compte aller au bout de celui-ci, on verra ensuite ce qu\u2019il advient. \u00bb Cette prudence faisait \u00e9cho \u00e0 une d\u00e9claration pr\u00e9alable de <strong>Fred Couples<\/strong> \u00e0 la radio\u202f: \u00ab\u202fJe crois qu\u2019il veut vraiment revenir et jouer sur le circuit am\u00e9ricain.\u202f\u00bb<\/p>\n<blockquote data-service=\"twitter\" data-category=\"marketing\" data-placeholder-image=\"https:\/\/www.golfplanete.com\/wp-content\/plugins\/complianz-gdpr-premium\/assets\/images\/placeholders\/twitter-minimal.jpg\" class=\"cmplz-placeholder-element twitter-tweet\"><p>&#13;<\/p>\n<p dir=\"ltr\" lang=\"en\">Sources have indicated there\u2019s a chance Brooks Koepka may not play on LIV Golf in 2026. <\/p>\n<p>Asked about Koepka\u2019s status in \u201926, Scott O\u2019Neil told <a href=\"https:\/\/twitter.com\/SBJ?ref_src=twsrc%5Etfw\" target=\"_blank\" rel=\"noopener\">@SBJ<\/a>: \u201cI know you\u2019re not going to want to hear this one, just the individual players, and this goes back to our policy, we\u2019re just going\u2026<\/p>\n<p>&#13;<br \/>\n&#13;<br \/>\n\u2014 Josh Carpenter (@JoshACarpenter) <a href=\"https:\/\/twitter.com\/JoshACarpenter\/status\/1998009121027629196?ref_src=twsrc%5Etfw\" target=\"_blank\" rel=\"noopener\">December 8, 2025<\/a><\/p><\/blockquote>\n<p>\u00a0<br \/>\nCinq victoires sur le LIV Golf<\/p>\n<p>Depuis son arriv\u00e9e, le Floridien a donn\u00e9 au circuit saoudien ce qu\u2019il en attendait\u202f: de la performance et du prestige. Il golfeur de 35 ans s\u2019est ainsi impos\u00e9 \u00e0 cinq reprises sur le circuit saoudien entre 2022 et 2024. Cette ann\u00e9e, l\u2019ancien num\u00e9ro 1 mondial a connu plus de difficult\u00e9s, avec un seul top\u202f5 (2e \u00e0 Singapour).\u00a0<\/p>\n<p>Le capitaine des <strong>Smash GC<\/strong> a \u00e9galement perform\u00e9 en Majeurs depuis son d\u00e9part du <strong>PGA Tour<\/strong>. Il a \u00e9t\u00e9 le premier exil\u00e9 \u00e0 remporter un titre du Grand Chelem, le <strong>PGA Championship 2023<\/strong>, quelques semaines apr\u00e8s sa deuxi\u00e8me place au <strong>Masters<\/strong>. En revanche, en 2025, il n\u2019a pass\u00e9 le cut que de l\u2019<strong>U.S. Open<\/strong>, o\u00f9 il a termin\u00e9 12e.<\/p>\n<p>Pourquoi un retour en ao\u00fbt 2026 est possible<\/p>\n<p>Si Koepka d\u00e9cidait de ne plus jouer sur le LIV, il serait soumis \u00e0 la r\u00e8gle des anciens joueurs dissidents\u202f: une suspension d\u2019un an apr\u00e8s sa derni\u00e8re apparition sur le circuit. Il a ainsi jou\u00e9 la derni\u00e8re \u00e9tape de la saison \u00e0 Indianapolis, du 15 au 17 ao\u00fbt dernier.<\/p>\n<p>Dans la th\u00e9orie, son retour sur le PGA Tour pourrait se faire \u00e0 partir du 18 ao\u00fbt 2026. Et il n\u2019aurait pas besoin de repasser par les cartes du circuit am\u00e9ricain, gr\u00e2ce \u00e0 une exemption de cinq ans obtenue lors de sa victoire en 2023 au PGA Championship, valable jusqu\u2019en 2028.<\/p>\n<p>Si le PGA Tour a d\u00e9j\u00e0 autoris\u00e9 plusieurs anciens membres du LIV \u00e0 disputer certains tournois (<strong>James Piot <\/strong>et<strong> Laurie Canter<\/strong>), on ne sait toujours pas clairement quelles sanctions disciplinaires Koepka pourrait encourir s\u2019il d\u00e9cidait de revenir pleinement sur le circuit am\u00e9ricain.<\/p>\n<p>\u00a9Luke Walker \/ GETTY IMAGES EUROPE \/ Getty Images via AFP<\/p>\n<p>\t\t\t<script async src=\"https:\/\/platform.twitter.com\/widgets.js\" charset=\"utf-8\"><\/script><\/p>\n","protected":false},"excerpt":{"rendered":"Partager cet article Partager la publication \u00ab\u00a0Brooks Koepka bient\u00f4t de retour sur le PGA Tour ? \u00c7a chauffe&hellip;\n","protected":false},"author":2,"featured_media":587051,"comment_status":"","ping_status":"","sticky":false,"template":"","format":"standard","meta":{"footnotes":""},"categories":[1418],"tags":[1011,27,1472,60],"class_list":{"0":"post-587050","1":"post","2":"type-post","3":"status-publish","4":"format-standard","5":"has-post-thumbnail","7":"category-golf","8":"tag-fr","9":"tag-france","10":"tag-golf","11":"tag-sports"},"share_on_mastodon":{"url":"https:\/\/pubeurope.com\/@fr\/115685784498880396","error":""},"_links":{"self":[{"href":"https:\/\/www.europesays.com\/fr\/wp-json\/wp\/v2\/posts\/587050","targetHints":{"allow":["GET"]}}],"collection":[{"href":"https:\/\/www.europesays.com\/fr\/wp-json\/wp\/v2\/posts"}],"about":[{"href":"https:\/\/www.europesays.com\/fr\/wp-json\/wp\/v2\/types\/post"}],"author":[{"embeddable":true,"href":"https:\/\/www.europesays.com\/fr\/wp-json\/wp\/v2\/users\/2"}],"replies":[{"embeddable":true,"href":"https:\/\/www.europesays.com\/fr\/wp-json\/wp\/v2\/comments?post=587050"}],"version-history":[{"count":0,"href":"https:\/\/www.europesays.com\/fr\/wp-json\/wp\/v2\/posts\/587050\/revisions"}],"wp:featuredmedia":[{"embeddable":true,"href":"https:\/\/www.europesays.com\/fr\/wp-json\/wp\/v2\/media\/587051"}],"wp:attachment":[{"href":"https:\/\/www.europesays.com\/fr\/wp-json\/wp\/v2\/media?parent=587050"}],"wp:term":[{"taxonomy":"category","embeddable":true,"href":"https:\/\/www.europesays.com\/fr\/wp-json\/wp\/v2\/categories?post=587050"},{"taxonomy":"post_tag","embeddable":true,"href":"https:\/\/www.europesays.com\/fr\/wp-json\/wp\/v2\/tags?post=587050"}],"curies":[{"name":"wp","href":"https:\/\/api.w.org\/{rel}","templated":true}]}}