{"id":587060,"date":"2025-12-08T20:23:12","date_gmt":"2025-12-08T20:23:12","guid":{"rendered":"https:\/\/www.europesays.com\/fr\/587060\/"},"modified":"2025-12-08T20:23:12","modified_gmt":"2025-12-08T20:23:12","slug":"lactrice-sydney-sweeney-repond-a-la-polemique-sur-la-campagne-publicitaire-damerican-eagle","status":"publish","type":"post","link":"https:\/\/www.europesays.com\/fr\/587060\/","title":{"rendered":"l&rsquo;actrice Sydney Sweeney r\u00e9pond \u00e0 la pol\u00e9mique sur la campagne publicitaire d&rsquo;American Eagle"},"content":{"rendered":"<p class=\"article-p mdl\">Apr\u00e8s des mois de silence, l&rsquo;actrice Sydney Sweeney (Euphoria,\u00a0White Lotus) a pris la parole pour r\u00e9pondre \u00e0 la pol\u00e9mique sur la campagne publicitaire d&rsquo;American Eagle pour laquelle elle avait pos\u00e9 comme mannequin.<\/p>\n<p class=\"article-p mdl\"><a class=\"link\" href=\"https:\/\/www.rtl.fr\/actu\/debats-societe\/great-jeans-sydney-sweeney-au-coeur-d-une-campagne-publicitaire-polemique-pour-americain-eagle-7900527083\" title=\"&quot;Great jeans&quot; : Sydney Sweeney au c\u0153ur d&#039;une campagne publicitaire pol\u00e9mique pour Americain Eagle\" target=\"_blank\" rel=\"noopener\">Le slogan de la campagne<\/a>, d\u00e9voil\u00e9 cet \u00e9t\u00e9, a suscit\u00e9 la controverse, \u00ab\u00a0Sydney Sweeney has great jeans\u00a0\u00bb, qui, \u00e0 l&rsquo;oral en anglais, peut \u00eatre compris comme \u00ab\u00a0Sydney Sweeney \u00e0 de superbes g\u00e8nes\u00a0\u00bb. Certains internautes ont per\u00e7u des connotations racistes dans cette expression, historiquement utilis\u00e9e pour valoriser la blancheur et la minceur.<\/p>\n<p class=\"article-p mdl\">Dans une interview pour le magazine\u00a0<a class=\"link\" href=\"https:\/\/people.com\/sydney-sweeney-shares-emotional-response-to-american-eagle-jeans-campaign-exclusive-11863206\" target=\"_blank\" rel=\"noopener\">People<\/a>, publi\u00e9e le 5 d\u00e9cembre, l&rsquo;actrice a indiqu\u00e9 avoir \u00e9t\u00e9 \u00ab\u00a0sinc\u00e8rement surprise par la r\u00e9action\u00a0\u00bb du public. Elle a expliqu\u00e9 avoir accept\u00e9 de faire cette publicit\u00e9 parce qu\u2019elle \u00ab\u00a0adore ces jeans et cette marque\u00a0\u00bb, et assure ne pas partager \u00ab\u00a0les opinions que certaines personnes ont choisi d\u2019associer\u00a0\u00bb\u00a0\u00e0 cette campagne publicitaire. \u00ab\u00a0Tous ceux qui me connaissent savent que j\u2019essaie toujours de rassembler les gens. Je suis contre la haine et la division\u00a0\u00bb, a-t-elle ajout\u00e9.\u00a0<\/p>\n<p>            Pourquoi est-elle rest\u00e9e silencieuse sur le sujet ?<\/p>\n<p class=\"article-p mdl\">Lors de la pol\u00e9mique, l&rsquo;actrice avait choisi de rester silencieuse, esp\u00e9rant que les critiques s&rsquo;estompent. Actuellement en pleine promotion du thriller de Freida McFadder adapt\u00e9 en film, o\u00f9 elle partage l&rsquo;affiche avec Amanda Seyfried, Sydney Sweeney a chang\u00e9 de strat\u00e9gie m\u00e9diatique.\u00a0<\/p>\n<p class=\"article-p mdl\">\u00ab\u00a0Dans le pass\u00e9, ma position \u00e9tait de ne jamais r\u00e9pondre aux articles, qu\u2019ils soient n\u00e9gatifs ou positifs, explique-t-elle.\u00a0Or, j\u2019ai r\u00e9cemment compris que mon silence sur cette question n\u2019a fait que creuser le foss\u00e9, au lieu de le combler. J\u2019esp\u00e8re donc que cette nouvelle ann\u00e9e mettra davantage l\u2019accent sur ce qui nous unit plut\u00f4t que sur ce qui nous divise.\u00a0\u00bb<\/p>\n<p class=\"article-p mdl\">Malgr\u00e9 la pol\u00e9mique, la campagne d&rsquo;American Eagle a \u00e9t\u00e9 un franc succ\u00e8s et a fait bondir les actions de la marque de 25%. Sydney Sweeney pourrait bien \u00eatre au c\u0153ur d&rsquo;une nouvelle campagne prochainement.\u00a0<\/p>\n<p>    La r\u00e9daction vous recommande<\/p>\n<p class=\"s-newsletter__title\">\n                L\u2019actualit\u00e9 par la r\u00e9daction de RTL dans votre bo\u00eete mail.\n            <\/p>\n<p class=\"s-newsletter__subtitle\">\n                Gr\u00e2ce \u00e0 votre compte RTL abonnez-vous \u00e0 la newsletter RTL info pour suivre toute l&rsquo;actualit\u00e9 au quotidien\n            <\/p>\n<p>\n                                    Lire la suite\n                                <\/p>\n","protected":false},"excerpt":{"rendered":"Apr\u00e8s des mois de silence, l&rsquo;actrice Sydney Sweeney (Euphoria,\u00a0White Lotus) a pris la parole pour r\u00e9pondre \u00e0 la&hellip;\n","protected":false},"author":2,"featured_media":587061,"comment_status":"","ping_status":"","sticky":false,"template":"","format":"standard","meta":{"footnotes":""},"categories":[1359],"tags":[650,58,59,107,1011,27,2137,127,973,1062,1834,252],"class_list":{"0":"post-587060","1":"post","2":"type-post","3":"status-publish","4":"format-standard","5":"has-post-thumbnail","7":"category-people","8":"tag-cinema","9":"tag-divertissement","10":"tag-entertainment","11":"tag-fil-info","12":"tag-fr","13":"tag-france","14":"tag-hollywood","15":"tag-netflix","16":"tag-people","17":"tag-polemique","18":"tag-publicite","19":"tag-television"},"share_on_mastodon":{"url":"https:\/\/pubeurope.com\/@fr\/115685818669099762","error":""},"_links":{"self":[{"href":"https:\/\/www.europesays.com\/fr\/wp-json\/wp\/v2\/posts\/587060","targetHints":{"allow":["GET"]}}],"collection":[{"href":"https:\/\/www.europesays.com\/fr\/wp-json\/wp\/v2\/posts"}],"about":[{"href":"https:\/\/www.europesays.com\/fr\/wp-json\/wp\/v2\/types\/post"}],"author":[{"embeddable":true,"href":"https:\/\/www.europesays.com\/fr\/wp-json\/wp\/v2\/users\/2"}],"replies":[{"embeddable":true,"href":"https:\/\/www.europesays.com\/fr\/wp-json\/wp\/v2\/comments?post=587060"}],"version-history":[{"count":0,"href":"https:\/\/www.europesays.com\/fr\/wp-json\/wp\/v2\/posts\/587060\/revisions"}],"wp:featuredmedia":[{"embeddable":true,"href":"https:\/\/www.europesays.com\/fr\/wp-json\/wp\/v2\/media\/587061"}],"wp:attachment":[{"href":"https:\/\/www.europesays.com\/fr\/wp-json\/wp\/v2\/media?parent=587060"}],"wp:term":[{"taxonomy":"category","embeddable":true,"href":"https:\/\/www.europesays.com\/fr\/wp-json\/wp\/v2\/categories?post=587060"},{"taxonomy":"post_tag","embeddable":true,"href":"https:\/\/www.europesays.com\/fr\/wp-json\/wp\/v2\/tags?post=587060"}],"curies":[{"name":"wp","href":"https:\/\/api.w.org\/{rel}","templated":true}]}}