{"id":587062,"date":"2025-12-08T20:24:19","date_gmt":"2025-12-08T20:24:19","guid":{"rendered":"https:\/\/www.europesays.com\/fr\/587062\/"},"modified":"2025-12-08T20:24:19","modified_gmt":"2025-12-08T20:24:19","slug":"hommage-quand-martin-parr-celebre-photographe-disparu-samedi-deambulait-a-mulhouse","status":"publish","type":"post","link":"https:\/\/www.europesays.com\/fr\/587062\/","title":{"rendered":"Hommage. Quand Martin Parr, c\u00e9l\u00e8bre photographe disparu samedi, d\u00e9ambulait \u00e0 Mulhouse"},"content":{"rendered":"<p>  Un sens de la relation aux autres<\/p>\n<p>\u00ab\u00a0Mulhouse ressemble \u00e0 beaucoup de villes post-industrielles comme il en existe partout en Angleterre, des villes marqu\u00e9es par le d\u00e9clin \u00e9conomique, le ch\u00f4mage. Je retrouve dans les maisons de ce quartier des choses tr\u00e8s similaires\u00a0\u00bb, constatait Martin Parr. On a appris sa mort samedi \u00e0 l\u2019\u00e2ge de 73 ans.<\/p>\n<p>Le membre de la tr\u00e8s r\u00e9put\u00e9e agence Magnum avait durant cinq jours, rencontr\u00e9 les commer\u00e7ants du quartier, les marchands ambulants du march\u00e9 et une trentaine d\u2019habitants \u00e0 leur domicile. Pr\u00eatant une grande attention aux histoires des familles, \u00e0 leurs origines, leur vie de quartier, leur int\u00e9rieur. Pour les portraits, le photographe donnait quelques indications de pose, d\u2019attitude, demandant aussi de ne pas sourire.<\/p>\n<p>Au total, Martin Parr avait pris plus de 500 images. Une s\u00e9lection qui avait donn\u00e9 lieu \u00e0 l\u2019exposition \u00ab\u00a0A taste of Mulhouse\u00a0\u00bb, en \u00e9cho aux s\u00e9ries plus anciennes, les incontournables \u00ab\u00a0The last resort\u00a0\u00bb et \u00ab\u00a0Signs of the times\u00a0\u00bb, pr\u00e9sent\u00e9es dans la galerie de La Filature. La partie mulhousienne s\u2019ouvrait sur un grand mur mosa\u00efque compos\u00e9 de 36 images, collection h\u00e9t\u00e9roclite des statuettes, bibelots divers, photos familiales, souvenirs de vacances,\u00a0etc.<\/p>\n<p>Responsable des arts visuels de la Filature, Emmanuelle Walter avait accompagn\u00e9 Martin Parr dans le quartier. \u00ab\u00a0C\u2019est sa concentration sans faille qui m\u2019a impressionn\u00e9e\u00a0\u00bb, se souvient-elle. \u00ab\u00a0Il se fondait dans le paysage, s\u2019approchant au plus pr\u00e8s des choses et des gens, avec un vrai go\u00fbt de la relation \u00e0 l\u2019autre.\u00a0\u00bb Le photographe britannique laisse aux habitants de Mulhouse un portrait saisissant et profond\u00e9ment humain de leur ville.<\/p>\n","protected":false},"excerpt":{"rendered":"Un sens de la relation aux autres \u00ab\u00a0Mulhouse ressemble \u00e0 beaucoup de villes post-industrielles comme il en existe&hellip;\n","protected":false},"author":2,"featured_media":587063,"comment_status":"","ping_status":"","sticky":false,"template":"","format":"standard","meta":{"footnotes":""},"categories":[1358],"tags":[2389,1348,1384,1385,1687,1386,58,59,2271,107,1011,27],"class_list":{"0":"post-587062","1":"post","2":"type-post","3":"status-publish","4":"format-standard","5":"has-post-thumbnail","7":"category-arts-et-design","8":"tag-alsace","9":"tag-arts","10":"tag-arts-and-design","11":"tag-arts-et-design","12":"tag-culture-loisirs","13":"tag-design","14":"tag-divertissement","15":"tag-entertainment","16":"tag-exposition-arts-plastiques","17":"tag-fil-info","18":"tag-fr","19":"tag-france"},"share_on_mastodon":{"url":"https:\/\/pubeurope.com\/@fr\/115685822505412012","error":""},"_links":{"self":[{"href":"https:\/\/www.europesays.com\/fr\/wp-json\/wp\/v2\/posts\/587062","targetHints":{"allow":["GET"]}}],"collection":[{"href":"https:\/\/www.europesays.com\/fr\/wp-json\/wp\/v2\/posts"}],"about":[{"href":"https:\/\/www.europesays.com\/fr\/wp-json\/wp\/v2\/types\/post"}],"author":[{"embeddable":true,"href":"https:\/\/www.europesays.com\/fr\/wp-json\/wp\/v2\/users\/2"}],"replies":[{"embeddable":true,"href":"https:\/\/www.europesays.com\/fr\/wp-json\/wp\/v2\/comments?post=587062"}],"version-history":[{"count":0,"href":"https:\/\/www.europesays.com\/fr\/wp-json\/wp\/v2\/posts\/587062\/revisions"}],"wp:featuredmedia":[{"embeddable":true,"href":"https:\/\/www.europesays.com\/fr\/wp-json\/wp\/v2\/media\/587063"}],"wp:attachment":[{"href":"https:\/\/www.europesays.com\/fr\/wp-json\/wp\/v2\/media?parent=587062"}],"wp:term":[{"taxonomy":"category","embeddable":true,"href":"https:\/\/www.europesays.com\/fr\/wp-json\/wp\/v2\/categories?post=587062"},{"taxonomy":"post_tag","embeddable":true,"href":"https:\/\/www.europesays.com\/fr\/wp-json\/wp\/v2\/tags?post=587062"}],"curies":[{"name":"wp","href":"https:\/\/api.w.org\/{rel}","templated":true}]}}