{"id":587064,"date":"2025-12-08T20:26:13","date_gmt":"2025-12-08T20:26:13","guid":{"rendered":"https:\/\/www.europesays.com\/fr\/587064\/"},"modified":"2025-12-08T20:26:13","modified_gmt":"2025-12-08T20:26:13","slug":"matthieu-delormeau-absent-cyril-hanouna-revele-quil-a-eu-un-petit-accident","status":"publish","type":"post","link":"https:\/\/www.europesays.com\/fr\/587064\/","title":{"rendered":"Matthieu Delormeau absent Cyril Hanouna r\u00e9v\u00e8le qu&rsquo;il a eu \u00ab\u00a0un petit accident\u00a0\u00bb"},"content":{"rendered":"<p>Matthieu Delormeau ne s\u00a0\u00bben cache pas : depuis qu&rsquo;il est de<br \/>\nretour en t\u00e9l\u00e9, il est tr\u00e8s heureux. D&rsquo;ailleurs, Cyril Hanouna lui<br \/>\na r\u00e9cemment avou\u00e9 qu&rsquo;il avait beaucoup chang\u00e9 depuis sa premi\u00e8re<br \/>\ndans Tout beau, tout neuf. <strong>\u00ab\u00a0On t&rsquo;avait vu revenir sur<br \/>\nla premi\u00e8re et j&rsquo;\u00e9tais tr\u00e8s content de te voir mais c&rsquo;est vrai que<br \/>\nt&rsquo;avais chang\u00e9 physiquement. L\u00e0, on te retrouve comme t&rsquo;\u00e9tais. Tu<br \/>\nas fait un travail&#8230; Je ne pense pas que \u00e7a allait aller aussi<br \/>\nvite\u00a0\u00bb<\/strong>, a d\u00e9clar\u00e9 <a href=\"https:\/\/www.melty.fr\/tele\/tbt9-cyril-hanouna-dezingue-miss-france-aussi-chiantes-que-les-vraies-2281266.html\" target=\"_blank\" rel=\"noopener\"><br \/>\ncelui qui a d\u00e9zingu\u00e9 Miss France.<\/a><\/p>\n<p>Matthieu Delormeau confront\u00e9 au refus de Gilles Verdez<\/p>\n<p>Apr\u00e8s avoir remport\u00e9 un prime \u00e0 animer sur W9, Matthieu<br \/>\nDelormeau a subitement \u00e9t\u00e9 pris d&rsquo;un moment d&rsquo;angoisse. <a href=\"https:\/\/www.melty.fr\/tele\/tbt9-matthieu-delormeau-se-met-a-nu-les-gens-nont-plus-envie-de-me-voir-2280445.html\" target=\"_blank\" rel=\"noopener\"><br \/>\nCe dernier est persuad\u00e9 que beaucoup de monde n&rsquo;a pas envie de le<br \/>\nrevoir dans cet exercice.<\/a> Le chroniqueur a d&rsquo;ailleurs profit\u00e9<br \/>\nde l&rsquo;occasion pour r\u00e9v\u00e9ler que Raymond et Gilles Verdez n&rsquo;\u00e9taient<br \/>\npas vraiment pour son retour dans l&rsquo;\u00e9mission. Mais depuis, tout va<br \/>\npour le mieux entre eux.<\/p>\n<p>\u00ab\u00a0<strong>J&rsquo;\u00e9tais pas du tout content qu&rsquo;il<br \/>\nrevienne.<\/strong> On a eu des probl\u00e8mes, compliqu\u00e9s. Ce que j&rsquo;ai<br \/>\nbeaucoup appr\u00e9ci\u00e9, c&rsquo;est que Matthieu a fait un geste, un pas, moi<br \/>\naussi. Et <strong>aujourd&rsquo;hui, je suis content qu&rsquo;il soit<br \/>\nl\u00e0.\u00a0<\/strong>On a discut\u00e9 avant l&rsquo;\u00e9mission tout \u00e0 l&rsquo;heure, on<br \/>\nva d\u00e9jeuner ensemble, on a pris des nouvelles l&rsquo;un de l&rsquo;autre. On<br \/>\nest partis de vraiment loin. On a r\u00e9instaur\u00e9 une tr\u00e8s belle<br \/>\nrelation. Maintenant, on s&rsquo;entend bien, on se parle, et il n&rsquo;y a<br \/>\nplus aucun souci de le voir l\u00e0. C&rsquo;est un plaisir de le voir aller<br \/>\nbien\u00a0\u00bb, a expliqu\u00e9 Gilles Verdez.<\/p>\n<p>Au d\u00e9part, Raymond Aabou \u00e9tait du m\u00eame avis que Gilles<br \/>\nVerdez<\/p>\n<p>Raymond Aaabou, lui, \u00e9tait plus inquiet pour sa sant\u00e9. Le<br \/>\nmeilleur ami de Cyril Hanouna \u00e9tait persuad\u00e9 qu&rsquo;il n&rsquo;allait pas<br \/>\ntenir sous la pression m\u00e9diatique et qu&rsquo;il allait encore quitter<br \/>\nl&rsquo;\u00e9mission. Un peu comme il a pu le faire par le pass\u00e9 dans Touche<br \/>\nPas \u00e0 Mon Poste.<\/p>\n<p><strong>\u00ab\u00a0Il tiendra pas. Il va faire deux jours, et il va<br \/>\nretomber dans ses d\u00e9lires.&rsquo; Y a trop de d\u00e9g\u00e2ts, il faut qu&rsquo;il se<br \/>\nrepose. Il fait de la t\u00e9l\u00e9, donc je pense qu&rsquo;il gu\u00e9rit. Il est<br \/>\nmalheureux quand il ne fait pas de t\u00e9l\u00e9. Sa vie, c&rsquo;est de la<br \/>\nt\u00e9l\u00e9\u00a0\u00bb<\/strong>, a-t-il d\u00e9clar\u00e9.<\/p>\n<p>Matthieu Delomeau victime d&rsquo;un<br \/>\naccident<\/p>\n<p>Contre toute attente, ce lundi 8 d\u00e9cembre 2025, Matthieu<br \/>\nDelormeau \u00e9tait absent de Tout beau, tout neuf. Pour le remplacer,<br \/>\nc&rsquo;est Danielle Moreau qui a \u00e9t\u00e9 appel\u00e9e. Au cours de l&rsquo;\u00e9mission,<br \/>\nCyril Hanouna a expliqu\u00e9 pourquoi le chroniqueur n&rsquo;\u00e9tait pas<br \/>\npr\u00e9sent aujourd&rsquo;hui. <strong>\u00ab\u00a0Matthieu Delormeau a eu un petit<br \/>\naccident. Ne vous inqui\u00e9tez pas. Il devrait \u00eatre absent jusqu&rsquo;\u00e0 la<br \/>\nfin de semaine ou lundi prochain\u00a0\u00bb<\/strong>, a-t-il dit dans un<br \/>\npremier temps.<\/p>\n<p>\u00ab\u00a0Il a chut\u00e9 chez lui dans les escaliers. Sur le coup, il<br \/>\npensait que ce n&rsquo;\u00e9tait pas grave. Mais le lendemain, il avait<br \/>\nbeaucoup d&rsquo;h\u00e9matomes. Il s&rsquo;est vraiment fait mal. <strong>Il avait<br \/>\nune arcade qui saignait au point qu&rsquo;il ne pouvait pas ouvrir<br \/>\nl&rsquo;oeil.<\/strong> La premi\u00e8re id\u00e9e, c&rsquo;est un retour lundi prochain.<br \/>\nEn tout cas, la chute est s\u00e9rieuse\u00a0\u00bb, a ajout\u00e9 Gilles<br \/>\nVerdez.<\/p>\n","protected":false},"excerpt":{"rendered":"Matthieu Delormeau ne s\u00a0\u00bben cache pas : depuis qu&rsquo;il est de retour en t\u00e9l\u00e9, il est tr\u00e8s heureux.&hellip;\n","protected":false},"author":2,"featured_media":587065,"comment_status":"","ping_status":"","sticky":false,"template":"","format":"standard","meta":{"footnotes":""},"categories":[1356],"tags":[1083,58,59,1011,27,7830,252,65861,1364],"class_list":{"0":"post-587064","1":"post","2":"type-post","3":"status-publish","4":"format-standard","5":"has-post-thumbnail","7":"category-television","8":"tag-cyril-hanouna","9":"tag-divertissement","10":"tag-entertainment","11":"tag-fr","12":"tag-france","13":"tag-matthieu-delormeau","14":"tag-television","15":"tag-trend","16":"tag-tv"},"share_on_mastodon":{"url":"https:\/\/pubeurope.com\/@fr\/115685830667854508","error":""},"_links":{"self":[{"href":"https:\/\/www.europesays.com\/fr\/wp-json\/wp\/v2\/posts\/587064","targetHints":{"allow":["GET"]}}],"collection":[{"href":"https:\/\/www.europesays.com\/fr\/wp-json\/wp\/v2\/posts"}],"about":[{"href":"https:\/\/www.europesays.com\/fr\/wp-json\/wp\/v2\/types\/post"}],"author":[{"embeddable":true,"href":"https:\/\/www.europesays.com\/fr\/wp-json\/wp\/v2\/users\/2"}],"replies":[{"embeddable":true,"href":"https:\/\/www.europesays.com\/fr\/wp-json\/wp\/v2\/comments?post=587064"}],"version-history":[{"count":0,"href":"https:\/\/www.europesays.com\/fr\/wp-json\/wp\/v2\/posts\/587064\/revisions"}],"wp:featuredmedia":[{"embeddable":true,"href":"https:\/\/www.europesays.com\/fr\/wp-json\/wp\/v2\/media\/587065"}],"wp:attachment":[{"href":"https:\/\/www.europesays.com\/fr\/wp-json\/wp\/v2\/media?parent=587064"}],"wp:term":[{"taxonomy":"category","embeddable":true,"href":"https:\/\/www.europesays.com\/fr\/wp-json\/wp\/v2\/categories?post=587064"},{"taxonomy":"post_tag","embeddable":true,"href":"https:\/\/www.europesays.com\/fr\/wp-json\/wp\/v2\/tags?post=587064"}],"curies":[{"name":"wp","href":"https:\/\/api.w.org\/{rel}","templated":true}]}}