{"id":587066,"date":"2025-12-08T20:27:20","date_gmt":"2025-12-08T20:27:20","guid":{"rendered":"https:\/\/www.europesays.com\/fr\/587066\/"},"modified":"2025-12-08T20:27:20","modified_gmt":"2025-12-08T20:27:20","slug":"florent-pagny-chante-son-nouveau-single-a-la-star-academy","status":"publish","type":"post","link":"https:\/\/www.europesays.com\/fr\/587066\/","title":{"rendered":"Florent Pagny chante son nouveau single \u00e0 la \u00ab\u00a0Star Academy\u00a0\u00bb"},"content":{"rendered":"<p>\n        Florent Pagny \u00e9tait l&rsquo;un des invit\u00e9s de la \u00ab\u00a0Star Academy\u00a0\u00bb vendredi soir. Durant l&rsquo;\u00e9mission, l&rsquo;artiste a d\u00e9voil\u00e9 au public le nouveau single tir\u00e9 de son album \u00ab\u00a0Grandeur nature\u00a0\u00bb. \u00c0 \u00e9couter sur Purecharts !\n    <\/p>\n<p class=\"content-paragraph\"><img decoding=\"async\" src=\"https:\/\/www.europesays.com\/fr\/wp-content\/uploads\/2025\/12\/photo_1765189336.jpg\" class=\"textcenter img-content\" loading=\"lazy\" style=\"margin-bottom: 0;\"\/>Capture d&rsquo;\u00e9cran TF1 <br \/>La star de la derni\u00e8re soir\u00e9e de la \u00ab\u00a0Star Academy\u00a0\u00bb ? Florent Pagny ! Alors qu&rsquo;Eddy de Pretto a fait un duo surprise avec Bastiaan et que <a href=\"https:\/\/www.chartsinfrance.net\/Star-Academy\/news-134601.html\" class=\"articlepage-link\" target=\"_blank\" rel=\"noopener\">Lily a \u00e9t\u00e9 \u00e9limin\u00e9e<\/a>, le chanteur de 64 ans \u00e9tait l&rsquo;invit\u00e9 phare du <a href=\"https:\/\/www.chartsinfrance.net\/Star-Academy\/news-134586.html\" class=\"articlepage-link\" target=\"_blank\" rel=\"noopener\">prime sp\u00e9cial \u00ab\u00a0com\u00e9die musicale\u00a0\u00bb<\/a>. L&rsquo;occasion pour l&rsquo;artiste baryton de partager une coll\u00e9giale avec les \u00e9l\u00e8ves sur son tube \u00ab\u00a0L\u00e0 o\u00f9 je t&#8217;emm\u00e8nerai\u00a0\u00bb ou encore un duo tr\u00e8s vocal avec la favorite Sarah sur son dernier single <a href=\"https:\/\/www.chartsinfrance.net\/actualite\/news-132443.html\" class=\"articlepage-link\" target=\"_blank\" rel=\"noopener\">\u00ab\u00a0T&rsquo;aimer encore\u00a0\u00bb<\/a>. Une prestation \u00ab excellente \u00bb selon le principal int\u00e9ress\u00e9 : \u00ab C&rsquo;est toujours compliqu\u00e9 des tonalit\u00e9s homme-femme. Elle a d\u00fb jongler avec du grave, de l&rsquo;aigu, et elle se d\u00e9brouille super bien. Elle le fait parfaitement ! Elle n&rsquo;est pas g\u00ean\u00e9e alors qu&rsquo;elle a tout pour \u00eatre g\u00ean\u00e9e. Elle le fait tr\u00e8s ais\u00e9ment \u00bb.<\/p>\n<p>Une chanson \u00e9crite par un assistant de \u00ab\u00a0The Voice\u00a0\u00bb !<\/p>\n<p class=\"content-paragraph\"> Durant la deuxi\u00e8me partie de l&rsquo;\u00e9mission, Florent Pagny est revenu sur le plateau pour d\u00e9voiler son nouveau single. Apr\u00e8s \u00ab\u00a0T&rsquo;aimer encore\u00a0\u00bb, c&rsquo;est donc la chanson \u00ab\u00a0Je sais qui je suis\u00a0\u00bb qui fait office de second extrait de <a href=\"https:\/\/www.chartsinfrance.net\/actualite\/news-133770.html\" class=\"articlepage-link\" target=\"_blank\" rel=\"noopener\">son album \u00ab\u00a0Grandeur nature\u00a0\u00bb<\/a>, d\u00e9j\u00e0 \u00e9coul\u00e9 \u00e0 80.000 exemplaires. Sur ce titre pop-rock, Florent Pagny assume sa personnalit\u00e9 et ses choix : \u00ab Je sais d&rsquo;o\u00f9 je viens, qui je suis \/ Ce que j&rsquo;ai fait, ce que j&rsquo;ai dit \/ Tant que coule la vie \/ Dire ce que l&rsquo;on pense \/ Faire ce que l&rsquo;on dit \u00bb. Un titre qui correspond parfaitement au chanteur !<\/p>\n<p class=\"content-paragraph\">\u00ab Ce genre de messages peuvent \u00eatre des messages personnels mais aussi universels. On doit savoir qui on est, on doit dire ce qu&rsquo;on pense et on doit faire ce qu&rsquo;on dit \u00bb a-t-il d\u00e9clar\u00e9 sur le plateau de <a href=\"https:\/\/www.chartsinfrance.net\/actualite\/news-134410.html\" class=\"articlepage-link\" target=\"_blank\" rel=\"noopener\">l&rsquo;\u00e9mission sp\u00e9ciale \u00ab\u00a0Taratata\u00a0\u00bb<\/a>, \u00e0 propos de cette chanson \u00e9crite par Thomas Mod\u00e9r\u00e9, qui est l&rsquo;assistant plateau de \u00ab\u00a0The Voice\u00a0\u00bb : \u00ab Un jour, il est venu avec une chanson. Elle \u00e9tait pas mal, mais elle n&rsquo;\u00e9tait pas pour cet album-l\u00e0. Je l&rsquo;ai fait passer \u00e0 d&rsquo;autres gens pour voir s&rsquo;il y a une chanson qui arrive. C&rsquo;est la derni\u00e8re qui est arriv\u00e9e juste avant d&rsquo;enregistrer l&rsquo;album \u00bb.<\/p>\n<p class=\"content-paragraph\">\n<p class=\"content-paragraph\"> Multipliant les projets, celui qui sera \u00e0 nouveau <a href=\"https:\/\/www.chartsinfrance.net\/actualite\/news-134282.html\" class=\"articlepage-link\" target=\"_blank\" rel=\"noopener\">coach de \u00ab\u00a0The Voice\u00a0\u00bb<\/a> a d\u00e9j\u00e0 enregistr\u00e9 son prochain album. Il en a d\u00e9voil\u00e9 un premier extrait, <a href=\"https:\/\/www.chartsinfrance.net\/actualite\/news-134541.html\" class=\"articlepage-link\" target=\"_blank\" rel=\"noopener\">\u00ab\u00a0En musique\u00a0\u00bb sign\u00e9 Benjamin Biolay<\/a>, lors de son \u00ab\u00a0Taratata\u00a0\u00bb. Sortie pr\u00e9vue \u00ab pendant sa tourn\u00e9e \u00bb : \u00ab Que dans les salles en 2026 ! Quand on aura fini, on l&rsquo;enverra dans les \u00e9toiles. C&rsquo;est un truc un peu \u00e0 part et tout est un peu \u00e9trange dans l&rsquo;album. Et beaucoup de chansons sont superbes \u00bb.<\/p>\n<p>                <img loading=\"lazy\" decoding=\"async\" src=\"https:\/\/www.europesays.com\/fr\/wp-content\/uploads\/2025\/10\/favicon.png\" class=\"author-article-picture\" width=\"35\" height=\"35\"\/><\/p>\n<p>                    Par<\/p>\n<p>                                            <a class=\"author-article-bio-link\" href=\"https:\/\/www.chartsinfrance.net\/auteur\/120\/\" target=\"_blank\" rel=\"noopener\">Th\u00e9au BERTHELOT<\/a><\/p>\n<p>                    |<\/p>\n<p>                                            Journaliste<\/p>\n<p>\n                    Passionn\u00e9 par la musique autant que le cin\u00e9ma, la litt\u00e9rature et le journalisme, il est incollable sur la sc\u00e8ne rock ind\u00e9pendante et se prend de passion pour les dessous de l&rsquo;industrie musicale et de l&rsquo;organisation des concerts et festivals, o\u00f9 vous ne manquerez pas de le croiser.\n                <\/p>\n","protected":false},"excerpt":{"rendered":"Florent Pagny \u00e9tait l&rsquo;un des invit\u00e9s de la \u00ab\u00a0Star Academy\u00a0\u00bb vendredi soir. Durant l&rsquo;\u00e9mission, l&rsquo;artiste a d\u00e9voil\u00e9 au&hellip;\n","protected":false},"author":2,"featured_media":587067,"comment_status":"","ping_status":"","sticky":false,"template":"","format":"standard","meta":{"footnotes":""},"categories":[1355],"tags":[58,59,1011,27,1361,873],"class_list":{"0":"post-587066","1":"post","2":"type-post","3":"status-publish","4":"format-standard","5":"has-post-thumbnail","7":"category-musique","8":"tag-divertissement","9":"tag-entertainment","10":"tag-fr","11":"tag-france","12":"tag-music","13":"tag-musique"},"share_on_mastodon":{"url":"https:\/\/pubeurope.com\/@fr\/115685835930584192","error":""},"_links":{"self":[{"href":"https:\/\/www.europesays.com\/fr\/wp-json\/wp\/v2\/posts\/587066","targetHints":{"allow":["GET"]}}],"collection":[{"href":"https:\/\/www.europesays.com\/fr\/wp-json\/wp\/v2\/posts"}],"about":[{"href":"https:\/\/www.europesays.com\/fr\/wp-json\/wp\/v2\/types\/post"}],"author":[{"embeddable":true,"href":"https:\/\/www.europesays.com\/fr\/wp-json\/wp\/v2\/users\/2"}],"replies":[{"embeddable":true,"href":"https:\/\/www.europesays.com\/fr\/wp-json\/wp\/v2\/comments?post=587066"}],"version-history":[{"count":0,"href":"https:\/\/www.europesays.com\/fr\/wp-json\/wp\/v2\/posts\/587066\/revisions"}],"wp:featuredmedia":[{"embeddable":true,"href":"https:\/\/www.europesays.com\/fr\/wp-json\/wp\/v2\/media\/587067"}],"wp:attachment":[{"href":"https:\/\/www.europesays.com\/fr\/wp-json\/wp\/v2\/media?parent=587066"}],"wp:term":[{"taxonomy":"category","embeddable":true,"href":"https:\/\/www.europesays.com\/fr\/wp-json\/wp\/v2\/categories?post=587066"},{"taxonomy":"post_tag","embeddable":true,"href":"https:\/\/www.europesays.com\/fr\/wp-json\/wp\/v2\/tags?post=587066"}],"curies":[{"name":"wp","href":"https:\/\/api.w.org\/{rel}","templated":true}]}}