{"id":587076,"date":"2025-12-08T20:32:20","date_gmt":"2025-12-08T20:32:20","guid":{"rendered":"https:\/\/www.europesays.com\/fr\/587076\/"},"modified":"2025-12-08T20:32:20","modified_gmt":"2025-12-08T20:32:20","slug":"les-3-voitures-electriques-favorites-de-survoltes-en-decembre-2025-frandroid","status":"publish","type":"post","link":"https:\/\/www.europesays.com\/fr\/587076\/","title":{"rendered":"Les 3 voitures \u00e9lectriques favorites de Survolt\u00e9s en d\u00e9cembre 2025 \u2014 Frandroid"},"content":{"rendered":"<p>Les voitures \u00e9lectriques demeurent une v\u00e9ritable attraction pour le grand public. Voici le top 3 des mod\u00e8les que nous avons ador\u00e9 tester sur Frandroid le mois dernier. <\/p>\n<p>            <a href=\"#1523788\" class=\"product-card--detail__name is-size-6-mobile has-text-weight-bolder has-text-centered mb-5-mobile is-block&#10;            has-text-body is-dark is-relative\"><br \/>\n            Le luxe avant tout        <\/a><\/p>\n<p>                    <a href=\"#1523788\" class=\"no-lightbox product-card__cover is-relative column\"><br \/>\n                                <img decoding=\"async\" width=\"150\" height=\"150\" loading=\"lazy\" alt=\"Rolls-Royce Spectre\" title=\"Rolls-Royce Spectre\" class=\"product-card__image default-product-300x300.png wp-image\" src=\"https:\/\/www.europesays.com\/fr\/wp-content\/uploads\/2025\/12\/rolls-royce-spectre-frandroid-2022-300x300.png\" \/>                    <\/a><\/p>\n<ul>\n<li class=\"is-size-6 has-text-weight-medium\">\n<p>                    Un design hors-norme                <\/li>\n<li class=\"is-size-6 has-text-weight-medium\">\n<p>                    Le confort de conduite ultime                <\/li>\n<li class=\"is-size-6 has-text-weight-medium\">\n<p>                    Des finitions splendides                <\/li>\n<\/ul>\n<p>Sur le march\u00e9 de l\u2019\u00e9lectrique, les divers v\u00e9hicules qui font leur apparition ont des vis\u00e9es pr\u00e9cises. Ainsi peuvent se c\u00f4toyer des mod\u00e8les tr\u00e8s accessibles ainsi que des v\u00e9hicules de luxe qui tiennent du r\u00eave \u00e9veill\u00e9. C\u2019est pr\u00e9cis\u00e9ment le cas de ce top 3. Si vous \u00eates \u00e0 la recherche de ce qui se fait de mieux sur le march\u00e9, rendez-vous sur <a href=\"https:\/\/www.frandroid.com\/guide-dachat\/guides-dachat-survoltes\/guides-dachat-voitures\/1032457_comparatif-meilleures-voitures-electriques-a-choisir\" target=\"_blank\" rel=\"noopener\">notre guide d\u2019achat des meilleures voitures \u00e9lectriques du moment<\/a>. <\/p>\n<p>                        9 \/10<\/p>\n<p>                        <img decoding=\"async\" width=\"150\" height=\"150\" loading=\"lazy\" alt=\"Tesla Model Y Standard\" title=\"Tesla Model Y Standard\" class=\"product-card__image default-product-300x300.png wp-image\" src=\"https:\/\/www.europesays.com\/fr\/wp-content\/uploads\/2025\/12\/tesla-model-y-standard-frandroid-2025-300x300.png\" \/>                    <\/p>\n<ul>\n<li class=\"is-size-6 has-text-weight-medium\">\n<p>                    La consommation tr\u00e8s coh\u00e9rente                <\/li>\n<li class=\"is-size-6 has-text-weight-medium\">\n<p>                    Son excellent comportement routier                <\/li>\n<li class=\"is-size-6 has-text-weight-medium\">\n<p>                    Le bon rapport qualit\u00e9\/prix                <\/li>\n<\/ul>\n<p>                        <a href=\"https:\/\/shop.frandroid.com\/vikldfaq?usp=pp_url&amp;entry.2075823180=Tesla&amp;entry.125608264=Tesla+Model+Y+Standard\" target=\"_blank\" rel=\"nofollow noopener\" data-gtm=\"{&quot;nom_marchand&quot;:&quot;tesla&quot;,&quot;nom_produit&quot;:&quot;tesla-model-y-standard&quot;,&quot;categorie_produit&quot;:&quot;voitures&quot;,&quot;position_marchand&quot;:&quot;0&quot;,&quot;offer_url&quot;:&quot;https:\\\/\\\/shop.frandroid.com\\\/vikldfaq?usp=pp_url&amp;entry.2075823180=Tesla&amp;entry.125608264=Tesla+Model+Y+Standard&quot;,&quot;module_produit&quot;:&quot;product_card_large&quot;,&quot;zone&quot;:&quot;contenu-page&quot;,&quot;event&quot;:&quot;lead_click&quot;}\" class=\"button fr-button fr-button--fullwidth is-hidden-mobile fr-button--small-icon fr-button--gradient-blue fr-button--fixed-right-icon is-relative\"><br \/>\n    Essayez-la            <\/p>\n<p>    <\/a><br \/>\n                <a href=\"https:\/\/bestengine.humanoid.fr\/track\/6181391\/model-y_tesla\" target=\"_blank\" rel=\"nofollow noopener\" class=\"is-hidden-mobile button fr-button fr-button--fullwidth fr-button--inverted product-card__price mt-4 mt-3-mobile\" data-gtm=\"{&quot;nom_marchand&quot;:&quot;tesla&quot;,&quot;nom_produit&quot;:&quot;tesla-model-y-standard&quot;,&quot;categorie_produit&quot;:&quot;voitures&quot;,&quot;position_marchand&quot;:&quot;0&quot;,&quot;offer_url&quot;:&quot;https:\\\/\\\/bestengine.humanoid.fr\\\/track\\\/6181391\\\/model-y_tesla&quot;,&quot;module_produit&quot;:&quot;product_card_large&quot;,&quot;zone&quot;:&quot;contenu-page&quot;,&quot;event&quot;:&quot;bestengine&quot;,&quot;best_product_id&quot;:15733,&quot;prix_produit&quot;:35790,&quot;bloc_offers_count&quot;:1}\"><\/p>\n<p>                Disponible \u00e0<br \/>\n                 35\u00a0790\u00a0\u20ac sur Tesla<\/p>\n<p>        <\/a><\/p>\n<p><a href=\"https:\/\/www.frandroid.com\/marques\/tesla\/2852891_on-a-roule-avec-la-tesla-model-y-la-moins-chere-20-differences-et-un-rapport-qualite-prix-excellent\" target=\"_blank\" rel=\"noopener\">Cette Tesla Model Y standard<\/a> est une volont\u00e9 du constructeur am\u00e9ricain de d\u00e9mocratiser sa gamme. Si vous \u00eates \u00e0 la recherche d\u2019un <a href=\"https:\/\/www.frandroid.com\/guide-dachat\/guides-dachat-survoltes\/guides-dachat-voitures\/1109069_comparatif-meilleurs-suv-electriques\" target=\"_blank\" rel=\"noopener\">SUV \u00e9lectrique<\/a> c\u2019est une option \u00e0 consid\u00e9rer. Le design est de bonne facture m\u00eame si on regrette que l\u2019insonorisation ne soit pas au niveau. Cette it\u00e9ration standard brille surtout par les performances mises en avant avec une autonomie WLTP de 534 km. Au niveau de la consommation, cette version standard est \u00e0 13,1 kWh\/100 km. Cette voiture \u00e9lectrique est efficace sur la route avec une bonne gestion de son \u00e9nergie et surtout de l\u2019espace pour ses passagers. Un prix de d\u00e9part \u00e0 39 990 euros et est \u00e9ligible au bonus \u00e9cologique.<\/p>\n<p><a href=\"https:\/\/images.frandroid.com\/wp-content\/uploads\/2025\/11\/tesla-model-y-standard-00008.jpg\" target=\"_blank\" class=\"article-content__figure\" rel=\"noopener\"><img fetchpriority=\"high\" loading=\"eager\" decoding=\"async\" width=\"1200\" height=\"801\" src=\"https:\/\/www.europesays.com\/fr\/wp-content\/uploads\/2025\/12\/tesla-model-y-standard-00008-1200x801.jpg\" alt=\"\" class=\"wp-image-2853063 wp-image\"  \/><\/a>Tesla Model Y Standard \/\/ Source : Robin Wycke pour Frandroid<\/p>\n<p>                        8 \/10<\/p>\n<p>                        <img decoding=\"async\" width=\"150\" height=\"150\" loading=\"lazy\" alt=\"Hyundai Ioniq 9\" title=\"Hyundai Ioniq 9\" class=\"product-card__image default-product-300x300.png wp-image\" src=\"https:\/\/www.europesays.com\/fr\/wp-content\/uploads\/2025\/12\/hyundai-ioniq-9-frandroid-2025-300x300.png\" \/>                    <\/p>\n<ul>\n<li class=\"is-size-6 has-text-weight-medium\">\n<p>                    Son habitabilit\u00e9 gigantesque                <\/li>\n<li class=\"is-size-6 has-text-weight-medium\">\n<p>                    \u00c9quipement pl\u00e9thorique                <\/li>\n<li class=\"is-size-6 has-text-weight-medium\">\n<p>                    Autonomie confortable                <\/li>\n<\/ul>\n<p>            <a href=\"https:\/\/shop.frandroid.com\/vikldfaq?usp=pp_url&amp;entry.2075823180=Hyundai&amp;entry.125608264=Hyundai+Ioniq+9\" target=\"_blank\" rel=\"nofollow noopener\" data-gtm=\"{&quot;nom_marchand&quot;:&quot;inconnu&quot;,&quot;nom_produit&quot;:&quot;hyundai-ioniq-9&quot;,&quot;categorie_produit&quot;:&quot;voitures&quot;,&quot;position_marchand&quot;:&quot;0&quot;,&quot;offer_url&quot;:&quot;https:\\\/\\\/shop.frandroid.com\\\/vikldfaq?usp=pp_url&amp;entry.2075823180=Hyundai&amp;entry.125608264=Hyundai+Ioniq+9&quot;,&quot;module_produit&quot;:&quot;product_card_large&quot;,&quot;zone&quot;:&quot;contenu-page&quot;,&quot;event&quot;:&quot;lead_click&quot;}\" class=\"button fr-button fr-button--fullwidth is-hidden-mobile fr-button--small-icon fr-button--gradient-blue fr-button--fixed-right-icon is-relative\"><br \/>\n    Essayez-la            <\/p>\n<p>    <\/a><\/p>\n<p>Au sommet de la gamme des voitures \u00e9lectriques de la marque, <a href=\"https:\/\/www.frandroid.com\/marques\/hyundai\/2863931_on-a-teste-le-hyundai-ioniq-9-une-voiture-electrique-xxl-qui-na-pas-peur-des-longs-voyages\" target=\"_blank\" rel=\"noopener\">la Hyundai Ioniq 9<\/a> est celle qui tr\u00f4ne d\u00e9sormais. Le premier coup d\u2019oeil remarque l\u2019exub\u00e9rance au niveau du design avec un profil r\u00e9ellement massif. Ce qui laisse pr\u00e9sager d\u2019un habitacle gargantuesque. Chaque passager poss\u00e8de un espace vital important. L\u2019espace int\u00e9rieur est modulable pour offrir de la place \u00e0 une famille nombreuse. Au niveau des performances, l\u2019autonomie WLTP de 620 km et une consommation de 19,9 kWh\/100 km. La recharge de 10 \u00e0 80 % est r\u00e9alis\u00e9e en 24 minutes. En conduite, le 0 \u00e0 100 km\/h est abattu en 9,4 secondes. Cet \u00e9talement de performances se paie avec un ticket d\u2019entr\u00e9e \u00e0 69 900 euros.<\/p>\n<p><a href=\"https:\/\/images.frandroid.com\/wp-content\/uploads\/2025\/11\/hd-hyundai-ioniq9-presskit-245.jpg\" target=\"_blank\" class=\"article-content__figure\" rel=\"noopener\"><img loading=\"lazy\" decoding=\"async\" width=\"1200\" height=\"800\" src=\"https:\/\/www.europesays.com\/fr\/wp-content\/uploads\/2025\/12\/hd-hyundai-ioniq9-presskit-245-1200x800.jpg\" alt=\"\" class=\"wp-image-2873959 wp-image\"  \/><\/a>Hyundai Ioniq 9 \/\/ Source : Six:Trente Production pour Hyundai France<\/p>\n<p>                                <img decoding=\"async\" width=\"150\" height=\"150\" loading=\"lazy\" alt=\"Rolls-Royce Spectre\" title=\"Rolls-Royce Spectre\" class=\"product-card__image default-product-300x300.png wp-image\" src=\"https:\/\/www.europesays.com\/fr\/wp-content\/uploads\/2025\/12\/rolls-royce-spectre-frandroid-2022-300x300.png\" \/>                    <\/p>\n<ul>\n<li class=\"is-size-6 has-text-weight-medium\">\n<p>                    Un design hors-norme                <\/li>\n<li class=\"is-size-6 has-text-weight-medium\">\n<p>                    Le confort de conduite ultime                <\/li>\n<li class=\"is-size-6 has-text-weight-medium\">\n<p>                    Des finitions splendides                <\/li>\n<\/ul>\n<p>            <a href=\"https:\/\/shop.frandroid.com\/vikldfaq?usp=pp_url&amp;entry.2075823180=Rolls-Royce&amp;entry.125608264=Rolls-Royce+Spectre\" target=\"_blank\" rel=\"nofollow noopener\" data-gtm=\"{&quot;nom_marchand&quot;:&quot;inconnu&quot;,&quot;nom_produit&quot;:&quot;rolls-royce-spectre&quot;,&quot;categorie_produit&quot;:&quot;voitures&quot;,&quot;position_marchand&quot;:&quot;0&quot;,&quot;offer_url&quot;:&quot;https:\\\/\\\/shop.frandroid.com\\\/vikldfaq?usp=pp_url&amp;entry.2075823180=Rolls-Royce&amp;entry.125608264=Rolls-Royce+Spectre&quot;,&quot;module_produit&quot;:&quot;product_card_large&quot;,&quot;zone&quot;:&quot;contenu-page&quot;,&quot;event&quot;:&quot;lead_click&quot;}\" class=\"button fr-button fr-button--fullwidth is-hidden-mobile fr-button--small-icon fr-button--gradient-blue fr-button--fixed-right-icon is-relative\"><br \/>\n    Essayez-la            <\/p>\n<p>    <\/a><\/p>\n<p><a href=\"https:\/\/www.frandroid.com\/survoltes\/voitures-electriques\/2843575_test-rolls-royce-spectre\" target=\"_blank\" rel=\"noopener\">Cette Rolls-Royce Spectre<\/a> est un peu diff\u00e9rente des voitures \u00e9lectriques que nous avons l\u2019habitude de vous proposer, et pour cause : un prix d\u2019entr\u00e9e \u00e0 400 000 euros qui n\u2019est \u00e9videmment pas accessible \u00e0 toutes les bourses. La Rolls n\u2019est donc pas vraiment recommand\u00e9e par nos soins. Bien entendu, la voiture respire le luxe avec un ext\u00e9rieur superbe et un habitacle sophistiqu\u00e9 avec des mat\u00e9riaux luxueux. Pour la premi\u00e8re Rolls \u00e9lectrique de l\u2019histoire, elle d\u00e9veloppe 900 Nm de couple ce qui permet d\u2019exp\u00e9dier le 0 \u00e0 100 km\/h en 4,5 secondes. Sur le volet des performances, l\u2019autonomie WLTP est \u00e0 530 km avec une consommation de 22,2 kWh\/100 km. En conduite, le silence est de mise avec un confort de tous les instants sur la route. Bref, cette Rolls-Royce prouve qu\u2019il est possible d\u2019avoir une voiture de luxe 100 % \u00e9lectrique sur le march\u00e9.<\/p>\n<p><a href=\"https:\/\/images.frandroid.com\/wp-content\/uploads\/2025\/11\/dsc09689.jpg\" target=\"_blank\" class=\"article-content__figure\" rel=\"noopener\"><img loading=\"lazy\" decoding=\"async\" width=\"1200\" height=\"802\" src=\"https:\/\/www.europesays.com\/fr\/wp-content\/uploads\/2025\/12\/dsc09689-1200x802.jpg\" alt=\"\" class=\"wp-image-2874501 wp-image\"  \/><\/a>Rolls-Royce Spectre \/\/ Source : Robin Wycke \u2013 Frandroid<\/p>\n<p>Le saviez-vous ? Google News vous permet de choisir vos m\u00e9dias. Ne passez pas \u00e0 c\u00f4t\u00e9 de <a href=\"https:\/\/news.google.com\/publications\/CAAqBggKMICKMDCuyQU?oc=3\" target=\"_blank\" rel=\"noopener\">Frandroid<\/a> et <a href=\"https:\/\/news.google.com\/publications\/CAAqBwgKMNO2ogkwmIaYAg?oc=3\" target=\"_blank\" rel=\"noopener\">Numerama<\/a>.<\/p>\n","protected":false},"excerpt":{"rendered":"Les voitures \u00e9lectriques demeurent une v\u00e9ritable attraction pour le grand public. Voici le top 3 des mod\u00e8les que&hellip;\n","protected":false},"author":2,"featured_media":587077,"comment_status":"","ping_status":"","sticky":false,"template":"","format":"standard","meta":{"footnotes":""},"categories":[7],"tags":[1011,27,70013,70014,43,40,41,39,42,44,57186],"class_list":{"0":"post-587076","1":"post","2":"type-post","3":"status-publish","4":"format-standard","5":"has-post-thumbnail","7":"category-sciences-et-technologies","8":"tag-fr","9":"tag-france","10":"tag-hyundai-ioniq-9","11":"tag-rolls-royce-spectre","12":"tag-science","13":"tag-science-and-technology","14":"tag-sciences","15":"tag-sciences-et-technologies","16":"tag-technologies","17":"tag-technology","18":"tag-tesla-model-y-standard"},"share_on_mastodon":{"url":"https:\/\/pubeurope.com\/@fr\/115685855610731018","error":""},"_links":{"self":[{"href":"https:\/\/www.europesays.com\/fr\/wp-json\/wp\/v2\/posts\/587076","targetHints":{"allow":["GET"]}}],"collection":[{"href":"https:\/\/www.europesays.com\/fr\/wp-json\/wp\/v2\/posts"}],"about":[{"href":"https:\/\/www.europesays.com\/fr\/wp-json\/wp\/v2\/types\/post"}],"author":[{"embeddable":true,"href":"https:\/\/www.europesays.com\/fr\/wp-json\/wp\/v2\/users\/2"}],"replies":[{"embeddable":true,"href":"https:\/\/www.europesays.com\/fr\/wp-json\/wp\/v2\/comments?post=587076"}],"version-history":[{"count":0,"href":"https:\/\/www.europesays.com\/fr\/wp-json\/wp\/v2\/posts\/587076\/revisions"}],"wp:featuredmedia":[{"embeddable":true,"href":"https:\/\/www.europesays.com\/fr\/wp-json\/wp\/v2\/media\/587077"}],"wp:attachment":[{"href":"https:\/\/www.europesays.com\/fr\/wp-json\/wp\/v2\/media?parent=587076"}],"wp:term":[{"taxonomy":"category","embeddable":true,"href":"https:\/\/www.europesays.com\/fr\/wp-json\/wp\/v2\/categories?post=587076"},{"taxonomy":"post_tag","embeddable":true,"href":"https:\/\/www.europesays.com\/fr\/wp-json\/wp\/v2\/tags?post=587076"}],"curies":[{"name":"wp","href":"https:\/\/api.w.org\/{rel}","templated":true}]}}