{"id":587082,"date":"2025-12-08T20:35:14","date_gmt":"2025-12-08T20:35:14","guid":{"rendered":"https:\/\/www.europesays.com\/fr\/587082\/"},"modified":"2025-12-08T20:35:14","modified_gmt":"2025-12-08T20:35:14","slug":"lintention-etait-bonne-pour-lavocat-du-chasseur-et-la-federation-de-lindre","status":"publish","type":"post","link":"https:\/\/www.europesays.com\/fr\/587082\/","title":{"rendered":"\u00ab\u00a0L\u2019intention \u00e9tait bonne\u00a0\u00bb pour l\u2019avocat du chasseur et la f\u00e9d\u00e9ration de l\u2019Indre"},"content":{"rendered":"<p><a target=\"_blank\" href=\"https:\/\/www.lanouvellerepublique.fr\/indre\/chateauroux-metropole\/info-nr-tir-d-un-sanglier-pres-de-cap-sud-a-saint-maur-un-chasseur-de-76-ans-place-en-garde-a-vue-1765131713\" rel=\"noopener\">Un chasseur de 76\u00a0ans a \u00e9t\u00e9 plac\u00e9 en garde \u00e0 vue<\/a> pour mise en danger de la vie d\u2019autrui, avant d\u2019\u00eatre lib\u00e9r\u00e9, dimanche 7\u00a0d\u00e9cembre 2025, son \u00e9tat de sant\u00e9 ayant \u00e9t\u00e9 consid\u00e9r\u00e9 comme incompatible avec son audition. La veille, il avait \u00e9t\u00e9 film\u00e9 en train de faire feu sur un sanglier au bord de la D67, \u00e0 la sortie de la zone commerciale de Cap Sud \u00e0 Saint-Maur, alors que des automobilistes se trouvaient \u00e0 proximit\u00e9&#8230;. <\/p>\n<p>    Cet article a \u00e9t\u00e9 tronqu\u00e9. Abonnez-vous pour lire l&rsquo;article complet sur notre site.<\/p>\n<p style=\"margin: 0 !important; padding: 0 !important; font-size: 12px !important;\">Cet article a \u00e9t\u00e9 tronqu\u00e9. Abonnez-vous pour lire l&rsquo;article complet.<\/p>\n<p>    <a href=\"https:\/\/www.lanouvellerepublique.fr\/abonnements\" style=\"display: inline-block; margin-top: 5px !important; padding: 6px 12px !important; background: #cb1c27; color: white; text-decoration: none; border-radius: 4px; font-size: 12px !important;\" target=\"_blank\" rel=\"noopener\"><br \/>\n      S&rsquo;abonner<br \/>\n    <\/a><\/p>\n","protected":false},"excerpt":{"rendered":"Un chasseur de 76\u00a0ans a \u00e9t\u00e9 plac\u00e9 en garde \u00e0 vue pour mise en danger de la vie&hellip;\n","protected":false},"author":2,"featured_media":587083,"comment_status":"","ping_status":"","sticky":false,"template":"","format":"standard","meta":{"footnotes":""},"categories":[4],"tags":[328,1392,11,1867,4183,70015,274,1011,27,5052,12,1072,25,12338],"class_list":{"0":"post-587082","1":"post","2":"type-post","3":"status-publish","4":"format-standard","5":"has-post-thumbnail","7":"category-france","8":"tag-a-la-une","9":"tag-a-la-une-local","10":"tag-actualites","11":"tag-animaux","12":"tag-chasse","13":"tag-chateauroux-metropole","14":"tag-faits-divers-justice","15":"tag-fr","16":"tag-france","17":"tag-indre","18":"tag-news","19":"tag-police","20":"tag-republique-francaise","21":"tag-saint-maur"},"share_on_mastodon":{"url":"https:\/\/pubeurope.com\/@fr\/115685865910331313","error":""},"_links":{"self":[{"href":"https:\/\/www.europesays.com\/fr\/wp-json\/wp\/v2\/posts\/587082","targetHints":{"allow":["GET"]}}],"collection":[{"href":"https:\/\/www.europesays.com\/fr\/wp-json\/wp\/v2\/posts"}],"about":[{"href":"https:\/\/www.europesays.com\/fr\/wp-json\/wp\/v2\/types\/post"}],"author":[{"embeddable":true,"href":"https:\/\/www.europesays.com\/fr\/wp-json\/wp\/v2\/users\/2"}],"replies":[{"embeddable":true,"href":"https:\/\/www.europesays.com\/fr\/wp-json\/wp\/v2\/comments?post=587082"}],"version-history":[{"count":0,"href":"https:\/\/www.europesays.com\/fr\/wp-json\/wp\/v2\/posts\/587082\/revisions"}],"wp:featuredmedia":[{"embeddable":true,"href":"https:\/\/www.europesays.com\/fr\/wp-json\/wp\/v2\/media\/587083"}],"wp:attachment":[{"href":"https:\/\/www.europesays.com\/fr\/wp-json\/wp\/v2\/media?parent=587082"}],"wp:term":[{"taxonomy":"category","embeddable":true,"href":"https:\/\/www.europesays.com\/fr\/wp-json\/wp\/v2\/categories?post=587082"},{"taxonomy":"post_tag","embeddable":true,"href":"https:\/\/www.europesays.com\/fr\/wp-json\/wp\/v2\/tags?post=587082"}],"curies":[{"name":"wp","href":"https:\/\/api.w.org\/{rel}","templated":true}]}}