{"id":587088,"date":"2025-12-08T20:38:17","date_gmt":"2025-12-08T20:38:17","guid":{"rendered":"https:\/\/www.europesays.com\/fr\/587088\/"},"modified":"2025-12-08T20:38:17","modified_gmt":"2025-12-08T20:38:17","slug":"faits-divers-mort-en-prison-dedgardo-greco-lancien-mafieux-devenu-pizzaiolo-a-saint-etienne","status":"publish","type":"post","link":"https:\/\/www.europesays.com\/fr\/587088\/","title":{"rendered":"Faits divers. Mort en prison d&rsquo;Edgardo Greco, l\u2019ancien mafieux devenu pizza\u00efolo \u00e0 Saint-Etienne"},"content":{"rendered":"<p>Edgardo Greco, un ex-membre de la mafia calabraise interpell\u00e9 en 2023 \u00e0 Saint-\u00c9tienne, o\u00f9 il s&rsquo;\u00e9tait <a href=\"https:\/\/www.ledauphine.com\/faits-divers-justice\/2023\/02\/02\/un-membre-presume-de-la-mafia-italienne-interpelle-a-saint-etienne\" target=\"_blank\" rel=\"noopener\">reconverti en pizza\u00efolo<\/a>, est d\u00e9c\u00e9d\u00e9 d\u2019un arr\u00eat cardiaque dimanche dans sa cellule, a indiqu\u00e9 lundi son avocat.<\/p>\n<p>Accus\u00e9 d&rsquo;avoir appartenu \u00e0 la &lsquo;Ndrangheta, Edgardo Greco, 66 ans, \u00e9tait \u00e9crou\u00e9 dans la prison de Corbas (Rh\u00f4ne) en attente de son transfert vers l&rsquo;Italie, o\u00f9 il a \u00e9t\u00e9 condamn\u00e9 en 2006 \u00e0 la r\u00e9clusion \u00e0 perp\u00e9tuit\u00e9 pour un double membre.<\/p>\n<p>Dimanche vers 08H00, son co-d\u00e9tenu a donn\u00e9 l&rsquo;alerte parce qu&rsquo;il faisait un malaise, a d\u00e9clar\u00e9 son avocat Me David Metaxas. \u00ab Le massage cardiaque effectu\u00e9 par des gardiens, puis par les secours n\u2019a pas permis de le ramener \u00e0 la vie \u00bb, a-t-il poursuivi.<\/p>\n<p>Une autopsie a \u00e9t\u00e9 ordonn\u00e9e par le parquet de Lyon pour confirmer la cause du d\u00e9c\u00e8s, selon Me Metaxas, qui a multipli\u00e9 ces derni\u00e8res ann\u00e9es les recours pour demander sa remise en libert\u00e9 au motif de sa sant\u00e9 fragile.<\/p>\n<p>Mon client \u00e9tait \u00ab affaibli par la maladie \u00e0 la suite d\u2019un cancer et avait fait plusieurs malaises r\u00e9cemment \u00bb, a-t-il dit. \u00ab La seule satisfaction que m\u2019inspire son d\u00e9c\u00e8s est qu\u2019il ne voulait \u00e0 aucun prix retourner en Italie o\u00f9 sa vie \u00e9tait menac\u00e9e. \u00bb<\/p>\n<p>Apr\u00e8s plusieurs \u00e9tapes judiciaires, la justice avait donn\u00e9 le feu vert <a href=\"https:\/\/www.ledauphine.com\/faits-divers-justice\/2023\/04\/27\/edgardo-greco-le-pizzaiolo-mafieux-de-saint-etienne-devrait-etre-extrade-vers-l-italie\" target=\"_blank\" rel=\"noopener\">\u00e0 son renvoi vers l&rsquo;Italie en 2024<\/a>. En d\u00e9but d\u2019ann\u00e9e, le gouvernement avait sign\u00e9 le d\u00e9cret autorisant son transfert.<\/p>\n<p>Le sexag\u00e9naire, consid\u00e9r\u00e9 comme \u00ab dangereux par Interpol \u00bb, avait \u00e9t\u00e9 interpell\u00e9 d\u00e9but 2023 par la police fran\u00e7aise <a href=\"https:\/\/www.ledauphine.com\/faits-divers-justice\/2023\/02\/03\/le-pizzaiolo-mafieux-trahi-par-une-photo\" target=\"_blank\" rel=\"noopener\">gr\u00e2ce \u00e0 un partage d&rsquo;informations<\/a> avec les carabiniers italiens, dans le cadre du projet I-Can (coop\u00e9ration Interpol contre la &lsquo;Ndrangheta). N\u00e9 le 7 juin 1959, Edgardo Greco s&rsquo;\u00e9tait install\u00e9 en Allemagne puis en France apr\u00e8s sa condamnation par la justice italienne. Il a travaill\u00e9 dans plusieurs restaurants italiens de Saint-\u00c9tienne, o\u00f9 il se faisait appeler Paolo Dimitrio, avec un interm\u00e8de, entre juin et novembre 2021 \u00e0 la t\u00eate de son propre \u00e9tablissement, selon des t\u00e9moignages et documents consult\u00e9s.<\/p>\n","protected":false},"excerpt":{"rendered":"Edgardo Greco, un ex-membre de la mafia calabraise interpell\u00e9 en 2023 \u00e0 Saint-\u00c9tienne, o\u00f9 il s&rsquo;\u00e9tait reconverti en&hellip;\n","protected":false},"author":2,"featured_media":587089,"comment_status":"","ping_status":"","sticky":false,"template":"","format":"standard","meta":{"footnotes":""},"categories":[9653],"tags":[1111,11,2430,1777,674,274,107,1011,27,329,3367,12,25,2429,4001],"class_list":{"0":"post-587088","1":"post","2":"type-post","3":"status-publish","4":"format-standard","5":"has-post-thumbnail","7":"category-saint-etienne","8":"tag-actu","9":"tag-actualites","10":"tag-auvergne-rhone-alpes","11":"tag-eu","12":"tag-europe","13":"tag-faits-divers-justice","14":"tag-fil-info","15":"tag-fr","16":"tag-france","17":"tag-france-monde","18":"tag-loire","19":"tag-news","20":"tag-republique-francaise","21":"tag-rhone","22":"tag-saint-etienne"},"share_on_mastodon":{"url":"https:\/\/pubeurope.com\/@fr\/115685877692581134","error":""},"_links":{"self":[{"href":"https:\/\/www.europesays.com\/fr\/wp-json\/wp\/v2\/posts\/587088","targetHints":{"allow":["GET"]}}],"collection":[{"href":"https:\/\/www.europesays.com\/fr\/wp-json\/wp\/v2\/posts"}],"about":[{"href":"https:\/\/www.europesays.com\/fr\/wp-json\/wp\/v2\/types\/post"}],"author":[{"embeddable":true,"href":"https:\/\/www.europesays.com\/fr\/wp-json\/wp\/v2\/users\/2"}],"replies":[{"embeddable":true,"href":"https:\/\/www.europesays.com\/fr\/wp-json\/wp\/v2\/comments?post=587088"}],"version-history":[{"count":0,"href":"https:\/\/www.europesays.com\/fr\/wp-json\/wp\/v2\/posts\/587088\/revisions"}],"wp:featuredmedia":[{"embeddable":true,"href":"https:\/\/www.europesays.com\/fr\/wp-json\/wp\/v2\/media\/587089"}],"wp:attachment":[{"href":"https:\/\/www.europesays.com\/fr\/wp-json\/wp\/v2\/media?parent=587088"}],"wp:term":[{"taxonomy":"category","embeddable":true,"href":"https:\/\/www.europesays.com\/fr\/wp-json\/wp\/v2\/categories?post=587088"},{"taxonomy":"post_tag","embeddable":true,"href":"https:\/\/www.europesays.com\/fr\/wp-json\/wp\/v2\/tags?post=587088"}],"curies":[{"name":"wp","href":"https:\/\/api.w.org\/{rel}","templated":true}]}}