{"id":587109,"date":"2025-12-08T20:56:22","date_gmt":"2025-12-08T20:56:22","guid":{"rendered":"https:\/\/www.europesays.com\/fr\/587109\/"},"modified":"2025-12-08T20:56:22","modified_gmt":"2025-12-08T20:56:22","slug":"accompagner-les-clients-pour-se-recentrer-ils-tiennent-un-espace-bien-etre-pres-de-la","status":"publish","type":"post","link":"https:\/\/www.europesays.com\/fr\/587109\/","title":{"rendered":"\u00ab\u00a0Accompagner les clients pour se recentrer\u00a0\u00bb\u00a0: ils tiennent un espace bien-\u00eatre pr\u00e8s de la"},"content":{"rendered":"<p>Rozenn Nobilet et Cedrik Mirande ont ouvert leur cabinet bien-\u00eatre Les Artisans du bien-\u00eatre (Labe) il y a huit mois, au 35 rue Jean-Marie Duhamel, pr\u00e8s de la gare de Rennes (Ille-et-Vilaine). Issu du milieu de la mode, le duo a rapidement \u00e9t\u00e9 rattrap\u00e9 par une qu\u00eate de sens dans sa vie professionnelle et personnelle, et s\u2019est tourn\u00e9 vers le domaine du bien-\u00eatre.<\/p>\n<p><a href=\"https:\/\/www.ouest-france.fr\/economie\/commerce\/rennes\/\" target=\"_blank\" rel=\"noopener\">Suivez l\u2019actualit\u00e9 des commerces \u00e0 Rennes<\/a><\/p>\n<p>Une formation en Tha\u00eflande<\/p>\n<p>Passionn\u00e9s, ils ont d\u00e9but\u00e9 leur formation en Tha\u00eflande en 2002, puis parcouru diff\u00e9rents pays pour se former \u00e0 la pratique. Ils ont ouvert leur premier cabinet aux Antilles il y a douze\u00a0ans, puis en Bretagne pendant la p\u00e9riode du Covid. Les deux praticiens se sont progressivement sp\u00e9cialis\u00e9s pour proposer des techniques manuelles et \u00e9nerg\u00e9tiques compl\u00e9mentaires.<\/p>\n<p>Rozenn Nobilet a acquis une expertise en techniques \u00e9nerg\u00e9tiques et de massages, et pratique la moxibustion japonaise, pour lib\u00e9rer les n\u0153uds physiques et psychiques. Cedrik Mirande est sp\u00e9cialis\u00e9 en techniques manuelles, dont celle du Bowen, soin neuromusculaire et neurocutan\u00e9e australien. \u00a0Notre m\u00e9tier permet d\u2019accompagner nos clients pour se recentrer.\u00a0<\/p>\n<p>Labe, 35,\u00a0rue Jean-Marie Duhamel. Contact\u00a0: www.labebretagne.com, Instagram\u00a0: <a href=\"https:\/\/www.instagram.com\/labebretagne\/\" target=\"_blank\" rel=\"noopener\">labebretagne<\/a>, t\u00e9l.\u00a006\u00a060\u00a047\u00a009\u00a098 et 06\u00a059\u00a024\u00a096\u00a096. \u00c0 partir de 55\u00a0\u20ac la s\u00e9ance au cabinet.<\/p>\n<p>\u00a0<\/p>\n<p>\t\t<script async src=\"\/\/www.instagram.com\/embed.js\"><\/script><\/p>\n","protected":false},"excerpt":{"rendered":"Rozenn Nobilet et Cedrik Mirande ont ouvert leur cabinet bien-\u00eatre Les Artisans du bien-\u00eatre (Labe) il y a&hellip;\n","protected":false},"author":2,"featured_media":587110,"comment_status":"","ping_status":"","sticky":false,"template":"","format":"standard","meta":{"footnotes":""},"categories":[2821],"tags":[12249,1111,11,4983,829,647,386,1777,674,1011,27,7533,12,3762,70016,584,25,13544],"class_list":{"0":"post-587109","1":"post","2":"type-post","3":"status-publish","4":"format-standard","5":"has-post-thumbnail","7":"category-rennes","8":"tag-accompagner","9":"tag-actu","10":"tag-actualites","11":"tag-bien-etre","12":"tag-bretagne","13":"tag-clients","14":"tag-espace","15":"tag-eu","16":"tag-europe","17":"tag-fr","18":"tag-france","19":"tag-gare","20":"tag-news","21":"tag-pres","22":"tag-recentrer","23":"tag-rennes","24":"tag-republique-francaise","25":"tag-tiennent"},"share_on_mastodon":{"url":"https:\/\/pubeurope.com\/@fr\/115685948572207619","error":""},"_links":{"self":[{"href":"https:\/\/www.europesays.com\/fr\/wp-json\/wp\/v2\/posts\/587109","targetHints":{"allow":["GET"]}}],"collection":[{"href":"https:\/\/www.europesays.com\/fr\/wp-json\/wp\/v2\/posts"}],"about":[{"href":"https:\/\/www.europesays.com\/fr\/wp-json\/wp\/v2\/types\/post"}],"author":[{"embeddable":true,"href":"https:\/\/www.europesays.com\/fr\/wp-json\/wp\/v2\/users\/2"}],"replies":[{"embeddable":true,"href":"https:\/\/www.europesays.com\/fr\/wp-json\/wp\/v2\/comments?post=587109"}],"version-history":[{"count":0,"href":"https:\/\/www.europesays.com\/fr\/wp-json\/wp\/v2\/posts\/587109\/revisions"}],"wp:featuredmedia":[{"embeddable":true,"href":"https:\/\/www.europesays.com\/fr\/wp-json\/wp\/v2\/media\/587110"}],"wp:attachment":[{"href":"https:\/\/www.europesays.com\/fr\/wp-json\/wp\/v2\/media?parent=587109"}],"wp:term":[{"taxonomy":"category","embeddable":true,"href":"https:\/\/www.europesays.com\/fr\/wp-json\/wp\/v2\/categories?post=587109"},{"taxonomy":"post_tag","embeddable":true,"href":"https:\/\/www.europesays.com\/fr\/wp-json\/wp\/v2\/tags?post=587109"}],"curies":[{"name":"wp","href":"https:\/\/api.w.org\/{rel}","templated":true}]}}