{"id":587112,"date":"2025-12-08T20:58:14","date_gmt":"2025-12-08T20:58:14","guid":{"rendered":"https:\/\/www.europesays.com\/fr\/587112\/"},"modified":"2025-12-08T20:58:14","modified_gmt":"2025-12-08T20:58:14","slug":"bas-rhin-rima-hassan-comparait-pour-la-premiere-fois-devant-un-tribunal-a-strasbourg","status":"publish","type":"post","link":"https:\/\/www.europesays.com\/fr\/587112\/","title":{"rendered":"Bas-Rhin. Rima Hassan compara\u00eet pour la premi\u00e8re fois devant un tribunal \u00e0 Strasbourg"},"content":{"rendered":"<p>Dipl\u00f4m\u00e9e en droit, elle fait l\u2019objet d\u2019une vingtaine de plaintes mais n\u2019avait jamais \u00e9t\u00e9 convoqu\u00e9e devant un tribunal auparavant. Pour l\u2019eurod\u00e9put\u00e9e Insoumise <a href=\"https:\/\/www.dna.fr\/p\/rima-hassan\" target=\"_blank\" rel=\"noopener\">Rima Hassan<\/a>, la comparution pr\u00e9vue ce mercredi matin au tribunal judiciaire de Strasbourg est donc une premi\u00e8re. Elle l\u2019opposera \u00e0 Anne-Pernelle Richardot. La conseill\u00e8re m\u00e9tropolitaine et conseill\u00e8re municipale socialiste avait d\u00e9pos\u00e9 plainte avec constitution de partie civile le 18\u00a0d\u00e9cembre\u00a02024 pour \u00ab\u00a0injures envers un citoyen charg\u00e9 d\u2019un mandat public\u00a0\u00bb, apr\u00e8s un de ces tweets assassins dont Rima Hassan est coutumi\u00e8re.<\/p>\n<p>  \u00ab\u00a0Personne n\u2019oubliera\u00a0\u00bb<\/p>\n<p>Retour sur les fils de discussion sur X, trois semaines auparavant, alors que la guerre fait rage \u00e0 Gaza. L\u2019Insoumise <a href=\"https:\/\/www.dna.fr\/faits-divers-justice\/2024\/11\/29\/conference-de-rima-hassan-le-conseil-d-etat-justifie-l-interdiction-a-sciences-po-paris\" target=\"_blank\" rel=\"noopener\">se voit refuser une conf\u00e9rence sur la Palestine<\/a> par l\u2019ancien pr\u00e9sident de l\u2019Universit\u00e9 de Strasbourg Michel Deneken (interdiction jug\u00e9e ill\u00e9gale par le tribunal administratif de Strasbourg quelques jours plus tard N.D.L.R.). \u00ab\u00a0Une d\u00e9cision courageuse\u00a0\u00bb, tweete Pernelle Richardot\u00a0: \u00ab\u00a0Il est temps que notre universit\u00e9 arr\u00eate de servir de tribune aux soutiens de groupuscules islamistes\u00a0!\u00a0\u00bb En r\u00e9action, Rima Hassan la qualifie d\u2019 \u00ab\u00a0islamophobe assum\u00e9e du PS\u00a0\u00bb et de membre de \u00ab\u00a0la gauche coloniale\u00a0\u00bb et conclut son post par un ambigu \u00ab\u00a0Personne n\u2019oubliera\u00a0\u00bb. Anne-Pernelle Richardot a demand\u00e9 depuis la protection fonctionnelle de la Ville de Strasbourg.<\/p>\n<p>Pilier de l\u2019opposition \u00e0 la municipalit\u00e9 \u00e9cologiste, l\u2019\u00e9lue, qui avait largement relay\u00e9 sa plainte dans les m\u00e9dias, se rendra \u00e0 l\u2019audience. On ignore en revanche si Rima Hassan sera pr\u00e9sente, la session au <a href=\"https:\/\/www.dna.fr\/p\/parlement-europeen\" target=\"_blank\" rel=\"noopener\">Parlement europ\u00e9en<\/a> de Strasbourg n\u2019ayant lieu que la semaine prochaine. D\u2019autres personnalit\u00e9s ont annonc\u00e9 la poursuivre en justice apr\u00e8s des posts mena\u00e7ants, dont l\u2019imam Hassen Chalgoumi, r\u00e9put\u00e9 proche de la communaut\u00e9 juive, se disant victime d\u2019une \u00ab\u00a0fatwa\u00a0\u00bb num\u00e9rique, l\u2019eurod\u00e9put\u00e9 LR <a href=\"https:\/\/www.dna.fr\/p\/francois-xavier-bellamy\" target=\"_blank\" rel=\"noopener\">Fran\u00e7ois-Xavier Bellamy<\/a> pour \u00ab\u00a0menaces de mort\u00a0\u00bb et l\u2019ancienne porte-parole du gouvernement Priscat Th\u00e9venot, victime avec sa famille de violent cyberharc\u00e8lement apr\u00e8s un d\u00e9placement en Isra\u00ebl.<\/p>\n<p>En f\u00e9vrier dernier, l\u2019ex-ministre de l\u2019Int\u00e9rieur <a href=\"https:\/\/www.dna.fr\/p\/bruno-retailleau\" target=\"_blank\" rel=\"noopener\">Bruno Retailleau<\/a> avait saisi le procureur de la R\u00e9publique pour apologie du terrorisme, Rima Hassan ayant jug\u00e9 l\u2019action du Hamas \u00ab\u00a0l\u00e9gitime du point de vue du droit international\u00a0\u00bb.<\/p>\n","protected":false},"excerpt":{"rendered":"Dipl\u00f4m\u00e9e en droit, elle fait l\u2019objet d\u2019une vingtaine de plaintes mais n\u2019avait jamais \u00e9t\u00e9 convoqu\u00e9e devant un tribunal&hellip;\n","protected":false},"author":2,"featured_media":587113,"comment_status":"","ping_status":"","sticky":false,"template":"","format":"standard","meta":{"footnotes":""},"categories":[2820],"tags":[1111,11,2389,2649,2880,1777,674,274,107,1011,27,775,12,25,640,2879],"class_list":{"0":"post-587112","1":"post","2":"type-post","3":"status-publish","4":"format-standard","5":"has-post-thumbnail","7":"category-strasbourg","8":"tag-actu","9":"tag-actualites","10":"tag-alsace","11":"tag-bas-rhin","12":"tag-edition-strasbourg","13":"tag-eu","14":"tag-europe","15":"tag-faits-divers-justice","16":"tag-fil-info","17":"tag-fr","18":"tag-france","19":"tag-grand-est","20":"tag-news","21":"tag-republique-francaise","22":"tag-strasbourg","23":"tag-strasbourg-ville"},"share_on_mastodon":{"url":"https:\/\/pubeurope.com\/@fr\/115685956329141061","error":""},"_links":{"self":[{"href":"https:\/\/www.europesays.com\/fr\/wp-json\/wp\/v2\/posts\/587112","targetHints":{"allow":["GET"]}}],"collection":[{"href":"https:\/\/www.europesays.com\/fr\/wp-json\/wp\/v2\/posts"}],"about":[{"href":"https:\/\/www.europesays.com\/fr\/wp-json\/wp\/v2\/types\/post"}],"author":[{"embeddable":true,"href":"https:\/\/www.europesays.com\/fr\/wp-json\/wp\/v2\/users\/2"}],"replies":[{"embeddable":true,"href":"https:\/\/www.europesays.com\/fr\/wp-json\/wp\/v2\/comments?post=587112"}],"version-history":[{"count":0,"href":"https:\/\/www.europesays.com\/fr\/wp-json\/wp\/v2\/posts\/587112\/revisions"}],"wp:featuredmedia":[{"embeddable":true,"href":"https:\/\/www.europesays.com\/fr\/wp-json\/wp\/v2\/media\/587113"}],"wp:attachment":[{"href":"https:\/\/www.europesays.com\/fr\/wp-json\/wp\/v2\/media?parent=587112"}],"wp:term":[{"taxonomy":"category","embeddable":true,"href":"https:\/\/www.europesays.com\/fr\/wp-json\/wp\/v2\/categories?post=587112"},{"taxonomy":"post_tag","embeddable":true,"href":"https:\/\/www.europesays.com\/fr\/wp-json\/wp\/v2\/tags?post=587112"}],"curies":[{"name":"wp","href":"https:\/\/api.w.org\/{rel}","templated":true}]}}