{"id":587114,"date":"2025-12-08T20:59:21","date_gmt":"2025-12-08T20:59:21","guid":{"rendered":"https:\/\/www.europesays.com\/fr\/587114\/"},"modified":"2025-12-08T20:59:21","modified_gmt":"2025-12-08T20:59:21","slug":"marches-de-noel-solidarite-avec-loeuvre-dorient-a-mulhouse-colmar-et-strasbourg","status":"publish","type":"post","link":"https:\/\/www.europesays.com\/fr\/587114\/","title":{"rendered":"March\u00e9s de No\u00ebl. Solidarit\u00e9 avec l\u2019\u0152uvre d\u2019Orient \u00e0 Mulhouse, Colmar et Strasbourg"},"content":{"rendered":"<p>Apr\u00e8s Mulhouse, l\u2019\u0152uvre d\u2019Orient sera encore pr\u00e9sente dans les march\u00e9s de No\u00ebl de Strasbourg, place Kl\u00e9ber du 11 au 13\u00a0d\u00e9cembre, et Colmar, place de la cath\u00e9drale le 14. L\u2019association fran\u00e7aise fond\u00e9e en 1856, d\u00e9di\u00e9e \u00e0 l\u2019aide aux chr\u00e9tiens d\u2019Orient dans 23 pays, principalement au Proche-Orient, a pour mission de soutenir des missions d\u2018\u00e9ducation, de soins et d\u2019aide sociale, sans distinction religieuse. \u00ab\u00a0Elle permet d\u2019apporter du soutien pour \u00eatre aux c\u00f4t\u00e9s de ceux qui ont \u00e9t\u00e9 chass\u00e9s de leur pays natal et pour r\u00e9conforter ceux qui demeurent dans les pays du Proche et Moyen-Orient, ainsi qu\u2019en Ukraine, meurtris par les conflits sans fin\u00a0\u00bb, expose une b\u00e9n\u00e9vole, pr\u00e9sente dans le chalet qui fait, depuis le d\u00e9but du mois de d\u00e9cembre, le tour des grands march\u00e9s de No\u00ebl alsaciens pour y vendre petits objets et g\u00e2teaux et collecter des fonds. \u00ab\u00a0Cette pr\u00e9sence contribue aussi\u00a0\u00e0 rappeler le vrai sens de No\u00ebl, au-del\u00e0 de l\u2019aspect culturel et commercial, c\u2019est-\u00e0-dire l\u2019origine du christianisme\u00a0\u00bb, insiste-t-elle.<\/p>\n<p class=\"note\">Contacter\u00a0: 06\u00a025\u00a011\u00a057\u00a003\u00a0; courriel\u00a0: r.vigneron@outlook.fr\u00a0; site internet\u00a0: <a href=\"https:\/\/oeuvre-orient.fr\" target=\"_blank\" rel=\"nofollow noopener\">https:\/\/oeuvre-orient.fr<\/a><\/p>\n","protected":false},"excerpt":{"rendered":"Apr\u00e8s Mulhouse, l\u2019\u0152uvre d\u2019Orient sera encore pr\u00e9sente dans les march\u00e9s de No\u00ebl de Strasbourg, place Kl\u00e9ber du 11&hellip;\n","protected":false},"author":2,"featured_media":587115,"comment_status":"","ping_status":"","sticky":false,"template":"","format":"standard","meta":{"footnotes":""},"categories":[2820],"tags":[1111,11,2389,6211,1687,1636,1777,674,3326,107,1011,27,775,2089,1634,12,5486,25,1635,640],"class_list":{"0":"post-587114","1":"post","2":"type-post","3":"status-publish","4":"format-standard","5":"has-post-thumbnail","7":"category-strasbourg","8":"tag-actu","9":"tag-actualites","10":"tag-alsace","11":"tag-conference","12":"tag-culture-loisirs","13":"tag-edition-mulhouse-thann","14":"tag-eu","15":"tag-europe","16":"tag-fete-locale","17":"tag-fil-info","18":"tag-fr","19":"tag-france","20":"tag-grand-est","21":"tag-marche","22":"tag-mulhouse","23":"tag-news","24":"tag-rencontre","25":"tag-republique-francaise","26":"tag-secteur-de-mulhouse","27":"tag-strasbourg"},"share_on_mastodon":{"url":"https:\/\/pubeurope.com\/@fr\/115685960186508341","error":""},"_links":{"self":[{"href":"https:\/\/www.europesays.com\/fr\/wp-json\/wp\/v2\/posts\/587114","targetHints":{"allow":["GET"]}}],"collection":[{"href":"https:\/\/www.europesays.com\/fr\/wp-json\/wp\/v2\/posts"}],"about":[{"href":"https:\/\/www.europesays.com\/fr\/wp-json\/wp\/v2\/types\/post"}],"author":[{"embeddable":true,"href":"https:\/\/www.europesays.com\/fr\/wp-json\/wp\/v2\/users\/2"}],"replies":[{"embeddable":true,"href":"https:\/\/www.europesays.com\/fr\/wp-json\/wp\/v2\/comments?post=587114"}],"version-history":[{"count":0,"href":"https:\/\/www.europesays.com\/fr\/wp-json\/wp\/v2\/posts\/587114\/revisions"}],"wp:featuredmedia":[{"embeddable":true,"href":"https:\/\/www.europesays.com\/fr\/wp-json\/wp\/v2\/media\/587115"}],"wp:attachment":[{"href":"https:\/\/www.europesays.com\/fr\/wp-json\/wp\/v2\/media?parent=587114"}],"wp:term":[{"taxonomy":"category","embeddable":true,"href":"https:\/\/www.europesays.com\/fr\/wp-json\/wp\/v2\/categories?post=587114"},{"taxonomy":"post_tag","embeddable":true,"href":"https:\/\/www.europesays.com\/fr\/wp-json\/wp\/v2\/tags?post=587114"}],"curies":[{"name":"wp","href":"https:\/\/api.w.org\/{rel}","templated":true}]}}