{"id":58712,"date":"2025-04-28T07:37:08","date_gmt":"2025-04-28T07:37:08","guid":{"rendered":"https:\/\/www.europesays.com\/fr\/58712\/"},"modified":"2025-04-28T07:37:08","modified_gmt":"2025-04-28T07:37:08","slug":"virginie-efira-son-cheri-niels-schneider-meconnaissable-cette-apparition-qui-fait-grand-bruit","status":"publish","type":"post","link":"https:\/\/www.europesays.com\/fr\/58712\/","title":{"rendered":"Virginie Efira : son ch\u00e9ri Niels Schneider m\u00e9connaissable, cette apparition qui fait grand bruit"},"content":{"rendered":"<p><strong>Les c\u00e9l\u00e9brit\u00e9s raffolent de Disneyland Paris !<\/strong> D&rsquo;Elton John \u00e0 Mariah Carey, en passant par John Legend, Bruce Willis ou encore Natalie Portman, tous ont d\u00e9j\u00e0 eu le plaisir de saluer Mickey et sa troupe.<\/p>\n<p>Ce samedi 26 avril 2025 n&rsquo;a pas \u00e9chapp\u00e9 \u00e0 la r\u00e8gle. Deux stars particuli\u00e8rement en vogue ont fait sensation en remontant Main Street.<\/p>\n<p>Suspense&#8230; <strong><a href=\"https:\/\/www.public.fr\/tag\/virginie-efira\" target=\"_blank\" rel=\"noopener\">Virginie Efira<\/a> et son compagnon <a href=\"https:\/\/www.public.fr\/virginie-efira-et-niels-schneider-deja-separes\" target=\"_blank\" rel=\"noopener\">Niels Schneider<\/a><\/strong> ont bel et bien fait une apparition au c\u0153ur du l\u00e9gendaire parc pour assister au lancement du <strong>Disney Music Festival<\/strong>, un \u00e9v\u00e9nement qui se poursuivra jusqu&rsquo;au 7 septembre prochain !<\/p>\n<p>Virginie Efira et Niels Schneider amoureux \u00e0 Disneyland<\/p>\n<p>Plus amoureux que jamais, les deux tourtereaux ont profit\u00e9 de cette journ\u00e9e ensoleill\u00e9e pour fl\u00e2ner main dans la main \u00e0 Disneyland Paris. Ils ont m\u00eame \u00e9t\u00e9 immortalis\u00e9s en plein selfie aux c\u00f4t\u00e9s de la souris la plus c\u00e9l\u00e8bre du cin\u00e9ma !<\/p>\n<p>Pour l&rsquo;occasion, Virginie Efira, 46 ans, avait opt\u00e9 pour <strong>un look \u00e0 la fois chic et d\u00e9contract\u00e9<\/strong> : un jean noir, des baskets blanches et un sweat confortable, parfait pour une journ\u00e9e de d\u00e9tente.<\/p>\n<p>Quant \u00e0 Niels Schneider, il \u00e9tait difficile \u00e0 reconna\u00eetre. Il faut dire que l&rsquo;acteur a bien chang\u00e9 ces derniers mois&#8230; Exit la coupe courte et le visage de jeune premier, il arbore d\u00e9sormais <strong>une longue chevelure et une barbe bien fournie<\/strong>, un style qu&rsquo;il avait d\u00e9j\u00e0 affich\u00e9 lors des fun\u00e9railles d&rsquo;\u00c9milie Dequenne au cimeti\u00e8re du P\u00e8re Lachaise en mars dernier. <\/p>\n<p>Un look qui divise<\/p>\n<p>La transformation de celui qui avait re\u00e7u le C\u00e9sar du meilleur espoir masculin pour Diamant noir en 2017 n&rsquo;a visiblement pas fait l&rsquo;unanimit\u00e9. Sur les r\u00e9seaux sociaux, nombreux sont les internautes qui se sont \u00e9tonn\u00e9s de le voir arborer ce nouveau look.<\/p>\n<p>\u00ab\u00a0Il a pris 20 ans\u00a0\u00bb, \u00ab\u00a0Il va bien ?\u00a0\u00bb, \u00ab\u00a0Il fait plus vieux qu\u2019elle\u00a0\u00bb, \u00ab\u00a0<strong>Pourquoi Niels s\u2019est transform\u00e9 en clochard ?<\/strong>\u00ab\u00a0, \u00ab\u00a0Il est m\u00e9connaissable\u00a0\u00bb, \u00ab\u00a0Je ne l&rsquo;avais pas reconnu. Je le pr\u00e9f\u00e9rai tellement avant\u00a0\u00bb, \u00ab\u00a0Pas mal, le cosplay Steven Spielberg Prime\u00a0\u00bb, \u00ab\u00a0On ne le reconna\u00eet pas\u00a0\u00bb, \u00ab\u00a0Elle a emmen\u00e9 un SDF \u00e0 Disney, c&rsquo;est sympa\u00a0\u00bb, \u00ab\u00a0Comment il a chang\u00e9\u00a0\u00bb, ont comment\u00e9 plusieurs fans sous les publications TikTok de nos confr\u00e8res de Gala et Purepeople. Un style qui fait jaser&#8230; <\/p>\n<p>      Mentionn\u00e9s dans cet article<\/p>\n<p>\u00c0 lire aussi<\/p>\n","protected":false},"excerpt":{"rendered":"Les c\u00e9l\u00e9brit\u00e9s raffolent de Disneyland Paris ! D&rsquo;Elton John \u00e0 Mariah Carey, en passant par John Legend, Bruce&hellip;\n","protected":false},"author":2,"featured_media":58713,"comment_status":"","ping_status":"","sticky":false,"template":"","format":"standard","meta":{"footnotes":""},"categories":[1359],"tags":[4906,58,59,1011,27,13452,973,13453],"class_list":{"0":"post-58712","1":"post","2":"type-post","3":"status-publish","4":"format-standard","5":"has-post-thumbnail","7":"category-people","8":"tag-disneyland-paris","9":"tag-divertissement","10":"tag-entertainment","11":"tag-fr","12":"tag-france","13":"tag-niels-schneider","14":"tag-people","15":"tag-virginie-efira"},"share_on_mastodon":{"url":"https:\/\/pubeurope.com\/@fr\/114414449008419703","error":""},"_links":{"self":[{"href":"https:\/\/www.europesays.com\/fr\/wp-json\/wp\/v2\/posts\/58712","targetHints":{"allow":["GET"]}}],"collection":[{"href":"https:\/\/www.europesays.com\/fr\/wp-json\/wp\/v2\/posts"}],"about":[{"href":"https:\/\/www.europesays.com\/fr\/wp-json\/wp\/v2\/types\/post"}],"author":[{"embeddable":true,"href":"https:\/\/www.europesays.com\/fr\/wp-json\/wp\/v2\/users\/2"}],"replies":[{"embeddable":true,"href":"https:\/\/www.europesays.com\/fr\/wp-json\/wp\/v2\/comments?post=58712"}],"version-history":[{"count":0,"href":"https:\/\/www.europesays.com\/fr\/wp-json\/wp\/v2\/posts\/58712\/revisions"}],"wp:featuredmedia":[{"embeddable":true,"href":"https:\/\/www.europesays.com\/fr\/wp-json\/wp\/v2\/media\/58713"}],"wp:attachment":[{"href":"https:\/\/www.europesays.com\/fr\/wp-json\/wp\/v2\/media?parent=58712"}],"wp:term":[{"taxonomy":"category","embeddable":true,"href":"https:\/\/www.europesays.com\/fr\/wp-json\/wp\/v2\/categories?post=58712"},{"taxonomy":"post_tag","embeddable":true,"href":"https:\/\/www.europesays.com\/fr\/wp-json\/wp\/v2\/tags?post=58712"}],"curies":[{"name":"wp","href":"https:\/\/api.w.org\/{rel}","templated":true}]}}