{"id":587122,"date":"2025-12-08T21:05:38","date_gmt":"2025-12-08T21:05:38","guid":{"rendered":"https:\/\/www.europesays.com\/fr\/587122\/"},"modified":"2025-12-08T21:05:38","modified_gmt":"2025-12-08T21:05:38","slug":"fc-nantes-10-entraineurs-libres-sur-le-marche-pour-remplacer-castro","status":"publish","type":"post","link":"https:\/\/www.europesays.com\/fr\/587122\/","title":{"rendered":"FC Nantes. 10 entra\u00eeneurs libres sur le march\u00e9 pour remplacer Castro"},"content":{"rendered":"<p><img fetchpriority=\"high\" decoding=\"async\" width=\"620\" height=\"413\" src=\"https:\/\/www.europesays.com\/fr\/wp-content\/uploads\/2025\/11\/Luis-Castro-620x413.jpg\" alt=\"\" class=\"wp-image-386642\"  \/>Luis Castro est de plus en plus fragilis\u00e9.<\/p>\n<p>La situation devient de plus en plus inextricable pour Luis Castro. Avec 2 victoires, 5 nuls et 8 d\u00e9faites, le technicien portugais accuse le plus mauvais d\u00e9part d\u2019un coach choisi par l\u2019actuel propri\u00e9taire du <a href=\"https:\/\/sportune.20minutes.fr\/fc-nantes\" target=\"_blank\" rel=\"noopener\">FC Nantes<\/a>, Waldemar Kita. Ce lundi, le club de la Loire est dix-septi\u00e8me et premier rel\u00e9gable.<\/p>\n<p>Luis Castro pourrait \u00eatre \u00e9cart\u00e9, L\u2019Equipe \u00e9voquant ce lundi des manoeuvres visant \u00e0 anticiper une \u00e9ventuelle mise \u00e0 l\u2019\u00e9cart de l\u2019ancien coach de l\u2019<a href=\"https:\/\/sportune.20minutes.fr\/usl-dunkerque\" target=\"_blank\" rel=\"noopener\">USL Dunkerque<\/a>. S\u2019il devait \u00eatre remerci\u00e9, il serait tr\u00e8s s\u00fbrement remplac\u00e9 par un technicien libre sur le march\u00e9, car le <a href=\"https:\/\/sportune.20minutes.fr\/fc-nantes\" target=\"_blank\" rel=\"noopener\">FC Nantes<\/a> est sous contr\u00f4le strict de ses finances et plus dispos\u00e9 \u00e0 investir sur le march\u00e9 des transferts, qu\u2019\u00e0 verser paiement d\u2019une indemnit\u00e9 pour un coach.<\/p>\n<p>En la situation sportive tendue, il faut un entra\u00eeneur rompu au football fran\u00e7ais et ses sp\u00e9cificit\u00e9s. A sportune, nous en avons relev\u00e9 dix, d\u2019exp\u00e9rience et de r\u00e9ussites diverses, mais aussi diff\u00e9remment accessibles financi\u00e8rement parlant.<\/p>\n<p>Les profils les plus premium (mais tr\u00e8s peu accessibles)<\/p>\n<p>C\u2019est la cat\u00e9gorie des profils qui seraient s\u00e9duisants sur le papier et de nature \u00e0 rassurer l\u2019environnement du club nantais. C\u2019est particuli\u00e8rement vrai pour Laurent Blanc et l\u2019ancien coach de l\u2019<a href=\"https:\/\/sportune.20minutes.fr\/as-monaco-asm\" target=\"_blank\" rel=\"noopener\">AS Monaco<\/a>, Adi H\u00fctter. Mais ils semblent inabordable financi\u00e8rement, en particulier le premier qui sort d\u2019une aventure lucrative en Arabie saoudite. Avec eux, Lucien Favre. Pass\u00e9 par l\u2019<a href=\"https:\/\/sportune.20minutes.fr\/ogc-nice-ogcn\" target=\"_blank\" rel=\"noopener\">OGC Nice<\/a>, le Suisse a dirig\u00e9 de grosses et ambitieuses cylindr\u00e9es, mais il est \u00e0 l\u2019\u00e9cart depuis plus de deux ans.<\/p>\n<p>Les \u00ab\u00a0valeurs s\u00fbres\u00a0\u00bb (des coachs rompus \u00e0 la Ligue 1 et la pression du r\u00e9sultat)<\/p>\n<p>Dans cette cat\u00e9gorie pointe en \u00e9vidence le Belge Will Still, anciennement au <a href=\"https:\/\/sportune.20minutes.fr\/stade-de-reims\" target=\"_blank\" rel=\"noopener\">Stade de Reims<\/a> puis au <a href=\"https:\/\/sportune.20minutes.fr\/rc-lens\" target=\"_blank\" rel=\"noopener\">RC Lens<\/a>, que le club de <a href=\"https:\/\/sportune.20minutes.fr\/southampton-fc\" target=\"_blank\" rel=\"noopener\">Southampton FC<\/a> vient d\u2019\u00e9carter pour sa premi\u00e8re exp\u00e9rience anglaise. L\u2019id\u00e9e est tellement bonne, que selon <a href=\"https:\/\/www.ouest-france.fr\/sport\/football\/fc-nantes\/fc-nantes-will-still-priorite-des-dirigeants-en-cas-de-depart-de-luis-castro-b2cdc4ea-d418-11f0-9e33-11f0fa5dcfce\" target=\"_blank\" rel=\"noopener\">Ouest France<\/a>, il est devenu une piste prioritaire de Kita. Mais d\u2019apr\u00e8s <a href=\"https:\/\/www.lequipe.fr\/Football\/Actualites\/Will-still-envisage-pour-remplacer-luis-castro-mais-la-piste-s-est-refermee\/1615433\" target=\"_blank\" rel=\"noopener\">L\u2019Equipe<\/a>, cela ne devrait pas se faire. Dans un registre plus incertain sur la r\u00e9ussite du profil, il y a Patrick Vieira. Les r\u00e9sultats de l\u2019ancien champion du monde 1998 sont mitig\u00e9s depuis qu\u2019il a embrass\u00e9 la carri\u00e8re d\u2019entra\u00eeneur, son dernier employeur, au <a href=\"https:\/\/sportune.20minutes.fr\/genoa-cfc\" target=\"_blank\" rel=\"noopener\">Genoa CFC<\/a> vient de l\u2019\u00e9carter faute de r\u00e9sultats probants. Mais il a, \u00e0 sa d\u00e9charge, compos\u00e9 avec beaucoup d\u2019al\u00e9as, notamment li\u00e9 aux blessures de son effectif. Reste Claude Puel, qui n\u2019a toutefois plus dirig\u00e9 depuis sa mise \u00e0 l\u2019\u00e9cart de l\u2019<a href=\"https:\/\/sportune.20minutes.fr\/as-saint-etienne-asse\" target=\"_blank\" rel=\"noopener\">AS Saint-Etienne<\/a> en 2021. Son profil de formateur pourrait \u00eatre un plus pour accompagner les jeunes talents de la Joneli\u00e8re. De surcro\u00eet Waldemar Kita n\u2019est jamais avare en bonne surprise avec ceux dont on ne parle plus. A l\u2019instar de Raymond Domenech.<\/p>\n<p>Les \u00ab\u00a0pompiers de service\u00a0\u00bb (des profils fran\u00e7ais pour faire la transition et plus si affinit\u00e9s\u2026)<\/p>\n<p>Et c\u2019est l\u00e0 que l\u2019on pense en premier \u00e0 Antoine Kombouar\u00e9. Si l\u2019adage du \u00ab\u00a0jamais deux sans trois\u00a0\u00bb est vrai, le Kanak a tout du profil id\u00e9al pour sortir les Nantais du marasme sportif qu\u2019ils traversent. En parlant de \u00ab\u00a0pompiers\u00a0\u00bb, comment aussi ne pas citer Pascal Dupraz, en se rem\u00e9morant sa causerie enflamm\u00e9e pour maintenir le <a href=\"https:\/\/sportune.20minutes.fr\/toulouse-fc-tfc\" target=\"_blank\" rel=\"noopener\">Toulouse FC<\/a> en <a href=\"https:\/\/sportune.20minutes.fr\/ligue-1-l1\" target=\"_blank\" rel=\"noopener\">Ligue 1<\/a> en 2018, alors que tous les \u00e9l\u00e9ments \u00e9taient r\u00e9unis pour que le club haut-garonnais \u00e9choue. Et puisque l\u2019on \u00e9voque le <a href=\"https:\/\/sportune.20minutes.fr\/toulouse-fc-tfc\" target=\"_blank\" rel=\"noopener\">TFC<\/a>, parlons de Philippe Montanier. Certes, il est identifi\u00e9 comme proche du <a href=\"https:\/\/sportune.20minutes.fr\/stade-rennais-srfc\" target=\"_blank\" rel=\"noopener\">Stade Rennais<\/a>, voisin et rival des Nantais. Mais son bilan plaide pour lui avec le <a href=\"https:\/\/sportune.20minutes.fr\/toulouse-fc-tfc\" target=\"_blank\" rel=\"noopener\">Toulouse FC<\/a> : une accession dans l\u2019\u00e9lite suivie d\u2019un maintien et la victoire en Coupe de France 2023, jusqu\u2019\u00e0 son \u00e9viction surprise. Enfin, Olivier Dall\u2019Oglio, qui a connu la pression du maintien plusieurs fois, sans y parvenir dans sa derni\u00e8re mission avec l\u2019<a href=\"https:\/\/sportune.20minutes.fr\/as-saint-etienne-asse\" target=\"_blank\" rel=\"noopener\">AS Saint-Etienne<\/a>.<\/p>\n","protected":false},"excerpt":{"rendered":"Luis Castro est de plus en plus fragilis\u00e9. La situation devient de plus en plus inextricable pour Luis&hellip;\n","protected":false},"author":2,"featured_media":565227,"comment_status":"","ping_status":"","sticky":false,"template":"","format":"standard","meta":{"footnotes":""},"categories":[2818],"tags":[1111,11,1777,674,462,1011,27,766,12,2636,25,969],"class_list":{"0":"post-587122","1":"post","2":"type-post","3":"status-publish","4":"format-standard","5":"has-post-thumbnail","7":"category-nantes","8":"tag-actu","9":"tag-actualites","10":"tag-eu","11":"tag-europe","12":"tag-fc-nantes","13":"tag-fr","14":"tag-france","15":"tag-nantes","16":"tag-news","17":"tag-pays-de-la-loire","18":"tag-republique-francaise","19":"tag-transfert"},"share_on_mastodon":{"url":"https:\/\/pubeurope.com\/@fr\/115685984581937647","error":""},"_links":{"self":[{"href":"https:\/\/www.europesays.com\/fr\/wp-json\/wp\/v2\/posts\/587122","targetHints":{"allow":["GET"]}}],"collection":[{"href":"https:\/\/www.europesays.com\/fr\/wp-json\/wp\/v2\/posts"}],"about":[{"href":"https:\/\/www.europesays.com\/fr\/wp-json\/wp\/v2\/types\/post"}],"author":[{"embeddable":true,"href":"https:\/\/www.europesays.com\/fr\/wp-json\/wp\/v2\/users\/2"}],"replies":[{"embeddable":true,"href":"https:\/\/www.europesays.com\/fr\/wp-json\/wp\/v2\/comments?post=587122"}],"version-history":[{"count":0,"href":"https:\/\/www.europesays.com\/fr\/wp-json\/wp\/v2\/posts\/587122\/revisions"}],"wp:featuredmedia":[{"embeddable":true,"href":"https:\/\/www.europesays.com\/fr\/wp-json\/wp\/v2\/media\/565227"}],"wp:attachment":[{"href":"https:\/\/www.europesays.com\/fr\/wp-json\/wp\/v2\/media?parent=587122"}],"wp:term":[{"taxonomy":"category","embeddable":true,"href":"https:\/\/www.europesays.com\/fr\/wp-json\/wp\/v2\/categories?post=587122"},{"taxonomy":"post_tag","embeddable":true,"href":"https:\/\/www.europesays.com\/fr\/wp-json\/wp\/v2\/tags?post=587122"}],"curies":[{"name":"wp","href":"https:\/\/api.w.org\/{rel}","templated":true}]}}