{"id":587176,"date":"2025-12-08T21:45:19","date_gmt":"2025-12-08T21:45:19","guid":{"rendered":"https:\/\/www.europesays.com\/fr\/587176\/"},"modified":"2025-12-08T21:45:19","modified_gmt":"2025-12-08T21:45:19","slug":"vitinha-detaille-sa-transformation-au-psg-sous-luis-enrique","status":"publish","type":"post","link":"https:\/\/www.europesays.com\/fr\/587176\/","title":{"rendered":"Vitinha d\u00e9taille sa transformation au PSG sous Luis Enrique"},"content":{"rendered":"<p><strong>Vitinha, 25 ans, milieu du Paris Saint-Germain, s\u2019est confi\u00e9 \u00e0 La Gazzetta dello Sport pour revenir sur son \u00e9volution et l\u2019importance du travail impos\u00e9 par Luis Enrique. Le Portugais insiste sur la rigueur quotidienne au PSG et sur son envie d\u2019aider l\u2019\u00e9quipe, notamment gr\u00e2ce \u00e0 sa qualit\u00e9 de passe, travaill\u00e9e depuis l\u2019enfance.<\/strong><\/p>\n<blockquote class=\"twitter-tweet\" data-media-max-width=\"560\">\n<p dir=\"ltr\" lang=\"fr\">\u2139\ufe0f\ud83d\udd34\ud83d\udd35 \u00ab Ma progression depuis deux ans ? J\u2019ai travaill\u00e9 dur, j\u2019ai eu un peu de chance et j\u2019ai pu compter sur des personnes importantes, tant sur le plan personnel que sportif. \u00bb<\/p>\n<p>\ud83e\udd1d \u00ab \u00c0 commencer par Luis Enrique, qui a sans doute eu l\u2019influence la plus d\u00e9terminante sur ma\u2026 <a href=\"https:\/\/t.co\/VkDxTpyT43\">pic.twitter.com\/VkDxTpyT43<\/a><\/p>\n<p>\u2014 ParisSG INFOS (@Paris_sginfos) <a href=\"https:\/\/twitter.com\/Paris_sginfos\/status\/1998075848939749544?ref_src=twsrc%5Etfw\" target=\"_blank\" rel=\"noopener\">December 8, 2025<\/a><\/p>\n<\/blockquote>\n<blockquote class=\"twitter-tweet\" data-media-max-width=\"560\">\n<p dir=\"ltr\" lang=\"fr\">\u2139\ufe0f\ud83d\udd34\ud83d\udd35 \u00ab Luis Enrique ne fait aucune concession \u00e0 l\u2019entra\u00eenement ? C\u2019est vrai, il est un peu p\u00e9nible (rires), mais j\u2019aime \u00e7a comme \u00e7a, car on ne peut que progresser. \u00bb<\/p>\n<p>\ud83d\udcc8 \u00ab C\u2019est un excellent entra\u00eeneur, non seulement sur le plan technique et tactique, mais aussi humain, ce qui\u2026 <a href=\"https:\/\/t.co\/cUJzszDxKV\">pic.twitter.com\/cUJzszDxKV<\/a><\/p>\n<p>\u2014 ParisSG INFOS (@Paris_sginfos) <a href=\"https:\/\/twitter.com\/Paris_sginfos\/status\/1998076447169101947?ref_src=twsrc%5Etfw\" target=\"_blank\" rel=\"noopener\">December 8, 2025<\/a><\/p>\n<\/blockquote>\n<p>Vitinha \u00ab\u00a0J\u2019ai travaill\u00e9 dur\u00a0\u00bb<\/p>\n<blockquote>\n<p><strong>\u00ab Ma progression depuis deux ans ?<\/strong><\/p>\n<p>J\u2019ai travaill\u00e9 dur, j\u2019ai eu un peu de chance et j\u2019ai pu compter sur des personnes importantes, tant sur le plan personnel que sportif. \u00c0 commencer par Luis Enrique, qui a sans doute eu l\u2019influence la plus d\u00e9terminante sur ma carri\u00e8re. <\/p>\n<p><strong>L\u2019un des meilleurs milieux de terrain au monde ?<\/strong><\/p>\n<p>Je traverse une p\u00e9riode positive, mais je n\u2019oublie pas qu\u2019une saison comporte aussi des moments difficiles et que les critiques sont in\u00e9vitables. Moi, cependant, l\u2019important est de rester aussi fort que possible pour aider l\u2019\u00e9quipe. Au PSG, chaque match est important. On ne fait pas de distinction entre les matchs de championnat, de Ligue des Champions ou de Coupe de France, o\u00f9 une d\u00e9faite est synonyme d\u2019\u00e9limination.<\/p>\n<\/blockquote>\n<p>Vitinha \u00ab\u00a0C\u2019est vrai, il est un peu p\u00e9nible\u00a0\u00bb<\/p>\n<blockquote>\n<p><strong>Luis Enrique ne fait aucune concession \u00e0 l\u2019entra\u00eenement ?<\/strong><\/p>\n<p>C\u2019est vrai, il est un peu p\u00e9nible (rires), mais j\u2019aime \u00e7a comme \u00e7a, car on ne peut que progresser. C\u2019est un excellent entra\u00eeneur, non seulement sur le plan technique et tactique, mais aussi humain, ce qui fait toute la diff\u00e9rence \u00e0 ce niveau. <\/p>\n<p><strong>Mes passes d\u00e9cisives ?<\/strong><\/p>\n<p>C\u2019est quelque chose que je travaille depuis que j\u2019ai commenc\u00e9 le football \u00e0 six ans. C\u2019est une de mes caract\u00e9ristiques. Je n\u2019ai peut-\u00eatre pas beaucoup d\u2019autres qualit\u00e9s, mais la passe, c\u2019est quelque chose que je ma\u00eetrise. \u00bb\u00a0<\/p>\n<\/blockquote>\n<p>Dans cet entretien, Vitinha, 25 ans, d\u00e9crit surtout un environnement o\u00f9 l\u2019exigence permanente est devenue son carburant. La relation avec Luis Enrique, 54 ans, appara\u00eet comme le point d\u2019appui majeur de cette progression : un entra\u00eeneur intraitable mais profond\u00e9ment humain, qui pousse chacun au-del\u00e0 de sa zone de confort. Le Portugais ne cherche pas l\u2019esbroufe ; il rappelle presque avec modestie que la passe, cette signature technique qu\u2019il peaufine depuis l\u2019\u00e2ge de six ans, reste son vrai tr\u00e9sor.<\/p>\n<p>Le reste, dit-il, se construit dans l\u2019effort, la discipline et l\u2019acceptation des p\u00e9riodes plus compliqu\u00e9es. Il mart\u00e8le que, pour le Paris Saint-Germain, chaque comp\u00e9tition impose la m\u00eame intensit\u00e9, comme une mani\u00e8re de r\u00e9sumer la culture que le coach a install\u00e9e : travailler, r\u00e9p\u00e9ter, et ne jamais croire que le moindre rendez-vous est insignifiant. Une mentalit\u00e9 qui explique sa constance depuis deux saisons.<\/p>\n<p>\t\t\t\t\t\t\t\t\t\t\t\t\t\t\t\t\t\t\t\t\t\t\t<img decoding=\"async\" src=\"https:\/\/www.europesays.com\/fr\/wp-content\/uploads\/2025\/04\/ParisFans_Logo.png\"\/><\/p>\n<p>\t\t\t\t\t\t\t\t<script async src=\"https:\/\/platform.twitter.com\/widgets.js\" charset=\"utf-8\"><\/script><\/p>\n","protected":false},"excerpt":{"rendered":"Vitinha, 25 ans, milieu du Paris Saint-Germain, s\u2019est confi\u00e9 \u00e0 La Gazzetta dello Sport pour revenir sur son&hellip;\n","protected":false},"author":2,"featured_media":587177,"comment_status":"","ping_status":"","sticky":false,"template":"","format":"standard","meta":{"footnotes":""},"categories":[1410],"tags":[63,1011,27,921,60,96,13296],"class_list":{"0":"post-587176","1":"post","2":"type-post","3":"status-publish","4":"format-standard","5":"has-post-thumbnail","7":"category-football","8":"tag-football","9":"tag-fr","10":"tag-france","11":"tag-luis-enrique","12":"tag-sports","13":"tag-une","14":"tag-vitinha"},"share_on_mastodon":{"url":"https:\/\/pubeurope.com\/@fr\/115686142545313992","error":""},"_links":{"self":[{"href":"https:\/\/www.europesays.com\/fr\/wp-json\/wp\/v2\/posts\/587176","targetHints":{"allow":["GET"]}}],"collection":[{"href":"https:\/\/www.europesays.com\/fr\/wp-json\/wp\/v2\/posts"}],"about":[{"href":"https:\/\/www.europesays.com\/fr\/wp-json\/wp\/v2\/types\/post"}],"author":[{"embeddable":true,"href":"https:\/\/www.europesays.com\/fr\/wp-json\/wp\/v2\/users\/2"}],"replies":[{"embeddable":true,"href":"https:\/\/www.europesays.com\/fr\/wp-json\/wp\/v2\/comments?post=587176"}],"version-history":[{"count":0,"href":"https:\/\/www.europesays.com\/fr\/wp-json\/wp\/v2\/posts\/587176\/revisions"}],"wp:featuredmedia":[{"embeddable":true,"href":"https:\/\/www.europesays.com\/fr\/wp-json\/wp\/v2\/media\/587177"}],"wp:attachment":[{"href":"https:\/\/www.europesays.com\/fr\/wp-json\/wp\/v2\/media?parent=587176"}],"wp:term":[{"taxonomy":"category","embeddable":true,"href":"https:\/\/www.europesays.com\/fr\/wp-json\/wp\/v2\/categories?post=587176"},{"taxonomy":"post_tag","embeddable":true,"href":"https:\/\/www.europesays.com\/fr\/wp-json\/wp\/v2\/tags?post=587176"}],"curies":[{"name":"wp","href":"https:\/\/api.w.org\/{rel}","templated":true}]}}