{"id":587182,"date":"2025-12-08T21:50:18","date_gmt":"2025-12-08T21:50:18","guid":{"rendered":"https:\/\/www.europesays.com\/fr\/587182\/"},"modified":"2025-12-08T21:50:18","modified_gmt":"2025-12-08T21:50:18","slug":"tbt9-matthieu-delormeau-contraint-de-se-retirer-apres-un-terrible-accident-domestique","status":"publish","type":"post","link":"https:\/\/www.europesays.com\/fr\/587182\/","title":{"rendered":"TBT9 : Matthieu Delormeau contraint de se retirer apr\u00e8s un terrible accident domestique"},"content":{"rendered":"<p>Mauvaise nouvelle pour <a href=\"https:\/\/www.public.fr\/tag\/matthieu-delormeau\" target=\"_blank\" rel=\"noopener\">Matthieu Delormeau<\/a> ce lundi 8 d\u00e9cembre 2025. Alors que le producteur et chroniqueur devait tenir sa place ce lundi soir dans la quotidienne de <a href=\"https:\/\/www.public.fr\/tag\/cyril-hanouna\" target=\"_blank\" rel=\"noopener\">Cyril Hanouna<\/a> sur W9, il n\u2019a finalement pas pu le faire. Et pour cause, le principal int\u00e9ress\u00e9 a \u00e9t\u00e9 victime d\u2019un accident, le privant de se rendre sur le plateau de l\u2019\u00e9mission dans laquelle il a fait son retour \u00e0 la rentr\u00e9e.<\/p>\n<p>En effet, depuis son d\u00e9part en 2023 de <strong>TPMP<\/strong> (l\u2019ancienne quotidienne de Cyril Hanouna diffus\u00e9e sur C8:ndlr), Matthieu Delormeau avait disparu des radars et a connu de nombreux moments compliqu\u00e9s. Notamment \u00e0 cause de ses addictions <a href=\"https:\/\/www.public.fr\/matthieu-delormeau-accro-a-la-cocaine-largue-par-son-cheri-et-lache-par-le-monde-du-paf-revelations-sur-sa-descente-aux-enfers-dans-tbt9\" target=\"_blank\" rel=\"noopener\">l\u2019ayant conduit en cure de d\u00e9sintoxication<\/a>. Aujourd\u2019hui sevr\u00e9, il a pu faire son retour \u00e0 la t\u00e9l\u00e9vision et surtout sein de la bande de \u00ab\u00a0Baba\u00a0\u00bb.<\/p>\n<p>D\u00e9sormais, depuis septembre, le producteur officie en tant que chroniqueur dans <strong><a href=\"https:\/\/www.public.fr\/tag\/tout-beau-tout-9\" target=\"_blank\" rel=\"noopener\">TBT9<\/a><\/strong> plusieurs soirs de la semaine, aux c\u00f4t\u00e9s de Val\u00e9rie Bena\u00efm, Olivier Dartigolles, Polska, Raymond Aabou, G\u00e9raldine Maillet, <a href=\"https:\/\/vsd.fr\/88523-gilles-verdez-un-acteur-francais-lui-pique-sa-compagne\/\" target=\"_blank\" rel=\"noopener\">Gilles Verdez<\/a> ou encore Jordan de Luxe.\u00a0<\/p>\n<p>Matthieu Delormeau absent de TBT9 \u00e0 la derni\u00e8re minute<\/p>\n<p>Chaque lundi, Matthieu Delormeau tient sa place. Et pourtant, ce lundi 8 d\u00e9cembre 2025, les t\u00e9l\u00e9spectateurs ont \u00e9t\u00e9 surpris en d\u00e9couvrant que son si\u00e8ge \u00e9tait vide ou plut\u00f4t, occup\u00e9 par Danielle Moreau, appel\u00e9e en urgence.<\/p>\n<p>C\u2019est seulement en cours d\u2019\u00e9mission que Cyril Hanouna a souhait\u00e9 prendre la parole pour expliquer l\u2019absence du membre de son \u00e9quipe :\u00a0<strong>\u00ab\u00a0<\/strong>Parce que m\u00eame moi, je suis pas au courant, <strong>Matthieu Delormeau a eu un petit accident.<\/strong> Ne vous inqui\u00e9tez pas. Il devrait absent jusqu&rsquo;\u00e0 la fin de semaine ou lundi prochain\u00a0\u00bb, a annonc\u00e9 le pr\u00e9sentateur en toute fin d\u2019\u00e9mission avant que Gilles Verdez ne donne plus de d\u00e9tails sur ledit accident.<\/p>\n<p>Gilles Verdez en dit plus sur l&rsquo;accident dont a \u00e9t\u00e9 victime son coll\u00e8gue<\/p>\n<p><strong>\u00ab\u00a0<\/strong>C&rsquo;est un accident domestique.<strong> Il est tomb\u00e9 dans ses escaliers<\/strong>. Sur le coup, vraiment, sur le coup, il a pens\u00e9 que ce n&rsquo;\u00e9tait pas grave. Et puis le lendemain, il s&rsquo;est r\u00e9veill\u00e9,<strong> il avait des h\u00e9matomes partout, il avait tr\u00e8s mal,<\/strong> il ne pouvait pas venir, il avait l&rsquo;impression d&rsquo;\u00eatre comme un boxeur apr\u00e8s un combat qui avait pris des coups ou qu&rsquo;on l&rsquo;avait frapp\u00e9, ce qui n&rsquo;est pas du tout le cas. C&rsquo;est un accident domestique pur et simple dans ses escaliers\u00a0\u00bb, a d\u2019abord d\u00e9taill\u00e9 Gilles Verdez.<\/p>\n<p>Ce dernier a \u00e9galement indiqu\u00e9 que Matthieu Delormeau, suite \u00e0 cet accident, avait une arcade qui saignait, l\u2019emp\u00eachant d\u2019ouvrir l&rsquo;\u0153il. \u00ab\u00a0Donc voil\u00e0, les douleurs, ce matin, les douleurs \u00e9taient tellement intenses qu&rsquo;il a dit qu&rsquo;il ne pouvait pas venir.<strong> Il n&rsquo;y a rien de tr\u00e8s grave<\/strong>. A priori, il n&rsquo;y a pas de fractures, mais il ne pouvait pas venir parce qu&rsquo;il n\u2019\u00e9tait pas bien apr\u00e8s cette chute dans les escaliers. On a eu des \u00e9changes avec lui, mais je ne sais pas. Je ne lui ai pas demand\u00e9 \u00e7a (s\u2019il avait vu un m\u00e9decin:ndlr). Il prend quelques jours et devrait revenir lundi prochain. La chute est vraiment s\u00e9rieuse\u00a0\u00bb, a finalement conclu le chroniqueur au sujet de l\u2019\u00e9tat de sant\u00e9 de son coll\u00e8gue.\u00a0<\/p>\n<p>\n          Hits &amp; People en continu\n        <\/p>\n<p>\n          Public Radio\n        <\/p>\n<p>      Mentionn\u00e9s dans cet article<\/p>\n<p>      Sur le m\u00eame sujet<\/p>\n","protected":false},"excerpt":{"rendered":"Mauvaise nouvelle pour Matthieu Delormeau ce lundi 8 d\u00e9cembre 2025. Alors que le producteur et chroniqueur devait tenir&hellip;\n","protected":false},"author":2,"featured_media":587183,"comment_status":"","ping_status":"","sticky":false,"template":"","format":"standard","meta":{"footnotes":""},"categories":[1356],"tags":[119,1083,58,59,1011,27,7830,252,22498,22497,1364],"class_list":{"0":"post-587182","1":"post","2":"type-post","3":"status-publish","4":"format-standard","5":"has-post-thumbnail","7":"category-television","8":"tag-accident","9":"tag-cyril-hanouna","10":"tag-divertissement","11":"tag-entertainment","12":"tag-fr","13":"tag-france","14":"tag-matthieu-delormeau","15":"tag-television","16":"tag-tout-9-tbt9","17":"tag-tout-beau","18":"tag-tv"},"share_on_mastodon":{"url":"https:\/\/pubeurope.com\/@fr\/115686160772466585","error":""},"_links":{"self":[{"href":"https:\/\/www.europesays.com\/fr\/wp-json\/wp\/v2\/posts\/587182","targetHints":{"allow":["GET"]}}],"collection":[{"href":"https:\/\/www.europesays.com\/fr\/wp-json\/wp\/v2\/posts"}],"about":[{"href":"https:\/\/www.europesays.com\/fr\/wp-json\/wp\/v2\/types\/post"}],"author":[{"embeddable":true,"href":"https:\/\/www.europesays.com\/fr\/wp-json\/wp\/v2\/users\/2"}],"replies":[{"embeddable":true,"href":"https:\/\/www.europesays.com\/fr\/wp-json\/wp\/v2\/comments?post=587182"}],"version-history":[{"count":0,"href":"https:\/\/www.europesays.com\/fr\/wp-json\/wp\/v2\/posts\/587182\/revisions"}],"wp:featuredmedia":[{"embeddable":true,"href":"https:\/\/www.europesays.com\/fr\/wp-json\/wp\/v2\/media\/587183"}],"wp:attachment":[{"href":"https:\/\/www.europesays.com\/fr\/wp-json\/wp\/v2\/media?parent=587182"}],"wp:term":[{"taxonomy":"category","embeddable":true,"href":"https:\/\/www.europesays.com\/fr\/wp-json\/wp\/v2\/categories?post=587182"},{"taxonomy":"post_tag","embeddable":true,"href":"https:\/\/www.europesays.com\/fr\/wp-json\/wp\/v2\/tags?post=587182"}],"curies":[{"name":"wp","href":"https:\/\/api.w.org\/{rel}","templated":true}]}}