{"id":587184,"date":"2025-12-08T21:51:17","date_gmt":"2025-12-08T21:51:17","guid":{"rendered":"https:\/\/www.europesays.com\/fr\/587184\/"},"modified":"2025-12-08T21:51:17","modified_gmt":"2025-12-08T21:51:17","slug":"bigflo-oli-annoncent-un-nouvel-album","status":"publish","type":"post","link":"https:\/\/www.europesays.com\/fr\/587184\/","title":{"rendered":"Bigflo &#038; Oli annoncent un nouvel album"},"content":{"rendered":"<p class=\"ap-StoryElement ap-StoryElement--mb ap-StoryText\">Trois ans apr\u00e8s la sortie de leur dernier projet \u00ab\u00a0Les autres c&rsquo;est nous\u00a0\u00bb, <a href=\"https:\/\/www.dhnet.be\/regions\/mons\/borinage\/2025\/03\/03\/les-rappeurs-bigflo-oli-se-produiront-pour-la-premiere-fois-au-dour-festival-cet-ete-K4QTWXYTJ5HU3NYWBUP3QF7PDA\/\" target=\"_self\" rel=\"noopener\">Bigflo &amp; Oli <\/a>ont presque boucl\u00e9 leur cinqui\u00e8me album. Les deux fr\u00e8res toulousains ont annonc\u00e9 la nouvelle sur les r\u00e9seaux sociaux.<\/p>\n<p class=\"ap-StoryElement ap-StoryElement--mb ap-StoryText\">La date de sortie de leur nouvelle opus n&rsquo;a pas encore \u00e9t\u00e9 d\u00e9voil\u00e9e. Le 1er ao\u00fbt dernier, les deux artistes avaient sorti un single, \u00ab\u00a0Mourir pour rena\u00eetre\u00a0\u00bb.<\/p>\n","protected":false},"excerpt":{"rendered":"Trois ans apr\u00e8s la sortie de leur dernier projet \u00ab\u00a0Les autres c&rsquo;est nous\u00a0\u00bb, Bigflo &amp; Oli ont presque&hellip;\n","protected":false},"author":2,"featured_media":587185,"comment_status":"","ping_status":"","sticky":false,"template":"","format":"standard","meta":{"footnotes":""},"categories":[1355],"tags":[58,59,1011,27,1361,873],"class_list":{"0":"post-587184","1":"post","2":"type-post","3":"status-publish","4":"format-standard","5":"has-post-thumbnail","7":"category-musique","8":"tag-divertissement","9":"tag-entertainment","10":"tag-fr","11":"tag-france","12":"tag-music","13":"tag-musique"},"share_on_mastodon":{"url":"https:\/\/pubeurope.com\/@fr\/115686164778751666","error":""},"_links":{"self":[{"href":"https:\/\/www.europesays.com\/fr\/wp-json\/wp\/v2\/posts\/587184","targetHints":{"allow":["GET"]}}],"collection":[{"href":"https:\/\/www.europesays.com\/fr\/wp-json\/wp\/v2\/posts"}],"about":[{"href":"https:\/\/www.europesays.com\/fr\/wp-json\/wp\/v2\/types\/post"}],"author":[{"embeddable":true,"href":"https:\/\/www.europesays.com\/fr\/wp-json\/wp\/v2\/users\/2"}],"replies":[{"embeddable":true,"href":"https:\/\/www.europesays.com\/fr\/wp-json\/wp\/v2\/comments?post=587184"}],"version-history":[{"count":0,"href":"https:\/\/www.europesays.com\/fr\/wp-json\/wp\/v2\/posts\/587184\/revisions"}],"wp:featuredmedia":[{"embeddable":true,"href":"https:\/\/www.europesays.com\/fr\/wp-json\/wp\/v2\/media\/587185"}],"wp:attachment":[{"href":"https:\/\/www.europesays.com\/fr\/wp-json\/wp\/v2\/media?parent=587184"}],"wp:term":[{"taxonomy":"category","embeddable":true,"href":"https:\/\/www.europesays.com\/fr\/wp-json\/wp\/v2\/categories?post=587184"},{"taxonomy":"post_tag","embeddable":true,"href":"https:\/\/www.europesays.com\/fr\/wp-json\/wp\/v2\/tags?post=587184"}],"curies":[{"name":"wp","href":"https:\/\/api.w.org\/{rel}","templated":true}]}}