{"id":587190,"date":"2025-12-08T21:54:18","date_gmt":"2025-12-08T21:54:18","guid":{"rendered":"https:\/\/www.europesays.com\/fr\/587190\/"},"modified":"2025-12-08T21:54:18","modified_gmt":"2025-12-08T21:54:18","slug":"le-stade-toulousain-a-ete-entendu-par-le-conseil-de-discipline-dans-laffaire-jaminet-verdict-en-fin-de-semaine","status":"publish","type":"post","link":"https:\/\/www.europesays.com\/fr\/587190\/","title":{"rendered":"Le Stade Toulousain a \u00e9t\u00e9 entendu par le conseil de discipline dans l\u2019affaire Jaminet\u00a0: verdict en fin de semaine"},"content":{"rendered":"<p>\n                                                                    l&rsquo;essentiel<br \/>\n                                                                Les avocats du Stade Toulousain pr\u00e9sents sur place \u00e0 Paris ainsi que son pr\u00e9sident Didier Lacroix (en visio) ont r\u00e9pondu aujourd\u2019hui aux questions des membres du conseil de discipline de l\u2019autorit\u00e9 de r\u00e9gulation du rugby.\n                            <\/p>\n<p>C\u2019est une nouvelle fois l\u2019heure des comptes pour le Stade Toulousain englu\u00e9 dans ce qu\u2019on nomme commun\u00e9ment l\u2019affaire Jaminet.<\/p>\n<p>La somme de 1,3\u00a0million d\u2019euros vers\u00e9e \u00e0 la Ligue nationale de rugby, n\u2019a pas sold\u00e9 l\u2019affaire contrairement \u00e0 ce qu\u2019avait indiqu\u00e9 \u00e0 l\u2019\u00e9poque le communiqu\u00e9 commun du club et de la Ligue\u00a0: \u00ab\u00a0Ce r\u00e8glement de 1,3\u00a0million d\u2019euros met fin au diff\u00e9rend relatif au r\u00e8glement salary-cap.\u00a0\u00bb Mais en suivant, l\u2019Autorit\u00e9 de r\u00e9gulation du rugby (A2R) organisme cog\u00e9r\u00e9 par la Ligue et la FFR et plac\u00e9 sous la responsabilit\u00e9 de la FFR d\u00e9cidait \u00e0 son tour de se saisir du dossier. Et de porter l\u2019affaire devant le conseil de discipline.<\/p>\n<p class=\"std-elt__inline\">\n        <strong>\u00c0 lire aussi :<\/strong><br \/>\n        <a href=\"https:\/\/www.ladepeche.fr\/2025\/12\/08\/stade-toulousain-on-assumera-les-consequences-comment-toulouse-apprehende-le-passage-devant-la-commission-de-discipline-dans-laffaire-jaminet-13096891.php\" target=\"_blank\" rel=\"noopener\">Stade Toulousain\u00a0: \u00ab\u00a0On assumera les cons\u00e9quences\u00a0!\u00a0\u00bb Comment Toulouse appr\u00e9hende le passage devant la commission de discipline dans l\u2019affaire Jaminet<\/a>\n    <\/p>\n<p>C\u2019est donc cette apr\u00e8s-midi \u00e0 14h30 que le Stade Toulousain \u00e9tait convoqu\u00e9 \u00e0 Paris. Il \u00e9tait repr\u00e9sent\u00e9 par deux avocats Ma\u00eetre Bruno Cavali\u00e9 et Ma\u00eetre Thibault Guillemin. Didier Lacroix, pr\u00e9sident du Stade Toulousain, a r\u00e9pondu aux questions en visio. Face \u00e0 eux, sept membres (experts-comptables, juristes et avocats) du conseil de discipline.<\/p>\n<p class=\"std-elt__inline\">\n        <strong>\u00c0 lire aussi :<\/strong><br \/>\n        <a href=\"https:\/\/www.ladepeche.fr\/2025\/12\/07\/stade-toulousain-si-on-nous-empeche-de-jouer-les-phases-finales-thomas-ramos-sexprime-sur-les-possibles-sanctions-liees-a-laffaire-jaminet-13096837.php\" target=\"_blank\" rel=\"noopener\">Stade Toulousain\u00a0: \u00ab\u00a0Si on nous emp\u00eache de jouer les phases finales\u2026\u00a0\u00bb Thomas Ramos inquiet des possibles sanctions li\u00e9es \u00e0 l\u2019affaire Jaminet<\/a>\n    <\/p>\n<p>Avant cette audience, la d\u00e9fense du club semblait s\u2019articuler autour de l\u2019id\u00e9e que le Stade Toulousain avait d\u00e9j\u00e0 \u00e9t\u00e9 sanctionn\u00e9 pour ces faits. A son issue, aucune information officielle n\u2019a \u00e9t\u00e9 divulgu\u00e9e.\u00a0\u00ab\u00a0Pas de communication pour l\u2019instant, on verra une fois la d\u00e9cision rendue\u00a0\u00bb a d\u00e9clar\u00e9 Me Cavalie, cit\u00e9 par\u00a0<a href=\"https:\/\/www.lefigaro.fr\/sports\/rugby\/top-14\/affaire-jaminet-auditionne-ce-lundi-le-stade-toulousain-desormais-dans-l-attente-20251208\" target=\"_blank\" rel=\"noopener\">Le Figaro<\/a>.<\/p>\n<p>La d\u00e9cision du conseil de discipline devrait \u00eatre communiqu\u00e9e en fin de semaine. En cas de sanction (retrait de points au classement du Top 14, interdiction de disputer les phases finales notamment), le Stade Toulousain pourra interjeter appel devant la commission d\u2019appel de la FFR (ce qui ne serait pas suspensif), puis \u00e9ventuellement saisir le CNOSF et, en dernier recours, le Tribunal arbitral du sport.<\/p>\n","protected":false},"excerpt":{"rendered":"l&rsquo;essentiel Les avocats du Stade Toulousain pr\u00e9sents sur place \u00e0 Paris ainsi que son pr\u00e9sident Didier Lacroix (en&hellip;\n","protected":false},"author":2,"featured_media":587191,"comment_status":"","ping_status":"","sticky":false,"template":"","format":"standard","meta":{"footnotes":""},"categories":[9],"tags":[1011,27,2722,68796,517,60,476,2312],"class_list":{"0":"post-587190","1":"post","2":"type-post","3":"status-publish","4":"format-standard","5":"has-post-thumbnail","7":"category-sports","8":"tag-fr","9":"tag-france","10":"tag-haute-garonne","11":"tag-rugby-u00e0-xv","12":"tag-sport","13":"tag-sports","14":"tag-stade-toulousain","15":"tag-toulouse"},"share_on_mastodon":{"url":"https:\/\/pubeurope.com\/@fr\/115686176544340167","error":""},"_links":{"self":[{"href":"https:\/\/www.europesays.com\/fr\/wp-json\/wp\/v2\/posts\/587190","targetHints":{"allow":["GET"]}}],"collection":[{"href":"https:\/\/www.europesays.com\/fr\/wp-json\/wp\/v2\/posts"}],"about":[{"href":"https:\/\/www.europesays.com\/fr\/wp-json\/wp\/v2\/types\/post"}],"author":[{"embeddable":true,"href":"https:\/\/www.europesays.com\/fr\/wp-json\/wp\/v2\/users\/2"}],"replies":[{"embeddable":true,"href":"https:\/\/www.europesays.com\/fr\/wp-json\/wp\/v2\/comments?post=587190"}],"version-history":[{"count":0,"href":"https:\/\/www.europesays.com\/fr\/wp-json\/wp\/v2\/posts\/587190\/revisions"}],"wp:featuredmedia":[{"embeddable":true,"href":"https:\/\/www.europesays.com\/fr\/wp-json\/wp\/v2\/media\/587191"}],"wp:attachment":[{"href":"https:\/\/www.europesays.com\/fr\/wp-json\/wp\/v2\/media?parent=587190"}],"wp:term":[{"taxonomy":"category","embeddable":true,"href":"https:\/\/www.europesays.com\/fr\/wp-json\/wp\/v2\/categories?post=587190"},{"taxonomy":"post_tag","embeddable":true,"href":"https:\/\/www.europesays.com\/fr\/wp-json\/wp\/v2\/tags?post=587190"}],"curies":[{"name":"wp","href":"https:\/\/api.w.org\/{rel}","templated":true}]}}