{"id":587202,"date":"2025-12-08T22:00:21","date_gmt":"2025-12-08T22:00:21","guid":{"rendered":"https:\/\/www.europesays.com\/fr\/587202\/"},"modified":"2025-12-08T22:00:21","modified_gmt":"2025-12-08T22:00:21","slug":"la-decision-du-contentieux-financier-entre-cardiff-et-le-fc-nantes-donnee-en-mars-2026","status":"publish","type":"post","link":"https:\/\/www.europesays.com\/fr\/587202\/","title":{"rendered":"la d\u00e9cision du contentieux financier entre Cardiff et le FC Nantes donn\u00e9e en mars 2026"},"content":{"rendered":"<p>\n    Le contentieux financier qui dure depuis 2019 entre Cardiff City et le FC Nantes apr\u00e8s la mort du footballeur Emiliano Sala conna\u00eetra sa d\u00e9cision le 30 mars 2026.<\/p>\n<p class=\"fig-paragraph\">Cardiff City d\u00e9nonce la \u00abn\u00e9gligence\u00bb d\u2019un agent,\u00a0<a href=\"http:\/\/www.lefigaro.fr\/flash-actu\/deces-de-sala-cardiff-city-et-le-fc-nantes-devant-le-tribunal-de-commerce-20251208\" target=\"_blank\" data-fig-type=\"NewsFlash\" rel=\"noopener\" data-gtm-custom-categorie=\"navigation\" data-gtm-custom-action=\"crossclick\" data-gtm-custom-label=\"Contextuel\" data-gtm-event=\"customEventSPE\" data-fig-domain=\"LEFIGARO\">le FC Nantes un \u00abacharnement judiciaire\u00bb<\/a>: pr\u00e8s de sept ans apr\u00e8s la mort d\u2019Emiliano Sala dans un accident d\u2019avion, les avocats des deux clubs ont plaid\u00e9 lundi devant le tribunal de commerce de Nantes, qui se prononcera le 30 mars.<\/p>\n<p class=\"fig-paragraph\">L\u2019attaquant argentin, \u00e2g\u00e9 de 28 ans, avait p\u00e9ri dans un accident d\u2019avion au-dessus de la Manche en janvier 2019 alors qu\u2019il rejoignait Cardiff City, o\u00f9 il venait d\u2019\u00eatre transf\u00e9r\u00e9 depuis le FC Nantes. Il n\u2019avait pas eu le temps de jouer avec son nouveau club. Le Cardiff City Football Club (CCFC) a saisi le tribunal de commerce de Nantes en 2023 pour r\u00e9clamer r\u00e9paration au titre des pertes de revenus et autres pr\u00e9judices subis par le club en raison du d\u00e9c\u00e8s du joueur.<\/p>\n<p>                                            <a class=\"fig-a11y-skip\" href=\"#fig-a11y-skip-main-inarticle\" data-module=\"a11y-skip\" data-context=\"was @visible\"><br \/>\n    Passer la publicit\u00e9<br \/>\n<\/a>            <\/p>\n<p class=\"fig-paragraph\">Cardiff City d\u00e9fend que le FC Nantes \u00e9tait, via l\u2019agent Willie McKay, impliqu\u00e9 dans l\u2019organisation du vol priv\u00e9 \u00e0 bord duquel le footballeur avait pris place et que, si le transfert \u00e9tait effectif au moment de l\u2019accident selon le Tribunal arbitral du sport (TAS), c\u2019est l\u2019organisation de ce vol qui est en cause. Willie McKay \u00abne pouvait pas ignorer l\u2019ill\u00e9galit\u00e9 du vol\u00bb, a affirm\u00e9 devant le tribunal de commerce l\u2019avocat de Cardiff City, Me Olivier Loizon, selon qui Willie McKay a fait preuve de \u00abl\u00e9g\u00e8ret\u00e9\u00bb et de \u00abn\u00e9gligence\u00bb. \u00abQuelle que soit la cause finale de l\u2019accident, (Emiliano Sala) n\u2019aurait pas d\u00fb \u00eatre dans le vol\u00bb, a-t-il ajout\u00e9.<\/p>\n<p class=\"fig-paragraph\">De leur c\u00f4t\u00e9, les avocats du FC Nantes ont rappel\u00e9 que seul David Henderson, organisateur du vol, avait \u00e9t\u00e9 condamn\u00e9 par la justice au Royaume-Uni pour avoir engag\u00e9 un pilote qu\u2019il savait non qualifi\u00e9 et transport\u00e9 un passager sans autorisation valide.<\/p>\n<p>                                            Analyses financi\u00e8res<\/p>\n<p class=\"fig-paragraph\">Par ailleurs, le seul agent mandat\u00e9 par le FC Nantes dans le cadre du transfert d\u2019Emiliano Sala \u00e9tait Mark McKay, fils de Willie McKay, a soulign\u00e9 Me J\u00e9r\u00f4me Marsaudon. Willie McKay \u00abne faisait qu\u2019aider son fils, vu sa grande exp\u00e9rience\u00bb, a ajout\u00e9 l\u2019avocat du FC Nantes. \u00abIl est triste de voir que Cardiff a instrumentalis\u00e9 ce drame, et en a fait une vraie com\u00e9die judiciaire\u00bb, a plaid\u00e9 Me Marsaudon. \u00abRien dans ce dossier ne justifie que la responsabilit\u00e9 du FC Nantes soit engag\u00e9e\u00bb, a-t-il ajout\u00e9.<\/p>\n<p class=\"fig-paragraph\">Plaidant \u00e0 ses c\u00f4t\u00e9s, Me Louis-Marie Absil a d\u00e9nonc\u00e9 l\u2019\u00abacharnement judiciaire\u00bb de Cardiff City et sa \u00abvolont\u00e9 de ternir la r\u00e9putation du FC Nantes\u00bb et de son pr\u00e9sident. Apr\u00e8s une analyse men\u00e9e par un expert mandat\u00e9 par Cardiff City, le club gallois avait chiffr\u00e9 son pr\u00e9judice \u00e0 plus de 120 millions d\u2019euros. Un expert financier a d\u00e9taill\u00e9 devant le tribunal la m\u00e9thode de calcul, prenant notamment en compte le passage de Cardiff de la division 1 \u00e0 la division 2.<\/p>\n<p class=\"fig-paragraph\">Des chiffres \u00abfantasmagoriques\u00bb pour Me Louis-Marie Absil. Un expert financier du FCN a notamment point\u00e9 \u00e0 la barre des \u00abhypoth\u00e8ses absurdes\u00bb et des \u00aberreurs \u00e0 tous les niveaux\u00bb. Face au tribunal de commerce, les avocats du FC Nantes ont demand\u00e9 lundi un million d\u2019euros \u00e0 Cardiff City au titre du pr\u00e9judice moral.<\/p>\n<p>                                            <a class=\"fig-a11y-skip\" href=\"#fig-a11y-skip-main-inarticle_mtf\" data-module=\"a11y-skip\" data-context=\"was @visible\"><br \/>\n    Passer la publicit\u00e9<br \/>\n<\/a>            <\/p>\n<p class=\"fig-paragraph\">Dans une autre proc\u00e9dure li\u00e9e au contentieux entre les deux clubs, le Tribunal arbitral du sport a estim\u00e9 en 2022 que le transfert du joueur \u00e9tait bien finalis\u00e9 au moment de sa mort. En 2023, le tribunal du football de la F\u00e9d\u00e9ration internationale (Fifa) avait ordonn\u00e9 \u00e0 Cardiff de r\u00e9gler au FC Nantes le solde du transfert du joueur argentin, soit \u00e0 l\u2019\u00e9poque un peu plus de 11 millions d\u2019euros sur un total de 17 millions.<\/p>\n","protected":false},"excerpt":{"rendered":"Le contentieux financier qui dure depuis 2019 entre Cardiff City et le FC Nantes apr\u00e8s la mort du&hellip;\n","protected":false},"author":2,"featured_media":587203,"comment_status":"","ping_status":"","sticky":false,"template":"","format":"standard","meta":{"footnotes":""},"categories":[2],"tags":[11,462,1011,27,12],"class_list":{"0":"post-587202","1":"post","2":"type-post","3":"status-publish","4":"format-standard","5":"has-post-thumbnail","7":"category-actualites","8":"tag-actualites","9":"tag-fc-nantes","10":"tag-fr","11":"tag-france","12":"tag-news"},"share_on_mastodon":{"url":"https:\/\/pubeurope.com\/@fr\/115686200012605866","error":""},"_links":{"self":[{"href":"https:\/\/www.europesays.com\/fr\/wp-json\/wp\/v2\/posts\/587202","targetHints":{"allow":["GET"]}}],"collection":[{"href":"https:\/\/www.europesays.com\/fr\/wp-json\/wp\/v2\/posts"}],"about":[{"href":"https:\/\/www.europesays.com\/fr\/wp-json\/wp\/v2\/types\/post"}],"author":[{"embeddable":true,"href":"https:\/\/www.europesays.com\/fr\/wp-json\/wp\/v2\/users\/2"}],"replies":[{"embeddable":true,"href":"https:\/\/www.europesays.com\/fr\/wp-json\/wp\/v2\/comments?post=587202"}],"version-history":[{"count":0,"href":"https:\/\/www.europesays.com\/fr\/wp-json\/wp\/v2\/posts\/587202\/revisions"}],"wp:featuredmedia":[{"embeddable":true,"href":"https:\/\/www.europesays.com\/fr\/wp-json\/wp\/v2\/media\/587203"}],"wp:attachment":[{"href":"https:\/\/www.europesays.com\/fr\/wp-json\/wp\/v2\/media?parent=587202"}],"wp:term":[{"taxonomy":"category","embeddable":true,"href":"https:\/\/www.europesays.com\/fr\/wp-json\/wp\/v2\/categories?post=587202"},{"taxonomy":"post_tag","embeddable":true,"href":"https:\/\/www.europesays.com\/fr\/wp-json\/wp\/v2\/tags?post=587202"}],"curies":[{"name":"wp","href":"https:\/\/api.w.org\/{rel}","templated":true}]}}