{"id":587230,"date":"2025-12-08T22:20:15","date_gmt":"2025-12-08T22:20:15","guid":{"rendered":"https:\/\/www.europesays.com\/fr\/587230\/"},"modified":"2025-12-08T22:20:15","modified_gmt":"2025-12-08T22:20:15","slug":"strasbourg-un-feu-se-declare-dans-un-foyer-le-batiment-evacue","status":"publish","type":"post","link":"https:\/\/www.europesays.com\/fr\/587230\/","title":{"rendered":"Strasbourg. Un feu se d\u00e9clare dans un foyer : le b\u00e2timent \u00e9vacu\u00e9"},"content":{"rendered":"<p>\u00a0Un incendie s\u2019est d\u00e9clar\u00e9 lundi 8 d\u00e9cembre vers 20h30 au sein d\u2019un studio, dans un foyer pour des personnes en grande pr\u00e9carit\u00e9, situ\u00e9 rue Thomas-Mann, dans le quartier de Hautepierre \u00e0 Strasbourg. Un important dispositif de secours a \u00e9t\u00e9 d\u00e9ploy\u00e9 : une trentaine de sapeurs-pompiers sont intervenus \u00e0 bord d\u2019une quinzaine d\u2019engins.<\/p>\n<p>L\u2019ensemble du b\u00e2timent &#8211; compos\u00e9 d\u2019une vingtaine de petits logements &#8211; a \u00e9t\u00e9 \u00e9vacu\u00e9. Une fois le feu ma\u00eetris\u00e9, les personnes h\u00e9berg\u00e9es ont pu r\u00e9int\u00e9grer le b\u00e2timent.\u00a0Aucun bless\u00e9 n&rsquo;est \u00e0 d\u00e9plorer.<\/p>\n","protected":false},"excerpt":{"rendered":"\u00a0Un incendie s\u2019est d\u00e9clar\u00e9 lundi 8 d\u00e9cembre vers 20h30 au sein d\u2019un studio, dans un foyer pour des&hellip;\n","protected":false},"author":2,"featured_media":232141,"comment_status":"","ping_status":"","sticky":false,"template":"","format":"standard","meta":{"footnotes":""},"categories":[2820],"tags":[1111,11,2880,1777,674,274,107,1011,27,775,1310,12,25,640],"class_list":{"0":"post-587230","1":"post","2":"type-post","3":"status-publish","4":"format-standard","5":"has-post-thumbnail","7":"category-strasbourg","8":"tag-actu","9":"tag-actualites","10":"tag-edition-strasbourg","11":"tag-eu","12":"tag-europe","13":"tag-faits-divers-justice","14":"tag-fil-info","15":"tag-fr","16":"tag-france","17":"tag-grand-est","18":"tag-incendie","19":"tag-news","20":"tag-republique-francaise","21":"tag-strasbourg"},"share_on_mastodon":{"url":"https:\/\/pubeurope.com\/@fr\/115686278732226145","error":""},"_links":{"self":[{"href":"https:\/\/www.europesays.com\/fr\/wp-json\/wp\/v2\/posts\/587230","targetHints":{"allow":["GET"]}}],"collection":[{"href":"https:\/\/www.europesays.com\/fr\/wp-json\/wp\/v2\/posts"}],"about":[{"href":"https:\/\/www.europesays.com\/fr\/wp-json\/wp\/v2\/types\/post"}],"author":[{"embeddable":true,"href":"https:\/\/www.europesays.com\/fr\/wp-json\/wp\/v2\/users\/2"}],"replies":[{"embeddable":true,"href":"https:\/\/www.europesays.com\/fr\/wp-json\/wp\/v2\/comments?post=587230"}],"version-history":[{"count":0,"href":"https:\/\/www.europesays.com\/fr\/wp-json\/wp\/v2\/posts\/587230\/revisions"}],"wp:featuredmedia":[{"embeddable":true,"href":"https:\/\/www.europesays.com\/fr\/wp-json\/wp\/v2\/media\/232141"}],"wp:attachment":[{"href":"https:\/\/www.europesays.com\/fr\/wp-json\/wp\/v2\/media?parent=587230"}],"wp:term":[{"taxonomy":"category","embeddable":true,"href":"https:\/\/www.europesays.com\/fr\/wp-json\/wp\/v2\/categories?post=587230"},{"taxonomy":"post_tag","embeddable":true,"href":"https:\/\/www.europesays.com\/fr\/wp-json\/wp\/v2\/tags?post=587230"}],"curies":[{"name":"wp","href":"https:\/\/api.w.org\/{rel}","templated":true}]}}