{"id":587242,"date":"2025-12-08T22:27:24","date_gmt":"2025-12-08T22:27:24","guid":{"rendered":"https:\/\/www.europesays.com\/fr\/587242\/"},"modified":"2025-12-08T22:27:24","modified_gmt":"2025-12-08T22:27:24","slug":"le-puy-foot-bordeaux-la-billetterie-pour-le-match-de-coupe-de-france-est-ouverte-2","status":"publish","type":"post","link":"https:\/\/www.europesays.com\/fr\/587242\/","title":{"rendered":"Le Puy Foot &#8211; Bordeaux : la billetterie pour le match de Coupe de France est ouverte"},"content":{"rendered":"<p>\t\t\t\t\t\t\t\t\t\t\t\t\t\t\t\t\t\t\t\t\t\t\t\t\t\t\t\t\t\t\t\t\t\t\t\t\t\t\t\t\t\t\t\t\t\t\t\t\t\t\t\t\t\t\t\t\t\t\t\t\t\t\t<a href=\"https:\/\/www.lacommere43.fr\/component\/banners\/click\/1862.html\" target=\"_blank\" title=\"Tence Rural Master d\u00e9cembre 2025\" rel=\"noopener\"><br \/>\n\t\t\t\t\t\t\t<img decoding=\"async\" loading=\"lazy\" src=\"https:\/\/www.europesays.com\/fr\/wp-content\/uploads\/2025\/12\/rural2025-6.gif\" alt=\"Tence Rural Master d\u00e9cembre 2025\"\/><br \/>\n\t\t\t\t\t\t<\/a><\/p>\n<p><strong>Le Puy Foot 43 accueille les Girondins de Bordeaux dimanche 21 d\u00e9cembre \u00e0 17 h 30 en 32e de finale de Coupe de France.<\/strong><\/p>\n<p>Ce sera pour Le Puy Foot son huiti\u00e8me 32e de finale sur neuf saisons cons\u00e9cutives.<\/p>\n<p>\u00c0 l&rsquo;occasion de cette rencontre, le club a, c&rsquo;est une nouveaut\u00e9, mis en place une billetterie en ligne d&rsquo;ores et d\u00e9j\u00e0 <a href=\"https:\/\/lepuyfoot43.billetterie-club.fr\/matchs\/1817\" target=\"_blank\" rel=\"noopener\">accessible ici<\/a><\/p>\n<p>De plus, un point de vente au Puy-en-Velay est pr\u00e9vu \u00e0 la Mie C\u00e2line 35 place du Breuil \u00e0 partir du mardi 9 d\u00e9cembre. Sur ce point de vente, le paiement sera possible par ch\u00e8que (ordre Le Puy Foot 43) ou en esp\u00e8ce.<\/p>\n<p><strong><br \/>Les tarifs<\/strong><\/p>\n<p>Places en tribune (15 \u20ac), pourtour (6 \u20ac), r\u00e9duction licenci\u00e9s en pourtour (3 \u20ac)<\/p>\n","protected":false},"excerpt":{"rendered":"Le Puy Foot 43 accueille les Girondins de Bordeaux dimanche 21 d\u00e9cembre \u00e0 17 h 30 en 32e&hellip;\n","protected":false},"author":2,"featured_media":586887,"comment_status":"","ping_status":"","sticky":false,"template":"","format":"standard","meta":{"footnotes":""},"categories":[2817],"tags":[1111,2281,11,1997,1777,674,2282,1011,27,2280,2284,2285,2283,12,2219,25],"class_list":{"0":"post-587242","1":"post","2":"type-post","3":"status-publish","4":"format-standard","5":"has-post-thumbnail","7":"category-bordeaux","8":"tag-actu","9":"tag-actualite-43","10":"tag-actualites","11":"tag-bordeaux","12":"tag-eu","13":"tag-europe","14":"tag-faits-divers-auvergne","15":"tag-fr","16":"tag-france","17":"tag-information-haute-loire","18":"tag-infos-43","19":"tag-journal-haute-loire","20":"tag-la-commere-43","21":"tag-news","22":"tag-nouvelle-aquitaine","23":"tag-republique-francaise"},"share_on_mastodon":{"url":"https:\/\/pubeurope.com\/@fr\/115686306266073374","error":""},"_links":{"self":[{"href":"https:\/\/www.europesays.com\/fr\/wp-json\/wp\/v2\/posts\/587242","targetHints":{"allow":["GET"]}}],"collection":[{"href":"https:\/\/www.europesays.com\/fr\/wp-json\/wp\/v2\/posts"}],"about":[{"href":"https:\/\/www.europesays.com\/fr\/wp-json\/wp\/v2\/types\/post"}],"author":[{"embeddable":true,"href":"https:\/\/www.europesays.com\/fr\/wp-json\/wp\/v2\/users\/2"}],"replies":[{"embeddable":true,"href":"https:\/\/www.europesays.com\/fr\/wp-json\/wp\/v2\/comments?post=587242"}],"version-history":[{"count":0,"href":"https:\/\/www.europesays.com\/fr\/wp-json\/wp\/v2\/posts\/587242\/revisions"}],"wp:featuredmedia":[{"embeddable":true,"href":"https:\/\/www.europesays.com\/fr\/wp-json\/wp\/v2\/media\/586887"}],"wp:attachment":[{"href":"https:\/\/www.europesays.com\/fr\/wp-json\/wp\/v2\/media?parent=587242"}],"wp:term":[{"taxonomy":"category","embeddable":true,"href":"https:\/\/www.europesays.com\/fr\/wp-json\/wp\/v2\/categories?post=587242"},{"taxonomy":"post_tag","embeddable":true,"href":"https:\/\/www.europesays.com\/fr\/wp-json\/wp\/v2\/tags?post=587242"}],"curies":[{"name":"wp","href":"https:\/\/api.w.org\/{rel}","templated":true}]}}