{"id":587257,"date":"2025-12-08T22:37:12","date_gmt":"2025-12-08T22:37:12","guid":{"rendered":"https:\/\/www.europesays.com\/fr\/587257\/"},"modified":"2025-12-08T22:37:12","modified_gmt":"2025-12-08T22:37:12","slug":"jean-michel-aulas-aussi-en-campagne-pour-les-municipales-2026-pendant-la-fete-des-lumieres","status":"publish","type":"post","link":"https:\/\/www.europesays.com\/fr\/587257\/","title":{"rendered":"Jean-Michel Aulas aussi en campagne pour les municipales 2026 pendant la F\u00eate des Lumi\u00e8res"},"content":{"rendered":"<p>\u00ab\u00a0Je suis au bout de ma vie, je croyais que c\u2019\u00e9tait un acteur am\u00e9ricain\u00a0!\u00a0\u00bb d\u00e9clare cette Lyonnaise de 19 ans, t\u00e9l\u00e9phone portable en main.<\/p>\n<p>C\u2019est vrai que le staff impressionnant, qui entoure \u0301le candidat aux \u00e9lections municipales 2026 \u00e0 Lyon <a href=\"https:\/\/www.leprogres.fr\/p\/jean-michel-aulas\" target=\"_blank\" rel=\"noopener\">Jean-Michel Aulas<\/a> (sans \u00e9tiquette, ralli\u00e9 par la droite et le centre) est de taille. Mais compos\u00e9 essentiellement d\u2019\u00e9lus ce lundi soir lors de la F\u00eate des lumi\u00e8res.<\/p>\n<p>  \u00ab\u00a0Recentrer la f\u00eate autour du 8\u00a0d\u00e9cembre\u00a0\u00bb<\/p>\n<p>Bien qu\u2019il fustige \u00ab\u00a0une perte de grandeur, de singularit\u00e9 et d\u2019excellence de la F\u00eate des lumi\u00e8res\u00a0\u00bb, celui qui f\u00eatera ses 77 ans le jour du second tour du scrutin municipal n\u2019a pas manqu\u00e9 l\u2019occasion d\u2019un petit bain de foule. Aux journalistes, il a confi\u00e9 vouloir, s\u2019il \u00e9tait \u00e9lu, \u00ab\u00a0r\u00e9investir les arrondissements et recentrer la f\u00eate autour du 8\u00a0d\u00e9cembre et ses lumignons\u00a0\u00bb.<\/p>\n<p>Dans un communiqu\u00e9 adress\u00e9 aux r\u00e9dactions quelques minutes plus t\u00f4t, il \u00e9voquait aussi vouloir renforcer la s\u00e9curit\u00e9 (plus de cam\u00e9ras, plus de policiers municipaux) \u00ab\u00a0pour permettre aux familles de profiter pleinement de la f\u00eate\u00a0\u00bb. Il fustigeait par ailleurs la direction prise par la f\u00eate, transform\u00e9e selon lui en \u00ab\u00a0une simple animation municipale\u00a0\u00bb.<\/p>\n<p>Revenant sur <a href=\"https:\/\/www.leprogres.fr\/culture-loisirs\/2025\/12\/07\/fete-des-lumieres-qui-est-a-l-origine-des-messages-anti-police-et-anti-rn-diffuses-place-des-terreaux\" target=\"_blank\" rel=\"noopener\">l\u2019apparition de messages pirates anti-police et anti-RN<\/a>, la veille, place des Terreaux, il souhaitait une \u00ab\u00a0f\u00eate qui ne g\u00e9n\u00e8re pas de pol\u00e9miques sur son niveau ou ses moyens, mais qui suscite l\u2019admiration. Une f\u00eate o\u00f9 les insultes \u00e0 la police ne sont plus tol\u00e9r\u00e9es.\u00a0\u00bb<\/p>\n","protected":false},"excerpt":{"rendered":"\u00ab\u00a0Je suis au bout de ma vie, je croyais que c\u2019\u00e9tait un acteur am\u00e9ricain\u00a0!\u00a0\u00bb d\u00e9clare cette Lyonnaise de&hellip;\n","protected":false},"author":2,"featured_media":587258,"comment_status":"","ping_status":"","sticky":false,"template":"","format":"standard","meta":{"footnotes":""},"categories":[1889],"tags":[1111,11,2430,1687,2757,4188,1777,674,34755,1011,27,2428,2756,12,316,25,2429],"class_list":{"0":"post-587257","1":"post","2":"type-post","3":"status-publish","4":"format-standard","5":"has-post-thumbnail","7":"category-lyon","8":"tag-actu","9":"tag-actualites","10":"tag-auvergne-rhone-alpes","11":"tag-culture-loisirs","12":"tag-edition-lyon-villeurbanne","13":"tag-elections-municipales","14":"tag-eu","15":"tag-europe","16":"tag-festival-lumiere","17":"tag-fr","18":"tag-france","19":"tag-lyon","20":"tag-lyon-bassin","21":"tag-news","22":"tag-politique","23":"tag-republique-francaise","24":"tag-rhone"},"share_on_mastodon":{"url":"https:\/\/pubeurope.com\/@fr\/115686345483367347","error":""},"_links":{"self":[{"href":"https:\/\/www.europesays.com\/fr\/wp-json\/wp\/v2\/posts\/587257","targetHints":{"allow":["GET"]}}],"collection":[{"href":"https:\/\/www.europesays.com\/fr\/wp-json\/wp\/v2\/posts"}],"about":[{"href":"https:\/\/www.europesays.com\/fr\/wp-json\/wp\/v2\/types\/post"}],"author":[{"embeddable":true,"href":"https:\/\/www.europesays.com\/fr\/wp-json\/wp\/v2\/users\/2"}],"replies":[{"embeddable":true,"href":"https:\/\/www.europesays.com\/fr\/wp-json\/wp\/v2\/comments?post=587257"}],"version-history":[{"count":0,"href":"https:\/\/www.europesays.com\/fr\/wp-json\/wp\/v2\/posts\/587257\/revisions"}],"wp:featuredmedia":[{"embeddable":true,"href":"https:\/\/www.europesays.com\/fr\/wp-json\/wp\/v2\/media\/587258"}],"wp:attachment":[{"href":"https:\/\/www.europesays.com\/fr\/wp-json\/wp\/v2\/media?parent=587257"}],"wp:term":[{"taxonomy":"category","embeddable":true,"href":"https:\/\/www.europesays.com\/fr\/wp-json\/wp\/v2\/categories?post=587257"},{"taxonomy":"post_tag","embeddable":true,"href":"https:\/\/www.europesays.com\/fr\/wp-json\/wp\/v2\/tags?post=587257"}],"curies":[{"name":"wp","href":"https:\/\/api.w.org\/{rel}","templated":true}]}}