{"id":587269,"date":"2025-12-08T22:44:17","date_gmt":"2025-12-08T22:44:17","guid":{"rendered":"https:\/\/www.europesays.com\/fr\/587269\/"},"modified":"2025-12-08T22:44:17","modified_gmt":"2025-12-08T22:44:17","slug":"le-ministre-syrien-des-affaires-etrangeres-revele-avoir-rencontre-des-russes-quelques-heures-avant-la-chute-dassad","status":"publish","type":"post","link":"https:\/\/www.europesays.com\/fr\/587269\/","title":{"rendered":"Le ministre syrien des Affaires \u00e9trang\u00e8res r\u00e9v\u00e8le avoir rencontr\u00e9 des Russes quelques heures avant la chute d&rsquo;Assad"},"content":{"rendered":"<p>AA \/ Istanbul \/ Liath Al-Jnaidi et Mohammad Sio<\/p>\n<p>Le ministre syrien des Affaires \u00e9trang\u00e8res, Assaad al-Chaibani, a r\u00e9v\u00e9l\u00e9 lundi de nouveaux d\u00e9tails sur les derni\u00e8res heures pr\u00e9c\u00e9dant la chute du r\u00e9gime de Bachar al-Assad l&rsquo;an dernier, notamment une rencontre avec des responsables russes pour les informer de l&rsquo;\u00e9volution rapide de la situation dans le pays.<\/p>\n<p>S&rsquo;exprimant dans le nouveau documentaire de la cha\u00eene Al Jazeera, \u00ab Les cl\u00e9s de Damas \u00bb, Chaibani a d\u00e9clar\u00e9 que des responsables de l&rsquo;opposition avaient men\u00e9 des n\u00e9gociations et des r\u00e9unions directes avec les Russes en plein combat afin de garantir la p\u00e9riode de transition et de d\u00e9finir l&rsquo;avenir du pays.<\/p>\n<p>La communication avec Moscou \u00ab n&rsquo;a jamais cess\u00e9 \u00bb, a-t-il ajout\u00e9, expliquant que son objectif \u00e9tait de neutraliser ce qu&rsquo;il a qualifi\u00e9 de \u00ab facteur d\u00e9terminant \u00bb susceptible d&rsquo;avoir boulevers\u00e9 la dynamique du champ de bataille en Syrie.<\/p>\n<p>\u00ab L&rsquo;acteur russe \u00e9tait pr\u00e9sent avec nous dans la salle des op\u00e9rations, et m\u00eame avant \u00bb, a-t-il affirm\u00e9.<\/p>\n<p>Expliquant les raisons de ce dialogue avec Moscou en plein combat, le ministre syrien a d\u00e9clar\u00e9 : \u00ab Nous avons d\u00e9cid\u00e9 de parler aux Russes en plein combat. \u00bb<\/p>\n<p>Il a d\u00e9clar\u00e9 que les n\u00e9gociations urgentes visaient avant tout \u00e0 prot\u00e9ger les int\u00e9r\u00eats futurs de la Syrie.<\/p>\n<p>\u00ab Quelle forme prendra ce partenariat dans l&rsquo;avenir de la Syrie ? En cas de moment critique ou de changement brutal, m\u00eame la veille de la victoire ou 48 heures avant la chute du r\u00e9gime, ce partenariat sera pr\u00e9serv\u00e9. \u00bb<\/p>\n<p>Chaibani a indiqu\u00e9 que des discussions cruciales s&rsquo;\u00e9taient tenues le 6 d\u00e9cembre au point de passage frontalier de Bab Al-Hawa (avec la T\u00fcrkiye), alors que les combats faisaient encore rage.<\/p>\n<p>\u00ab Le cadre de la r\u00e9union, et m\u00eame le lieu, refl\u00e9taient la situation sur le champ de bataille \u00bb, a-t-il affirm\u00e9.<\/p>\n<p>Il a conclu en soulignant la sensibilit\u00e9 du moment : \u00ab Nous avons rencontr\u00e9 les Russes quelques heures avant la chute du r\u00e9gime d&rsquo;Assad et les avons inform\u00e9s de l&rsquo;\u00e9volution de la situation dans le pays. \u00bb<\/p>\n<p>La Russie \u00e9tait une alli\u00e9e du r\u00e9gime d&rsquo;Assad, d\u00e9chu de son poste, en Syrie, et dispose actuellement de deux importantes bases militaires dans le pays.<\/p>\n<p>Lundi matin, des chants de victoire ont retenti dans les mosqu\u00e9es de toute la Syrie pour marquer le premier anniversaire de la chute d&rsquo;Assad, suite \u00e0 un appel du minist\u00e8re des Biens religieux.<\/p>\n<p>Des d\u00e9fil\u00e9s militaires, rassemblant une foule nombreuse, ont eu lieu dans les villes et provinces, notamment Damas, sa campagne, Daraa, Hama, Alep, Idlib et Lattaqui\u00e9.<\/p>\n<p>Depuis plusieurs jours, les Syriens c\u00e9l\u00e8brent leur lib\u00e9ration du joug d&rsquo;Assad en comm\u00e9morant la bataille de la \u00ab dissuasion d&rsquo;agression \u00bb, qui a d\u00e9but\u00e9 le 27 novembre 2024 \u00e0 Alep avant que les forces d&rsquo;opposition n&rsquo;atteignent Damas onze jours plus tard.<\/p>\n<p>Nombre de Syriens consid\u00e8rent le renversement d&rsquo;Assad, le 8 d\u00e9cembre 2024, comme la fin d&rsquo;une longue p\u00e9riode de r\u00e9pression brutale, marqu\u00e9e par des violations g\u00e9n\u00e9ralis\u00e9es des droits des civils, en particulier durant les quatorze ann\u00e9es de soul\u00e8vement.<\/p>\n<p>*Traduit de l\u2019anglais par Ayse Bashoruz<\/p>\n<p>                            &#13;<br \/>\n                                <a href=\"https:\/\/www.aa.com.tr\/fr\/p\/abonnement\/1001\" target=\"_blank\" style=\"font-size:12px; color:#444; text-decoration:none;\" rel=\"noopener\">&#13;<br \/>\n                                    Seulement une partie des d\u00e9p\u00eaches, que l&rsquo;Agence Anadolu diffuse \u00e0 ses abonn\u00e9s via le Syst\u00e8me de Diffusion interne (HAS), est diffus\u00e9e sur le site de l&rsquo;AA, de mani\u00e8re r\u00e9sum\u00e9e. <b style=\"color:#1897F7\">Contactez-nous s&rsquo;il vous pla\u00eet pour vous abonner.<\/b>&#13;<br \/>\n                                <\/a>&#13;<\/p>\n","protected":false},"excerpt":{"rendered":"AA \/ Istanbul \/ Liath Al-Jnaidi et Mohammad Sio Le ministre syrien des Affaires \u00e9trang\u00e8res, Assaad al-Chaibani, a&hellip;\n","protected":false},"author":2,"featured_media":587270,"comment_status":"","ping_status":"","sticky":false,"template":"","format":"standard","meta":{"footnotes":""},"categories":[1591],"tags":[11,1785,70027,70028,1887,12,1885,1886,132,32],"class_list":{"0":"post-587269","1":"post","2":"type-post","3":"status-publish","4":"format-standard","5":"has-post-thumbnail","7":"category-russie","8":"tag-actualites","9":"tag-anadolu-ajansi","10":"tag-assad-al-chaibani","11":"tag-assad-chute","12":"tag-federation-de-russie","13":"tag-news","14":"tag-russia","15":"tag-russian-federation","16":"tag-russie","17":"tag-syrie"},"share_on_mastodon":{"url":"https:\/\/pubeurope.com\/@fr\/115686373364372258","error":""},"_links":{"self":[{"href":"https:\/\/www.europesays.com\/fr\/wp-json\/wp\/v2\/posts\/587269","targetHints":{"allow":["GET"]}}],"collection":[{"href":"https:\/\/www.europesays.com\/fr\/wp-json\/wp\/v2\/posts"}],"about":[{"href":"https:\/\/www.europesays.com\/fr\/wp-json\/wp\/v2\/types\/post"}],"author":[{"embeddable":true,"href":"https:\/\/www.europesays.com\/fr\/wp-json\/wp\/v2\/users\/2"}],"replies":[{"embeddable":true,"href":"https:\/\/www.europesays.com\/fr\/wp-json\/wp\/v2\/comments?post=587269"}],"version-history":[{"count":0,"href":"https:\/\/www.europesays.com\/fr\/wp-json\/wp\/v2\/posts\/587269\/revisions"}],"wp:featuredmedia":[{"embeddable":true,"href":"https:\/\/www.europesays.com\/fr\/wp-json\/wp\/v2\/media\/587270"}],"wp:attachment":[{"href":"https:\/\/www.europesays.com\/fr\/wp-json\/wp\/v2\/media?parent=587269"}],"wp:term":[{"taxonomy":"category","embeddable":true,"href":"https:\/\/www.europesays.com\/fr\/wp-json\/wp\/v2\/categories?post=587269"},{"taxonomy":"post_tag","embeddable":true,"href":"https:\/\/www.europesays.com\/fr\/wp-json\/wp\/v2\/tags?post=587269"}],"curies":[{"name":"wp","href":"https:\/\/api.w.org\/{rel}","templated":true}]}}