{"id":587321,"date":"2025-12-08T23:19:22","date_gmt":"2025-12-08T23:19:22","guid":{"rendered":"https:\/\/www.europesays.com\/fr\/587321\/"},"modified":"2025-12-08T23:19:22","modified_gmt":"2025-12-08T23:19:22","slug":"perpignan-saint-etienne-et-maintenant-tarbes-2025-est-lannee-des-peines-de-prison-pour-ces-maires","status":"publish","type":"post","link":"https:\/\/www.europesays.com\/fr\/587321\/","title":{"rendered":"Perpignan, Saint-\u00c9tienne et maintenant Tarbes\u00a0: 2025 est l\u2019ann\u00e9e des peines de prison pour ces maires"},"content":{"rendered":"<p>\n                                                                Le maire de Tarbes, G\u00e9rard Tr\u00e9m\u00e8ge, a \u00e9t\u00e9 condamn\u00e9 \u00e0 deux ans de prison avec sursis et deux ans d\u2019in\u00e9ligibilit\u00e9, lundi 8\u00a0d\u00e9cembre. Quelques jours auparavant, le maire de Saint-\u00c9tienne \u00e9copait aussi d\u2019une peine de prison. Et ils n\u2019ont pas \u00e9t\u00e9 les seuls en 2025.\n                            <\/p>\n<p>Lundi 8 d\u00e9cembre 2025, le maire de Tarbes G\u00e9rard Tr\u00e9m\u00e8ge (LR) a \u00e9t\u00e9 condamn\u00e9, \u00e0 l\u2019\u00e2ge de 81 ans, par le tribunal correctionnel de Pau pour favoritisme et prise ill\u00e9gale d\u2019int\u00e9r\u00eats dans l\u2019affaire des march\u00e9s publics de la ville de Tarbes. Il a \u00e9cop\u00e9 de 2 ans de prison avec sursis, mais \u00e9galement de 2 ans d\u2019in\u00e9ligibilit\u00e9 avec ex\u00e9cution provisoire. Une peine qui implique de quitter son poste de maire imm\u00e9diatement.<\/p>\n<p>G\u00e9rard Tr\u00e9m\u00e8ge a \u00e9t\u00e9 reconnu coupable d\u2019avoir vendu des b\u00e2timents et des parcelles du quartier de l\u2019Arsenal, \u00e0 des prix tr\u00e8s inf\u00e9rieurs au march\u00e9, \u00e0 l\u2019architecte Joris Ducastaing et \u00e0 l\u2019ancien responsable du service voirie de la Ville, qui sont consid\u00e9r\u00e9s comme des amis de l\u2019ancien \u00e9dile. Ils ont aussi \u00e9t\u00e9 condamn\u00e9s, tout comme les anciens chefs de service qui entouraient G\u00e9rard Tr\u00e9m\u00e8ge.<\/p>\n<p>Saint-\u00c9tienne, Perpignan, Jouarre\u2026<\/p>\n<p>2025 a \u00e9t\u00e9 l\u2019ann\u00e9e de la sentence pour plusieurs maires de France. Lundi 1er d\u00e9cembre 2025,<a href=\"https:\/\/www.centrepresseaveyron.fr\/2025\/12\/01\/chantage-a-la-sextape-a-saint-etienne-on-vous-resume-pourquoi-le-maire-gael-perdriau-vient-detre-condamne-a-4-ans-de-prison-et-une-ineligibilite-13084127.php\" target=\"_self\" rel=\"noopener\"> le maire de <strong>Saint-\u00c9tienne<\/strong> (Loire), <strong>Ga\u00ebl Perdriau<\/strong> (LR), a \u00e9t\u00e9 condamn\u00e9 \u00e0 4 ans de prison ferme et \u00e0 une in\u00e9ligibilit\u00e9 imm\u00e9diate<\/a> dans une affaire de chantage \u00e0 la sextape.<\/p>\n<p>Le maire a \u00e9t\u00e9 reconnu \u00ab\u00a0enti\u00e8rement coupable\u00a0\u00bb d\u2019avoir pi\u00e9g\u00e9 un rival politique, Gilles Artigues, avec un escort-boy et d\u2019avoir film\u00e9 la rencontre, mena\u00e7ant de d\u00e9truire la r\u00e9putation de l\u2019\u00e9lu catholique se disant pourtant oppos\u00e9 au mariage homosexuel.<\/p>\n<p>Ga\u00ebl Perdriau a fait appel<a href=\"https:\/\/www.centrepresseaveyron.fr\/2025\/03\/31\/proces-du-rn-deputes-assistants-parlementaires-fictifs-ex-tresorier-voici-les-peines-des-coprevenus-de-marine-le-pen-12606519.php\" target=\"_self\" rel=\"noopener\">. Tout comme<strong> Louis Aliot<\/strong>, maire RN de <strong>Perpignan<\/strong>, condamn\u00e9 en mars 2025 dans l\u2019affaire des assistants parlementaires du FN<\/a>. La peine \u00e9tait de 18 mois de prison dont 6 ferme et d\u2019une peine de 3 ans d\u2019in\u00e9ligibilit\u00e9. En \u00e9chappant \u00e0 l\u2019ex\u00e9cution provisoire, Louis Aliot reste maire. Le proc\u00e8s en appel est fix\u00e9 du 13 janvier au 12 f\u00e9vrier 2026 pour Louis Aliot, mais aussi la cheffe de file du RN Marine Le Pen.<\/p>\n<p>Lundi 20 octobre 2025, le tribunal correctionnel de Meaux (Seine-et-Marne) a condamn\u00e9 le maire de <strong>Jouarre<\/strong>, <strong>Fabien Vall\u00e9e<\/strong> (UDR), \u00e0 12 mois de prison avec sursis et \u00e0 3 ans d\u2019in\u00e9ligibilit\u00e9 dans le cadre d\u2019une affaire de favoritisme et de prise ill\u00e9gale d\u2019int\u00e9r\u00eats. Fabien Vall\u00e9e a fait appel et est rest\u00e9 \u00e0 son poste.<\/p>\n<p>En vrac, on peut \u00e9galement relever la peine de 2 ans de prison avec sursis de <strong>Magali Guillot <\/strong>(BC-RN), maire de<strong> Saint-Andr\u00e9-le-Gaz<\/strong> (Is\u00e8re), reconnue coupable d\u2019abus de biens sociaux et d\u2019abus de confiance sur personne vuln\u00e9rable. Elle a renonc\u00e9 \u00e0 faire appel d\u00e9but d\u00e9cembre 2025, acceptant aussi sa peine d\u2019in\u00e9ligibilit\u00e9 de 3 ans. Dans les Bouches-du-Rh\u00f4ne, le maire de <strong>Saint-Marc Jaumegarde<\/strong>, <strong>R\u00e9gis Martin <\/strong>(parti non d\u00e9fini), a \u00e9cop\u00e9 d\u2019un an de prison avec sursis et d\u2019une peine de 5 ans d\u2019in\u00e9ligibilit\u00e9 pour prise ill\u00e9gale d\u2019int\u00e9r\u00eats en juin 2025.<\/p>\n<p>L\u2019ancien maire de<strong> Levallois-Perret<\/strong> (Hauts-de-Seine), <strong>Patrick Balkany<\/strong>, a \u00e9t\u00e9 condamn\u00e9 en 2023 \u00e0 quatre ans et demi de prison pour fraude fiscale et blanchiment aggrav\u00e9. En 2025, il a tent\u00e9 d\u2019annuler sa peine d\u2019in\u00e9ligibilit\u00e9 de 10 ans pour se pr\u00e9senter aux \u00e9lections municipales de 2026. La justice a tranch\u00e9, c\u2019est non.<\/p>\n","protected":false},"excerpt":{"rendered":"Le maire de Tarbes, G\u00e9rard Tr\u00e9m\u00e8ge, a \u00e9t\u00e9 condamn\u00e9 \u00e0 deux ans de prison avec sursis et deux&hellip;\n","protected":false},"author":2,"featured_media":587322,"comment_status":"","ping_status":"","sticky":false,"template":"","format":"standard","meta":{"footnotes":""},"categories":[9653],"tags":[1111,11,2430,1777,674,1011,27,12,316,25,4001],"class_list":{"0":"post-587321","1":"post","2":"type-post","3":"status-publish","4":"format-standard","5":"has-post-thumbnail","7":"category-saint-etienne","8":"tag-actu","9":"tag-actualites","10":"tag-auvergne-rhone-alpes","11":"tag-eu","12":"tag-europe","13":"tag-fr","14":"tag-france","15":"tag-news","16":"tag-politique","17":"tag-republique-francaise","18":"tag-saint-etienne"},"share_on_mastodon":{"url":"https:\/\/pubeurope.com\/@fr\/115686510803597532","error":""},"_links":{"self":[{"href":"https:\/\/www.europesays.com\/fr\/wp-json\/wp\/v2\/posts\/587321","targetHints":{"allow":["GET"]}}],"collection":[{"href":"https:\/\/www.europesays.com\/fr\/wp-json\/wp\/v2\/posts"}],"about":[{"href":"https:\/\/www.europesays.com\/fr\/wp-json\/wp\/v2\/types\/post"}],"author":[{"embeddable":true,"href":"https:\/\/www.europesays.com\/fr\/wp-json\/wp\/v2\/users\/2"}],"replies":[{"embeddable":true,"href":"https:\/\/www.europesays.com\/fr\/wp-json\/wp\/v2\/comments?post=587321"}],"version-history":[{"count":0,"href":"https:\/\/www.europesays.com\/fr\/wp-json\/wp\/v2\/posts\/587321\/revisions"}],"wp:featuredmedia":[{"embeddable":true,"href":"https:\/\/www.europesays.com\/fr\/wp-json\/wp\/v2\/media\/587322"}],"wp:attachment":[{"href":"https:\/\/www.europesays.com\/fr\/wp-json\/wp\/v2\/media?parent=587321"}],"wp:term":[{"taxonomy":"category","embeddable":true,"href":"https:\/\/www.europesays.com\/fr\/wp-json\/wp\/v2\/categories?post=587321"},{"taxonomy":"post_tag","embeddable":true,"href":"https:\/\/www.europesays.com\/fr\/wp-json\/wp\/v2\/tags?post=587321"}],"curies":[{"name":"wp","href":"https:\/\/api.w.org\/{rel}","templated":true}]}}