{"id":587336,"date":"2025-12-08T23:32:55","date_gmt":"2025-12-08T23:32:55","guid":{"rendered":"https:\/\/www.europesays.com\/fr\/587336\/"},"modified":"2025-12-08T23:32:55","modified_gmt":"2025-12-08T23:32:55","slug":"grenoble-week-end-sanglant-deux-hommes-retrouves-morts-par-balles-en-quelques-heures","status":"publish","type":"post","link":"https:\/\/www.europesays.com\/fr\/587336\/","title":{"rendered":"Grenoble. Week-end sanglant, deux hommes retrouv\u00e9s morts par balles en quelques heures"},"content":{"rendered":"<p>                    Par<br \/>\n        <strong><br \/>\n            <a href=\"https:\/\/actu.fr\/auteur\/redaction-grenoble\" title=\"Consulter tous les articles de R\u00e9daction Grenoble\" target=\"_blank\" rel=\"noopener\">R\u00e9daction Grenoble<\/a><br \/>\n                    <\/strong><\/p>\n<p>        Publi\u00e9 le<\/p>\n<p>            8 d\u00e9c. 2025 \u00e0 9h41        <\/p>\n<p>Week-end sanglant \u00e0 <a href=\"https:\/\/actu.fr\/grenoble\/\" target=\"_blank\" rel=\"noopener\">Grenoble<\/a> et dans sa p\u00e9riph\u00e9rie. Dans la nuit du samedi 6 au dimanche 7 d\u00e9cembre, <strong>deux hommes ont \u00e9t\u00e9 retrouv\u00e9s morts<\/strong> \u00e0 quelques heures d\u2019intervalles \u00e0 <a href=\"https:\/\/actu.fr\/auvergne-rhone-alpes\/echirolles_38151\" target=\"_blank\" rel=\"noopener\">\u00c9chirolles<\/a>, ainsi que dans un parc de la capitale des Alpes, indique le parquet de Grenoble dans un communiqu\u00e9.<\/p>\n<p class=\" wall-content\">Tous deux ont \u00e9t\u00e9 tu\u00e9s par balles.<\/p>\n<p>La premi\u00e8re victime inconnue des services de police<\/p>\n<p class=\" wall-content\">C\u2019est d\u2019abord avenue du 8-Mai 1945 \u00e0 \u00c9chirolles que la police a \u00e9t\u00e9 avis\u00e9e de la prise en charge par les secours d\u2019un <strong>homme de 22 ans<\/strong>, touch\u00e9 par <strong>trois impacts de balles \u00e0 la t\u00eate, au dos et au ventre<\/strong>, pr\u00e9cise une source polici\u00e8re \u00e0 l\u2019AFP.<\/p>\n<p>    <a href=\"https:\/\/www.google.com\/maps\/embed?pb=!1m18!1m12!1m3!1d2813.977865852747!2d5.714595075920421!3d45.14704475454453!2m3!1f0!2f0!3f0!3m2!1i1024!2i768!4f13.1!3m3!1m2!1s0x478a8b45a336b5cf%3A0x46a1c18d16bea1dd!2sAv.%20du%208%20Mai%201945%2C%2038130%20%C3%89chirolles!5e0!3m2!1sfr!2sfr!4v1765182651063!5m2!1sfr!2sfr\" title=\"Ouvrie le lien\" target=\"_blank\" rel=\"noopener\">Cliquez ici pour visualiser le contenu<\/a><\/p>\n<p class=\" wall-content\">Transport\u00e9 vers l\u2019h\u00f4pital en urgence absolue, son d\u00e9c\u00e8s a \u00e9t\u00e9 finalement constat\u00e9 \u00ab\u00a0peu de temps apr\u00e8s son arriv\u00e9e\u00a0\u00bb au CHU, indique In\u00e8s Delay, procureure adjointe de Grenoble dans un communiqu\u00e9.\u00a0<\/p>\n<p class=\" wall-content\">Et d\u2019ajouter que la victime est \u00ab\u00a0inconnue des services de police\u00a0\u00bb.<\/p>\n<p>Un deuxi\u00e8me corps retrouv\u00e9 dans un parc<\/p>\n<p class=\" wall-content\">Un deuxi\u00e8me corps, celui d\u2019un <strong>jeune homme de 18 ans<\/strong>, a lui \u00e9t\u00e9 d\u00e9couvert au parc de la Bruy\u00e8re \u00e0 Grenoble t\u00f4t dimanche matin, confirmant une information du Dauphin\u00e9 Lib\u00e9r\u00e9. Il pr\u00e9sente \u00ab\u00a0plusieurs plaies occasionn\u00e9es notamment par une arme \u00e0 feu\u00a0\u00bb, poursuit In\u00e8s Delay.<\/p>\n<p>Votre r\u00e9gion, votre actu !<\/p>\n<p>Recevez chaque jour les infos qui comptent pour vous.<\/p>\n<p>\t<a href=\"https:\/\/actu.fr\/newsletter\" class=\"ac-btn ac-btn--corner ac-btn--medium ac-btn--blue800\" target=\"_blank\" rel=\"noopener\">S&rsquo;incrire<\/a><\/p>\n<p>    <a href=\"https:\/\/www.google.com\/maps\/embed?pb=!1m18!1m12!1m3!1d2812.990731706323!2d5.731265275921512!3d45.16703755321736!2m3!1f0!2f0!3f0!3m2!1i1024!2i768!4f13.1!3m3!1m2!1s0x478af5a41cfad559%3A0xe4b224fe004de465!2sParc%20La%20Bruy%C3%A8re!5e0!3m2!1sfr!2sfr!4v1765182692243!5m2!1sfr!2sfr\" title=\"Ouvrie le lien\" target=\"_blank\" rel=\"noopener\">Cliquez ici pour visualiser le contenu<\/a><\/p>\n<p class=\" wall-content\">Cette deuxi\u00e8me victime \u00e9tait, elle, d\u00e9j\u00e0 connue pour des infractions \u00e0 la l\u00e9gislation sur les stup\u00e9fiants.<\/p>\n<p>Une rixe devant un fast-food<\/p>\n<p class=\" wall-content\">D\u2019apr\u00e8s les premiers \u00e9l\u00e9ments de l\u2019enqu\u00eate, une fusillade aurait \u00e9clat\u00e9 peu apr\u00e8s 23 heures samedi soir \u00e0 proximit\u00e9 du lieu de la d\u00e9couverte de la premi\u00e8re victime \u00e0 \u00c9chirolles.<\/p>\n<blockquote class=\"ac-article-quote wall-content\">\n<p>Un peu plus t\u00f4t dans la soir\u00e9e, une rixe opposant plusieurs dizaines d\u2019individus avait eu lieu devant un \u00e9tablissement de restauration rapide avenue du 8 mai 1945 \u00e0 ECHIROLLES. La [premi\u00e8re] victime, qui quittait les lieux, avait \u00e9t\u00e9 la cible de tirs par un individu mont\u00e9 sur un v\u00e9hicule deux-roues.<\/p>\n<p>    <strong>In\u00e8s Delay<\/strong><br \/>\n        Procureure adjointe de Grenoble    <\/p><\/blockquote>\n<p class=\" wall-content\">Concernant la deuxi\u00e8me victime retrouv\u00e9e dans un parc, \u00ab\u00a0les policiers \u00e9taient inform\u00e9s qu\u2019un \u00e9v\u00e8nement \u00e9tait survenu dans le m\u00eame laps de temps et \u00e0 proximit\u00e9 du m\u00eame \u00e9tablissement, au cours duquel un individu avait subi des violences de la part de plusieurs autres, avant d\u2019\u00eatre enlev\u00e9 \u00e0 bord d\u2019un v\u00e9hicule\u00a0\u00bb, ajoute la procureure adjointe.<\/p>\n<p class=\" wall-content\">L\u2019enqu\u00eate a \u00e9t\u00e9 confi\u00e9e \u00e0 la Division de la criminalit\u00e9 organis\u00e9e sp\u00e9cialis\u00e9e (DCOS). \u00ab\u00a0Les enqu\u00eateurs n\u2019\u00e9tablissent, cependant et pour l\u2019heure, aucun lien avec le <a href=\"https:\/\/actu.fr\/auvergne-rhone-alpes\/grenoble_38185\/grenoble-debordee-par-le-narcotrafic-la-ville-degaine-une-solution-les-points-de-deal-resteront_63397610.html\" target=\"_blank\" rel=\"noopener\">narcobanditisme<\/a>\u00ab\u00a0, pr\u00e9cise le parquet.<\/p>\n<p>Un premier mort par balles quelques jours plus t\u00f4t<\/p>\n<p class=\" wall-content\">Quelques jours plus t\u00f4t, un <a href=\"https:\/\/actu.fr\/auvergne-rhone-alpes\/echirolles_38151\/pres-de-grenoble-un-homme-tue-en-pleine-rue-dans-ce-quartier-une-enquete-ouverte_63521677.html\" target=\"_blank\" rel=\"noopener\">homme de 33 ans a \u00e9t\u00e9 retrouv\u00e9 mort<\/a> avec deux impacts de balles \u00e0 \u00c9chirolles \u00e9galement. Touch\u00e9 au dos et dans la m\u00e2choire, il \u00e9tait porteur d\u2019un gilet pare-balles, a pr\u00e9cis\u00e9 une source polici\u00e8re \u00e0 l\u2019AFP.<\/p>\n<p class=\" wall-content\">Le territoire de Grenoble est r\u00e9guli\u00e8rement marqu\u00e9 par des \u00e9pisodes de violence par arme \u00e0 feu li\u00e9s au trafic de drogue. \u00c0 \u00c9chirolles en septembre 2024, les autorit\u00e9s ont d\u00fb fermer un immeuble entier, \u00ab\u00a0Le Carrare\u00a0\u00bb, qui abritait un point de deal tr\u00e8s lucratif, et \u00e9vacuer tous ses habitants.<\/p>\n<p class=\" wall-content\"><strong>Avec AFP<\/strong><\/p>\n<p class=\" wall-content\">Personnalisez votre actualit\u00e9 en ajoutant vos villes et m\u00e9dias en favori avec <a href=\"https:\/\/moncompte.actu.fr\" title=\"D\u00e9couvez Mon Actu\" rel=\"nofollow noopener\" data-trk=\"{&quot;cta&quot;:{&quot;action&quot;:&quot;https:\\\/\\\/moncompte.actu.fr&quot;,&quot;category&quot;:&quot;mon compte&quot;,&quot;from&quot;:&quot;article footer&quot;,&quot;name&quot;:&quot;Mon actu&quot;,&quot;type&quot;:&quot;cta&quot;}}\" target=\"_blank\">Mon Actu<\/a>.<\/p>\n","protected":false},"excerpt":{"rendered":"Par R\u00e9daction Grenoble Publi\u00e9 le 8 d\u00e9c. 2025 \u00e0 9h41 Week-end sanglant \u00e0 Grenoble et dans sa p\u00e9riph\u00e9rie.&hellip;\n","protected":false},"author":2,"featured_media":587337,"comment_status":"","ping_status":"","sticky":false,"template":"","format":"standard","meta":{"footnotes":""},"categories":[9566],"tags":[1111,11,2430,1777,674,118,1011,27,2731,813,12,1072,25],"class_list":{"0":"post-587336","1":"post","2":"type-post","3":"status-publish","4":"format-standard","5":"has-post-thumbnail","7":"category-grenoble","8":"tag-actu","9":"tag-actualites","10":"tag-auvergne-rhone-alpes","11":"tag-eu","12":"tag-europe","13":"tag-faits-divers","14":"tag-fr","15":"tag-france","16":"tag-grenoble","17":"tag-narcotrafiquants","18":"tag-news","19":"tag-police","20":"tag-republique-francaise"},"share_on_mastodon":{"url":"https:\/\/pubeurope.com\/@fr\/115686565661896104","error":""},"_links":{"self":[{"href":"https:\/\/www.europesays.com\/fr\/wp-json\/wp\/v2\/posts\/587336","targetHints":{"allow":["GET"]}}],"collection":[{"href":"https:\/\/www.europesays.com\/fr\/wp-json\/wp\/v2\/posts"}],"about":[{"href":"https:\/\/www.europesays.com\/fr\/wp-json\/wp\/v2\/types\/post"}],"author":[{"embeddable":true,"href":"https:\/\/www.europesays.com\/fr\/wp-json\/wp\/v2\/users\/2"}],"replies":[{"embeddable":true,"href":"https:\/\/www.europesays.com\/fr\/wp-json\/wp\/v2\/comments?post=587336"}],"version-history":[{"count":0,"href":"https:\/\/www.europesays.com\/fr\/wp-json\/wp\/v2\/posts\/587336\/revisions"}],"wp:featuredmedia":[{"embeddable":true,"href":"https:\/\/www.europesays.com\/fr\/wp-json\/wp\/v2\/media\/587337"}],"wp:attachment":[{"href":"https:\/\/www.europesays.com\/fr\/wp-json\/wp\/v2\/media?parent=587336"}],"wp:term":[{"taxonomy":"category","embeddable":true,"href":"https:\/\/www.europesays.com\/fr\/wp-json\/wp\/v2\/categories?post=587336"},{"taxonomy":"post_tag","embeddable":true,"href":"https:\/\/www.europesays.com\/fr\/wp-json\/wp\/v2\/tags?post=587336"}],"curies":[{"name":"wp","href":"https:\/\/api.w.org\/{rel}","templated":true}]}}