{"id":587368,"date":"2025-12-08T23:53:22","date_gmt":"2025-12-08T23:53:22","guid":{"rendered":"https:\/\/www.europesays.com\/fr\/587368\/"},"modified":"2025-12-08T23:53:22","modified_gmt":"2025-12-08T23:53:22","slug":"municipales-2026-a-lyon-jean-michel-aulas-promet-plus-de-securite-voici-ses-mesures","status":"publish","type":"post","link":"https:\/\/www.europesays.com\/fr\/587368\/","title":{"rendered":"Municipales 2026 \u00e0 Lyon. Jean-Michel Aulas promet plus de s\u00e9curit\u00e9, voici ses mesures"},"content":{"rendered":"<p>                    Par<br \/>\n        <strong><br \/>\n            <a href=\"https:\/\/actu.fr\/auteur\/julien-damboise\" title=\"Consulter tous les articles de Julien Damboise\" target=\"_blank\" rel=\"noopener\">Julien Damboise<\/a><br \/>\n                    <\/strong><\/p>\n<p>        Publi\u00e9 le<\/p>\n<p>            8 d\u00e9c. 2025 \u00e0 17h55        <\/p>\n<p>Quelques mois avant les <a href=\"https:\/\/actu.fr\/tag\/municipales-2026\" target=\"_blank\" rel=\"noopener\">\u00e9lections municipales<\/a>, les 15 et 22 mars 2026, <a href=\"https:\/\/actu.fr\/tag\/jean-michel-aulas\" target=\"_blank\" rel=\"noopener\">Jean-Michel Aulas<\/a> continue de d\u00e9voiler au compte-goutte <strong>ses mesures s\u2019il est \u00e9lu<\/strong> maire. Ce lundi 8 d\u00e9cembre, en pleine <a href=\"https:\/\/actu.fr\/auvergne-rhone-alpes\/lyon_69123\/fete-des-lumieres-a-lyon-l-eblouissant-spectacle-de-drones-fait-l-unanimite-j-etais-bouche-bee_63540126.html\" target=\"_blank\" rel=\"noopener\">F\u00eate des Lumi\u00e8res<\/a>, l\u2019ancien patron de l\u2019OL d\u00e9taille ses <strong>promesses de campagne pour plus de s\u00e9curit\u00e9<\/strong>. Voici ce qu\u2019il faut retenir.<\/p>\n<p>Les \u00e9cologistes attaqu\u00e9s<\/p>\n<p class=\" wall-content\">Selon JMA, la Ville accuse un retard inqui\u00e9tant face aux autres m\u00e9tropoles europ\u00e9ennes. Avec une cam\u00e9ra pour 900 habitants et un policier municipal pour 1 800 habitants, la municipalit\u00e9 serait \u00ab\u00a0en-de\u00e7\u00e0 des standards\u00a0\u00bb. Il juge aussi les cam\u00e9ras nomades \u00ab\u00a0inefficaces\u00a0\u00bb en manifestation. \u00ab\u00a0La majorit\u00e9 actuelle <strong>ne se donne pas les moyens de prot\u00e9ger<\/strong> les Lyonnais\u00a0\u00bb, r\u00e9sume le candidat \u00e0 la succession de <a href=\"https:\/\/actu.fr\/tag\/gregory-doucet\" target=\"_blank\" rel=\"noopener\">Gr\u00e9gory Doucet<\/a>.<\/p>\n<p class=\" wall-content\">Il promet ainsi \u00ab\u00a0un plan de s\u00e9curit\u00e9 coh\u00e9rent, op\u00e9rationnel et financ\u00e9\u00a0\u00bb en commen\u00e7ant par persister sur son projet d\u2019H\u00f4tel des polices.<\/p>\n<p>Le doublement des cam\u00e9ras et le d\u00e9port actif<\/p>\n<p class=\" wall-content\">Le n\u00e9o-politicien se fait plus pr\u00e9cis et promet donc \u00ab\u00a0le doublement du parc de vid\u00e9oprotection, pour atteindre <strong>1 200 cam\u00e9ras<\/strong>, en ciblant avec la pr\u00e9fecture les zones r\u00e9ellement sensibles\u00a0\u00bb. On se souvient que son alli\u00e9 le maire du 2e arrondissement de Lyon <a href=\"https:\/\/actu.fr\/auvergne-rhone-alpes\/lyon_69123\/lyon-municipales-2-000-cameras-police-les-premieres-propositions-choc-de-pierre-oliver_62400944.html\" target=\"_blank\" rel=\"noopener\">Pierre Oliver voulait lui 2 000 nouvelles cam\u00e9ras<\/a>. Une ambition revue \u00e0 la baisse pour son alli\u00e9 LR.<\/p>\n<p class=\" wall-content\">Selon Jean-Michel Aulas, les images seraient utilis\u00e9es plus rapidement \u00ab\u00a0gr\u00e2ce \u00e0 un transfert automatique vers le Centre de Supervision Urbaine (CSU), avec un stockage s\u00e9curis\u00e9 pour faciliter leur exploitation\u00a0\u00bb.<\/p>\n<p class=\" wall-content\">On se souvient que son principal adversaire Gr\u00e9gory Doucet avait \u00e9t\u00e9 <a href=\"https:\/\/actu.fr\/auvergne-rhone-alpes\/lyon_69123\/lyon-pourquoi-la-rencontre-darmanin-doucet-s-est-mal-passee-les-coulisses_53694684.html\" target=\"_blank\" rel=\"noopener\">pris dans une pol\u00e9mique<\/a> concernant cette solution appel\u00e9e <strong>d\u00e9port actif <\/strong>que r\u00e9clamait le ministre de l\u2019Int\u00e9rieur G\u00e9rald Darmanin, qui permettrait \u00e0 la police nationale de prendre directement la main sur les cam\u00e9ras, sans passer par les op\u00e9rateurs de la Ville.<\/p>\n<p class=\" wall-content\">Concernant les co\u00fbts, une premi\u00e8re estimation est avanc\u00e9e : \u00ab\u00a0une enveloppe entre 6 et 9 millions d\u2019euros avec un fonctionnement annuel d\u2019un peu plus de 2 millions d\u2019euros\u00a0\u00bb.<\/p>\n<p>Votre r\u00e9gion, votre actu !<\/p>\n<p>Recevez chaque jour les infos qui comptent pour vous.<\/p>\n<p>\t<a href=\"https:\/\/actu.fr\/newsletter\" class=\"ac-btn ac-btn--corner ac-btn--medium ac-btn--blue800\" target=\"_blank\" rel=\"noopener\">S&rsquo;incrire<\/a><br \/>\nObjectif 500 policiers municipaux<\/p>\n<p class=\" wall-content\">L\u2019autre axe majeur concerne les effectifs. Le candidat Aulas ambitionne de porter la police municipale \u00e0 500 agents d\u2019ici 2033 apr\u00e8s la fin de son mandat s\u2019il est \u00e9lu, contre <strong>environ 300 actuellement<\/strong>. Pour rappel, Gr\u00e9gory Doucet voulait lui un <a href=\"https:\/\/actu.fr\/auvergne-rhone-alpes\/lyon_69123\/municipales-2026-gregory-doucet-charge-jean-michel-aulas-il-insulte-les-lyonnais_63271850.html\" target=\"_blank\" rel=\"noopener\">total de 365 agents<\/a>, un objectif qui ne sera vraisemblablement pas atteint d\u2019ici l\u2019\u00e9lection.<\/p>\n<p class=\" wall-content\">Jean-Michel Aulas compte aussi sortir le ch\u00e9quier pour les brigades en promettant \u00ab\u00a0d\u2019am\u00e9liorer leurs conditions de travail, renforcer les brigades sp\u00e9cialis\u00e9es et accro\u00eetre la visibilit\u00e9 sur le terrain\u00a0\u00bb.<\/p>\n<p class=\" wall-content\">\u00c0 cela s\u2019ajouterait le projet tr\u00e8s discut\u00e9, y compris dans ses rangs, de r\u00e9f\u00e9rendum sur la cr\u00e9ation d\u2019une <a href=\"https:\/\/actu.fr\/auvergne-rhone-alpes\/lyon_69123\/l-insecurite-est-serieuse-a-lyon-jean-michel-aulas-devoile-une-proposition-pour-la-police_63302978.html\" target=\"_blank\" rel=\"noopener\">police m\u00e9tropolitaine<\/a>, compl\u00e9mentaire des forces d\u00e9j\u00e0 existantes.<\/p>\n<p class=\" wall-content\">Personnalisez votre actualit\u00e9 en ajoutant vos villes et m\u00e9dias en favori avec <a href=\"https:\/\/moncompte.actu.fr\" title=\"D\u00e9couvez Mon Actu\" rel=\"nofollow noopener\" data-trk=\"{&quot;cta&quot;:{&quot;action&quot;:&quot;https:\\\/\\\/moncompte.actu.fr&quot;,&quot;category&quot;:&quot;mon compte&quot;,&quot;from&quot;:&quot;article footer&quot;,&quot;name&quot;:&quot;Mon actu&quot;,&quot;type&quot;:&quot;cta&quot;}}\" target=\"_blank\">Mon Actu<\/a>.<\/p>\n","protected":false},"excerpt":{"rendered":"Par Julien Damboise Publi\u00e9 le 8 d\u00e9c. 2025 \u00e0 17h55 Quelques mois avant les \u00e9lections municipales, les 15&hellip;\n","protected":false},"author":2,"featured_media":587369,"comment_status":"","ping_status":"","sticky":false,"template":"","format":"standard","meta":{"footnotes":""},"categories":[1889],"tags":[1111,11,2430,4188,1777,674,1011,27,5227,2428,3434,12,1072,316,25],"class_list":{"0":"post-587368","1":"post","2":"type-post","3":"status-publish","4":"format-standard","5":"has-post-thumbnail","7":"category-lyon","8":"tag-actu","9":"tag-actualites","10":"tag-auvergne-rhone-alpes","11":"tag-elections-municipales","12":"tag-eu","13":"tag-europe","14":"tag-fr","15":"tag-france","16":"tag-jean-michel-aulas","17":"tag-lyon","18":"tag-municipales-2026","19":"tag-news","20":"tag-police","21":"tag-politique","22":"tag-republique-francaise"},"share_on_mastodon":{"url":"https:\/\/pubeurope.com\/@fr\/115686644489566197","error":""},"_links":{"self":[{"href":"https:\/\/www.europesays.com\/fr\/wp-json\/wp\/v2\/posts\/587368","targetHints":{"allow":["GET"]}}],"collection":[{"href":"https:\/\/www.europesays.com\/fr\/wp-json\/wp\/v2\/posts"}],"about":[{"href":"https:\/\/www.europesays.com\/fr\/wp-json\/wp\/v2\/types\/post"}],"author":[{"embeddable":true,"href":"https:\/\/www.europesays.com\/fr\/wp-json\/wp\/v2\/users\/2"}],"replies":[{"embeddable":true,"href":"https:\/\/www.europesays.com\/fr\/wp-json\/wp\/v2\/comments?post=587368"}],"version-history":[{"count":0,"href":"https:\/\/www.europesays.com\/fr\/wp-json\/wp\/v2\/posts\/587368\/revisions"}],"wp:featuredmedia":[{"embeddable":true,"href":"https:\/\/www.europesays.com\/fr\/wp-json\/wp\/v2\/media\/587369"}],"wp:attachment":[{"href":"https:\/\/www.europesays.com\/fr\/wp-json\/wp\/v2\/media?parent=587368"}],"wp:term":[{"taxonomy":"category","embeddable":true,"href":"https:\/\/www.europesays.com\/fr\/wp-json\/wp\/v2\/categories?post=587368"},{"taxonomy":"post_tag","embeddable":true,"href":"https:\/\/www.europesays.com\/fr\/wp-json\/wp\/v2\/tags?post=587368"}],"curies":[{"name":"wp","href":"https:\/\/api.w.org\/{rel}","templated":true}]}}