{"id":587390,"date":"2025-12-09T00:06:24","date_gmt":"2025-12-09T00:06:24","guid":{"rendered":"https:\/\/www.europesays.com\/fr\/587390\/"},"modified":"2025-12-09T00:06:24","modified_gmt":"2025-12-09T00:06:24","slug":"pekin-invite-berlin-a-respecter-le-principe-dune-seule-chine-lors-dune-visite-diplomatique-de-deux-jours","status":"publish","type":"post","link":"https:\/\/www.europesays.com\/fr\/587390\/","title":{"rendered":"P\u00e9kin invite Berlin \u00e0 respecter le principe d&rsquo;une seule Chine lors d\u2019une visite diplomatique de deux jours"},"content":{"rendered":"<p>AA \/ Istanbul \/ Berk Kutay Gokmen<\/p>\n<p>La Chine a exhort\u00e9 l&rsquo;Allemagne \u00e0 respecter le principe d&rsquo;une seule Chine, alors que le ministre allemand des Affaires \u00e9trang\u00e8res, Johann Wadephul, entamait une visite de deux jours \u00e0 P\u00e9kin, sa premi\u00e8re depuis sa prise de fonctions, ont indiqu\u00e9 des responsables chinois lundi.<\/p>\n<p>Le vice-pr\u00e9sident chinois, Han Zheng, a rencontr\u00e9 Wadephul et a d\u00e9clar\u00e9 que la Chine et l&rsquo;Allemagne \u00e9taient d&rsquo;importants partenaires \u00e9conomiques et commerciaux capables de parvenir \u00e0 des r\u00e9sultats mutuellement avantageux gr\u00e2ce \u00e0 une coop\u00e9ration fructueuse, selon l&rsquo;agence de presse Xinhua.<\/p>\n<p>Han a affirm\u00e9 que P\u00e9kin \u00e9tait pr\u00eat \u00e0 renforcer la communication et le dialogue avec Berlin et \u00e0 \u0153uvrer pour hisser le partenariat strat\u00e9gique global sino-allemand \u00e0 un niveau sup\u00e9rieur.<\/p>\n<p>Il a ajout\u00e9 que la question de Ta\u00efwan \u00e9tait au c\u0153ur des int\u00e9r\u00eats fondamentaux de la Chine et a exhort\u00e9 l&rsquo;Allemagne \u00e0 respecter le principe d&rsquo;une seule Chine. Han a \u00e9galement appel\u00e9 Berlin \u00e0 jouer un r\u00f4le actif dans le soutien au d\u00e9veloppement harmonieux des relations Chine-UE.<\/p>\n<p>Wadephul a \u00e9crit sur le r\u00e9seau social am\u00e9ricain X qu&rsquo;il appr\u00e9ciait grandement l&rsquo;opportunit\u00e9 de s&rsquo;entretenir avec Han.<\/p>\n<p>Dans un autre message, il a \u00e9voqu\u00e9 sa rencontre avec le ministre chinois du Commerce, Wang Wentao, affirmant souhaiter des relations \u00e9conomiques \u00ab \u00e9quilibr\u00e9es \u00bb avec P\u00e9kin.<\/p>\n<p>Le porte-parole du minist\u00e8re chinois des Affaires \u00e9trang\u00e8res, Lin Jian, a d\u00e9clar\u00e9 lundi que \u00ab la Chine et l&rsquo;Allemagne sont des partenaires strat\u00e9giques globaux \u00bb, pr\u00e9cisant que Wadephul et son homologue chinois, Wang Yi, auraient des \u00e9changes approfondis sur les relations sino-allemandes et sino-europ\u00e9ennes.<\/p>\n<p>Lors d&rsquo;une conf\u00e9rence de presse, Lin a d\u00e9clar\u00e9 : \u00ab La Chine envisage toujours ses relations avec l&rsquo;Allemagne dans une perspective strat\u00e9gique et \u00e0 long terme. Nous sommes pr\u00eats \u00e0 \u0153uvrer avec l&rsquo;Allemagne pour mettre en \u0153uvre les deux accords importants conclus entre nos deux dirigeants, renforcer la communication strat\u00e9gique, approfondir la compr\u00e9hension et la confiance mutuelle, d\u00e9velopper la coop\u00e9ration mutuellement avantageuse et promouvoir le d\u00e9veloppement durable, sain et stable des relations bilat\u00e9rales. \u00bb<\/p>\n<p>Wadephul avait report\u00e9 une visite pr\u00e9vue en Chine en octobre, P\u00e9kin n&rsquo;ayant pas confirm\u00e9 d&rsquo;autres rencontres que celles pr\u00e9vues avec Wang Yi.<\/p>\n<p>L&rsquo;Allemagne et la Chine entretiennent des relations diplomatiques depuis 1972.<\/p>\n<p>En 2024, la Chine \u00e9tait le deuxi\u00e8me partenaire commercial de l&rsquo;Allemagne pour les marchandises, avec des \u00e9changes d&rsquo;une valeur de 246 milliards d&rsquo;euros (283 milliards de dollars).\u200b\u200b\u200b\u200b\u200b\u200b\u200b<\/p>\n<p>*Traduit de l\u2019anglais par Ayse Bashoruz<\/p>\n<p>                            &#13;<br \/>\n                                <a href=\"https:\/\/www.aa.com.tr\/fr\/p\/abonnement\/1001\" target=\"_blank\" style=\"font-size:12px; color:#444; text-decoration:none;\" rel=\"noopener\">&#13;<br \/>\n                                    Seulement une partie des d\u00e9p\u00eaches, que l&rsquo;Agence Anadolu diffuse \u00e0 ses abonn\u00e9s via le Syst\u00e8me de Diffusion interne (HAS), est diffus\u00e9e sur le site de l&rsquo;AA, de mani\u00e8re r\u00e9sum\u00e9e. <b style=\"color:#1897F7\">Contactez-nous s&rsquo;il vous pla\u00eet pour vous abonner.<\/b>&#13;<br \/>\n                                <\/a>&#13;<\/p>\n","protected":false},"excerpt":{"rendered":"AA \/ Istanbul \/ Berk Kutay Gokmen La Chine a exhort\u00e9 l&rsquo;Allemagne \u00e0 respecter le principe d&rsquo;une seule&hellip;\n","protected":false},"author":2,"featured_media":587391,"comment_status":"","ping_status":"","sticky":false,"template":"","format":"standard","meta":{"footnotes":""},"categories":[1587],"tags":[11,672,1785,1804,309,1805,1803,1777,674,1801,70037,12,1802,70038],"class_list":{"0":"post-587390","1":"post","2":"type-post","3":"status-publish","4":"format-standard","5":"has-post-thumbnail","7":"category-allemagne","8":"tag-actualites","9":"tag-allemagne","10":"tag-anadolu-ajansi","11":"tag-bundesrepublik-deutschland","12":"tag-chine","13":"tag-de","14":"tag-deutschland","15":"tag-eu","16":"tag-europe","17":"tag-germany","18":"tag-le-ministre-des-affaires-trangres-johann-wadephul","19":"tag-news","20":"tag-republique-federale-dallemagne","21":"tag-vice-prsident-han-zheng"},"share_on_mastodon":{"url":"https:\/\/pubeurope.com\/@fr\/115686695691435135","error":""},"_links":{"self":[{"href":"https:\/\/www.europesays.com\/fr\/wp-json\/wp\/v2\/posts\/587390","targetHints":{"allow":["GET"]}}],"collection":[{"href":"https:\/\/www.europesays.com\/fr\/wp-json\/wp\/v2\/posts"}],"about":[{"href":"https:\/\/www.europesays.com\/fr\/wp-json\/wp\/v2\/types\/post"}],"author":[{"embeddable":true,"href":"https:\/\/www.europesays.com\/fr\/wp-json\/wp\/v2\/users\/2"}],"replies":[{"embeddable":true,"href":"https:\/\/www.europesays.com\/fr\/wp-json\/wp\/v2\/comments?post=587390"}],"version-history":[{"count":0,"href":"https:\/\/www.europesays.com\/fr\/wp-json\/wp\/v2\/posts\/587390\/revisions"}],"wp:featuredmedia":[{"embeddable":true,"href":"https:\/\/www.europesays.com\/fr\/wp-json\/wp\/v2\/media\/587391"}],"wp:attachment":[{"href":"https:\/\/www.europesays.com\/fr\/wp-json\/wp\/v2\/media?parent=587390"}],"wp:term":[{"taxonomy":"category","embeddable":true,"href":"https:\/\/www.europesays.com\/fr\/wp-json\/wp\/v2\/categories?post=587390"},{"taxonomy":"post_tag","embeddable":true,"href":"https:\/\/www.europesays.com\/fr\/wp-json\/wp\/v2\/tags?post=587390"}],"curies":[{"name":"wp","href":"https:\/\/api.w.org\/{rel}","templated":true}]}}