{"id":587395,"date":"2025-12-09T00:09:17","date_gmt":"2025-12-09T00:09:17","guid":{"rendered":"https:\/\/www.europesays.com\/fr\/587395\/"},"modified":"2025-12-09T00:09:17","modified_gmt":"2025-12-09T00:09:17","slug":"rugby-on-na-toujours-pas-compris-quand-melvyn-jaminet-se-blesse-durement-en-plein-match-mais-que-personne-ne-sait-pourquoi-ni-comment","status":"publish","type":"post","link":"https:\/\/www.europesays.com\/fr\/587395\/","title":{"rendered":"Rugby\u00a0: \u00ab\u00a0On n\u2019a toujours pas compris\u00a0!\u00a0\u00bb Quand Melvyn Jaminet se blesse durement en plein match mais que personne ne sait pourquoi ni comment"},"content":{"rendered":"<p>\n                                                                    l&rsquo;essentiel<br \/>\n                                                                L\u2019arri\u00e8re du club de Toulon, pass\u00e9 par le Stade Toulousain entre\u00a02022 et\u00a02023, a \u00e9t\u00e9 contraint de quitter ses partenaires dimanche 7\u00a0d\u00e9cembre, incapable de poursuivre la rencontre de Champions Cup contre \u00c9dimbourg (d\u00e9faite varoise 33-20).\n                            <\/p>\n<p>Mais qu\u2019est-il donc arriv\u00e9 \u00e0 Melvyn Jaminet\u00a0? Dimanche 7\u00a0d\u00e9cembre, le joueur de rugby et ses co\u00e9quipiers de Toulon se trouvaient en \u00c9cosse, o\u00f9 ils d\u00e9fiaient les joueurs d\u2019Edimbourg dans le cadre de la 1\u00e8re journ\u00e9e de la Champions Cup.<\/p>\n<p>Sous une pluie dantesque, les Varois faisaient toutefois briller leur domination en d\u00e9but de rencontre (ils menaient 17-10) quand l\u2019inattendu s\u2019est produit. \u00c0 l\u2019issue d\u2019une transformation, le visage de l\u2019arri\u00e8re international (20 s\u00e9lections) s\u2019est crisp\u00e9. Immobile, assis sur la pelouse d\u00e9tremp\u00e9e, il n\u2019a d\u2019autre choix que de quitter ses partenaires. On jouait la 23e minute.<\/p>\n<p class=\"std-elt__inline\">\n        <strong>\u00c0 lire aussi :<\/strong><br \/>\n        <a href=\"https:\/\/www.ladepeche.fr\/2025\/09\/19\/video-rugby-quand-jai-vu-le-xv-de-france-cet-ete-apres-laffaire-de-la-video-raciste-melvyn-jaminet-clame-son-envie-de-revenir-en-bleu-12940085.php\" target=\"_blank\" rel=\"noopener\">VIDEO. Rugby\u00a0: Quand j\u2019ai vu le XV de France cet \u00e9t\u00e9\u2026\u00a0\u00bb Apr\u00e8s l\u2019affaire de la vid\u00e9o raciste, Melvyn Jaminet clame son envie de revenir en Bleu<\/a>\n    <\/p>\n<p>Ce lundi soir, 24\u00a0heures apr\u00e8s, personne n\u2019en sait davantage. Ni le joueur ni son manager, Pierre Mignoni.\u00a0\u00ab\u00a0On n\u2019a toujours pas compris ce qui lui est arriv\u00e9\u00a0!\u00a0\u00bb lance-t-il ainsi aupr\u00e8s de nos confr\u00e8res de L\u2019\u00c9quipe.<\/p>\n<p>Et l\u2019ex-demi de m\u00eal\u00e9e de Clermont (2003-2009) d\u2019ajouter\u00a0: \u00ab\u00a0M\u00eame Melvyn, je ne sais pas s\u2019il sait comment il s\u2019est fait \u00e7a. C\u2019est sur une action de jeu, par terre ou pas, dans l\u2019action\u2026 Lui non plus n\u2019a pas d\u00fb sentir le choc\u00a0: coup de genou ou pas, c\u2019est sur un contact, c\u2019est certain.\u00a0\u00bb Et Pierre Mignoni de r\u00e9v\u00e9ler tout de m\u00eame\u00a0: \u00ab\u00a0C\u2019est cass\u00e9. \u00c0 quel endroit, on ne sait pas pr\u00e9cis\u00e9ment.\u00a0\u00bb<\/p>\n<p class=\"std-elt__inline\">\n        <strong>\u00c0 lire aussi :<\/strong><br \/>\n        <a href=\"https:\/\/www.ladepeche.fr\/2025\/09\/18\/entretien-rugby-tout-est-termine-melvyn-jaminet-revient-sur-laffaire-de-la-video-a-caractere-raciste-et-de-son-transfert-au-stade-toulousain-12938231.php\" target=\"_blank\" rel=\"noopener\">ENTRETIEN. Rugby\u00a0: \u00ab\u00a0Tout est termin\u00e9\u2026\u00a0\u00bb Melvyn Jaminet revient sur l\u2019affaire de la vid\u00e9o \u00e0 caract\u00e8re raciste et de son transfert au Stade Toulousain<\/a>\n    <\/p>\n<p>Melvyn Jaminet, <a href=\"https:\/\/www.ladepeche.fr\/2025\/12\/08\/le-stade-toulousain-a-ete-entendu-par-le-conseil-de-discipline-dans-laffaire-jaminet-verdict-en-fin-de-semaine-13098711.php\" target=\"_blank\" rel=\"noopener\">par ailleurs indirectement sur le devant de la sc\u00e8ne m\u00e9diatique \u00ab\u00a0rugby\u00a0\u00bb en raison de l\u2019affaire qui implique le Stade Toulousain<\/a>, devrait \u00eatre fix\u00e9 dans la journ\u00e9e de ce mardi 9\u00a0d\u00e9cembre, apr\u00e8s des examens. Qui plus est, dimanche soir \u00e0 Edimbourg, les Toulonnais ont finalement perdu 33-20. Vraiment, une sale soir\u00e9e\u2026<\/p>\n","protected":false},"excerpt":{"rendered":"l&rsquo;essentiel L\u2019arri\u00e8re du club de Toulon, pass\u00e9 par le Stade Toulousain entre\u00a02022 et\u00a02023, a \u00e9t\u00e9 contraint de quitter&hellip;\n","protected":false},"author":2,"featured_media":587396,"comment_status":"","ping_status":"","sticky":false,"template":"","format":"standard","meta":{"footnotes":""},"categories":[2],"tags":[11,1011,27,12,25,68796,517,478],"class_list":{"0":"post-587395","1":"post","2":"type-post","3":"status-publish","4":"format-standard","5":"has-post-thumbnail","7":"category-actualites","8":"tag-actualites","9":"tag-fr","10":"tag-france","11":"tag-news","12":"tag-republique-francaise","13":"tag-rugby-u00e0-xv","14":"tag-sport","15":"tag-top-14"},"share_on_mastodon":{"url":"https:\/\/pubeurope.com\/@fr\/115686707571949633","error":""},"_links":{"self":[{"href":"https:\/\/www.europesays.com\/fr\/wp-json\/wp\/v2\/posts\/587395","targetHints":{"allow":["GET"]}}],"collection":[{"href":"https:\/\/www.europesays.com\/fr\/wp-json\/wp\/v2\/posts"}],"about":[{"href":"https:\/\/www.europesays.com\/fr\/wp-json\/wp\/v2\/types\/post"}],"author":[{"embeddable":true,"href":"https:\/\/www.europesays.com\/fr\/wp-json\/wp\/v2\/users\/2"}],"replies":[{"embeddable":true,"href":"https:\/\/www.europesays.com\/fr\/wp-json\/wp\/v2\/comments?post=587395"}],"version-history":[{"count":0,"href":"https:\/\/www.europesays.com\/fr\/wp-json\/wp\/v2\/posts\/587395\/revisions"}],"wp:featuredmedia":[{"embeddable":true,"href":"https:\/\/www.europesays.com\/fr\/wp-json\/wp\/v2\/media\/587396"}],"wp:attachment":[{"href":"https:\/\/www.europesays.com\/fr\/wp-json\/wp\/v2\/media?parent=587395"}],"wp:term":[{"taxonomy":"category","embeddable":true,"href":"https:\/\/www.europesays.com\/fr\/wp-json\/wp\/v2\/categories?post=587395"},{"taxonomy":"post_tag","embeddable":true,"href":"https:\/\/www.europesays.com\/fr\/wp-json\/wp\/v2\/tags?post=587395"}],"curies":[{"name":"wp","href":"https:\/\/api.w.org\/{rel}","templated":true}]}}