{"id":587411,"date":"2025-12-09T00:22:17","date_gmt":"2025-12-09T00:22:17","guid":{"rendered":"https:\/\/www.europesays.com\/fr\/587411\/"},"modified":"2025-12-09T00:22:17","modified_gmt":"2025-12-09T00:22:17","slug":"a-paris-ces-facades-haussmanniennes-cachent-plein-de-faux-immeubles","status":"publish","type":"post","link":"https:\/\/www.europesays.com\/fr\/587411\/","title":{"rendered":"\u00c0 Paris, ces fa\u00e7ades haussmanniennes cachent (plein) de faux immeubles"},"content":{"rendered":"<p><img decoding=\"async\" alt=\"Les ventilateurs gants du mtro s'apparentent \u00e0 ceci.\" loading=\"lazy\" class=\"ResponsiveImageContainer-eNxvmU cfBbTk responsive-image__image\"   src=\"https:\/\/www.europesays.com\/fr\/wp-content\/uploads\/2025\/12\/GettyImages-2201707600.jpg\"\/><\/p>\n<p>Les ventilateurs g\u00e9ants du m\u00e9tro s&rsquo;apparentent \u00e0 ceci.<\/p>\n<p>canart7\/Getty ImagesParmi les rues de Paris, des fa\u00e7ades bien particuli\u00e8res<\/p>\n<p>Pour reconna\u00eetre ces fausses devantures, il suffit de s&rsquo;attarder plus longuement sur ce qui s&rsquo;y trouve au rez-de-chauss\u00e9e. Car elles ne pr\u00e9sentent ni pogn\u00e9e, ni vraie porte, ni digicode. Certaines sont m\u00eame d\u00e9nu\u00e9es de fen\u00eatres et\/ou de toit, et d&rsquo;autres pr\u00e9sentent des trompe-l&rsquo;\u0153il faciles \u00e0 d\u00e9celer, comme celui de la rue Quinquampoix dans le IVe arrondissement. Il est \u00e9galement interdit de stationner devant, et un panneau indique \u00ab\u00a0RATP &#8211; Acc\u00e8s pompiers\u00a0\u00bb. Enfin, pour tromper les passants jusqu&rsquo;au bout, certains cas sont hybrides entre leurre et habitations ; c&rsquo;est le cas de <a href=\"https:\/\/www.admagazine.fr\/article\/immeuble-plus-long-france-800-metres\" target=\"_blank\" rel=\"noopener\">l&rsquo;immeuble<\/a> de la rue de l&rsquo;Aqueduc, dans le Xe arrondissement, dont seul le premier niveau est consacr\u00e9 au ventilateur de la RATP.<\/p>\n<p><img decoding=\"async\" alt=\"Sur Google Earth on observe le vide derri\u00e8re la fa\u00e7ade du 145 rue La Fayette.\" loading=\"lazy\" class=\"ResponsiveImageContainer-eNxvmU cfBbTk responsive-image__image\"   src=\"https:\/\/www.europesays.com\/fr\/wp-content\/uploads\/2025\/12\/Capture%20d%E2%80%99e%CC%81cran%202025-12-08%20a%CC%80%2017.36.41.png\"\/><\/p>\n<p>Sur Google Earth, on observe le vide derri\u00e8re la fa\u00e7ade du 145, rue La Fayette.<\/p>\n<p>Capture d&rsquo;\u00e9cran Google Earth \u2014 8\/12\/2025 \u00e0 18hLe fa\u00e7adisme \u00e0 travers le monde<\/p>\n<p>On compte une douzaine de leurres comme ceci \u00e0 travers la capitale : rue d&rsquo;Aboukir, rue du Faubourg Saint-Denis, rue des Archives, rue Lafayette (pr\u00e8s de la gare du Nord \u2014 le plus grand et le plus c\u00e9l\u00e8bre)\u2026 Loin de se limiter \u00e0 la seule ville de Paris, cette curiosit\u00e9 est aussi pr\u00e9sente \u00e0 Londres ou \u00e0 New York. Le proc\u00e9d\u00e9, nomm\u00e9 \u00ab fa\u00e7adisme \u00bb, est employ\u00e9 pour de nombreuses raisons \u00e0 travers le monde. Il consiste \u00e0 conserver une fa\u00e7ade et \u00e0 construire (ou d\u00e9truire) ce qui se trouve \u00e0 l&rsquo;arri\u00e8re, afin de garder la richesse architecturale d&rsquo;un lieu et de ne pas d\u00e9naturer l&rsquo;esth\u00e9tique de sa rue. Il est notamment privil\u00e9gi\u00e9 dans l&rsquo;installation de nouveaux bureaux dans un immeuble ancien, permettant aux promoteurs de b\u00e2tir de <a href=\"https:\/\/www.admagazine.fr\/adactualites\/article\/ad-wow-2023\" target=\"_blank\" rel=\"noopener\">nouveaux \u00e9difices<\/a>, sans avoir \u00e0 d\u00e9grader le patrimoine existant.<\/p>\n<p><img decoding=\"async\" alt=\"Rue de l'Aqueduc cette fa\u00e7ade est factice uniquement au rezdechausse et au premier tage.\" loading=\"lazy\" class=\"ResponsiveImageContainer-eNxvmU cfBbTk responsive-image__image\" src=\"https:\/\/www.europesays.com\/fr\/wp-content\/uploads\/2025\/12\/Capture%20d%E2%80%99e%CC%81cran%202025-12-08%20a%CC%80%2017.37.50.png\"\/><\/p>\n<p>Rue de l&rsquo;Aqueduc, cette fa\u00e7ade est factice uniquement au rez-de-chauss\u00e9e et au premier \u00e9tage.<\/p>\n<p>Capture d&rsquo;\u00e9cran Google Maps \u2014 8\/12\/2025 \u00e0 18h<img decoding=\"async\" alt=\"La rue de Quincampoix accueille un trompe l'\u0153il cachant derri\u00e8re lui une tour d'aration.\" loading=\"lazy\" class=\"ResponsiveImageContainer-eNxvmU cfBbTk responsive-image__image\" src=\"https:\/\/www.europesays.com\/fr\/wp-content\/uploads\/2025\/12\/Capture%20d%E2%80%99e%CC%81cran%202025-12-08%20a%CC%80%2017.38.28.png\"\/><\/p>\n<p>La rue de Quincampoix accueille un trompe l&rsquo;\u0153il cachant, derri\u00e8re lui, une tour d&rsquo;a\u00e9ration.<\/p>\n<p>Capture d&rsquo;\u00e9cran Google Maps \u2014 8\/12\/2025 \u00e0 18hLa liste (connue) des fausses fa\u00e7ades parisiennes<\/p>\n<ul>\n<li>44, rue d&rsquo;Aboukir (IIe arrondissement)<\/li>\n<li>1bis, rue Chapon (IIIe arrondissement)<\/li>\n<li>53, rue des Archives (IIIe arrondissement)<\/li>\n<li>29, rue Quinquampoix (IVe arrondissement)<\/li>\n<li>27, rue Berg\u00e8re (IXe arrondissement)<\/li>\n<li>3, rue de l&rsquo;Aqueduc (Xe arrondissement)<\/li>\n<li>174, rue du Faubourg-<a href=\"https:\/\/www.admagazine.fr\/article\/loft-story-huis-clos-prefabrique\" target=\"_blank\" rel=\"noopener\">Saint-Denis<\/a> (Xe arrondissement)<\/li>\n<li>145, rue La Fayette (Xe arrondissement)<\/li>\n<li>54, rue des Petites \u00c9curies (Xe arrondissement)<\/li>\n<li>141, boulevard Diderot (XIIe arrondissement)<\/li>\n<li>78, rue de la Condamine (XVIIe arrondissement)<\/li>\n<li>14, rue Duvergier (XIXe arrondissement)<\/li>\n<\/ul>\n","protected":false},"excerpt":{"rendered":"Les ventilateurs g\u00e9ants du m\u00e9tro s&rsquo;apparentent \u00e0 ceci. canart7\/Getty ImagesParmi les rues de Paris, des fa\u00e7ades bien particuli\u00e8res&hellip;\n","protected":false},"author":2,"featured_media":587412,"comment_status":"","ping_status":"","sticky":false,"template":"","format":"standard","meta":{"footnotes":""},"categories":[1358],"tags":[1348,1384,1385,1386,58,59,1011,27,1352],"class_list":{"0":"post-587411","1":"post","2":"type-post","3":"status-publish","4":"format-standard","5":"has-post-thumbnail","7":"category-arts-et-design","8":"tag-arts","9":"tag-arts-and-design","10":"tag-arts-et-design","11":"tag-design","12":"tag-divertissement","13":"tag-entertainment","14":"tag-fr","15":"tag-france","16":"tag-urbanisme"},"share_on_mastodon":{"url":"https:\/\/pubeurope.com\/@fr\/115686759314428455","error":""},"_links":{"self":[{"href":"https:\/\/www.europesays.com\/fr\/wp-json\/wp\/v2\/posts\/587411","targetHints":{"allow":["GET"]}}],"collection":[{"href":"https:\/\/www.europesays.com\/fr\/wp-json\/wp\/v2\/posts"}],"about":[{"href":"https:\/\/www.europesays.com\/fr\/wp-json\/wp\/v2\/types\/post"}],"author":[{"embeddable":true,"href":"https:\/\/www.europesays.com\/fr\/wp-json\/wp\/v2\/users\/2"}],"replies":[{"embeddable":true,"href":"https:\/\/www.europesays.com\/fr\/wp-json\/wp\/v2\/comments?post=587411"}],"version-history":[{"count":0,"href":"https:\/\/www.europesays.com\/fr\/wp-json\/wp\/v2\/posts\/587411\/revisions"}],"wp:featuredmedia":[{"embeddable":true,"href":"https:\/\/www.europesays.com\/fr\/wp-json\/wp\/v2\/media\/587412"}],"wp:attachment":[{"href":"https:\/\/www.europesays.com\/fr\/wp-json\/wp\/v2\/media?parent=587411"}],"wp:term":[{"taxonomy":"category","embeddable":true,"href":"https:\/\/www.europesays.com\/fr\/wp-json\/wp\/v2\/categories?post=587411"},{"taxonomy":"post_tag","embeddable":true,"href":"https:\/\/www.europesays.com\/fr\/wp-json\/wp\/v2\/tags?post=587411"}],"curies":[{"name":"wp","href":"https:\/\/api.w.org\/{rel}","templated":true}]}}