{"id":587419,"date":"2025-12-09T00:27:16","date_gmt":"2025-12-09T00:27:16","guid":{"rendered":"https:\/\/www.europesays.com\/fr\/587419\/"},"modified":"2025-12-09T00:27:16","modified_gmt":"2025-12-09T00:27:16","slug":"cette-maladie-de-peau-progresse-dans-le-monde-et-on-ne-sait-pas-pourquoi","status":"publish","type":"post","link":"https:\/\/www.europesays.com\/fr\/587419\/","title":{"rendered":"Cette maladie de peau progresse dans le monde, et on ne sait pas pourquoi"},"content":{"rendered":"<p>Cette inflammation chronique de la <a href=\"https:\/\/www.futura-sciences.com\/sante\/questions-reponses\/corps-humain-sont-differentes-couches-peau-humaine-7793\/\" title=\"Quelles sont les diff\u00e9rentes couches de la peau humaine ?\" target=\"_blank\" rel=\"noopener\">peau<\/a> demeure un myst\u00e8re\u00a0: aucune cause clairement identifi\u00e9e jusqu&rsquo;\u00e0 pr\u00e9sent et aucun traitement permettant de la gu\u00e9rir. Elle se manifeste par des plaques rouges, parfois de grande taille, surmont\u00e9es de squames, accompagn\u00e9es de d\u00e9mangeaisons.<\/p>\n<p>Des cons\u00e9quences esth\u00e9tiques parfois lourdes<\/p>\n<p>Elle est li\u00e9e \u00e0 un renouvellement anormal et tr\u00e8s rapide des cellules de la peau. Non <a href=\"https:\/\/www.futura-sciences.com\/sante\/questions-reponses\/beaute-psoriasis-cette-maladie-peau-elle-contagieuse-785\/\" title=\"Psoriasis : cette maladie de la peau est-elle contagieuse ?\" target=\"_blank\" rel=\"noopener\">contagieuse<\/a>, g\u00e9n\u00e9ralement peu grave, elle \u00e9volue par \u00ab\u00a0pouss\u00e9es\u00a0\u00bb de fr\u00e9quence et d&rsquo;intensit\u00e9 variables et impr\u00e9visibles.<\/p>\n<p>Elle affecte parfois lourdement la qualit\u00e9 de vie des personnes qui en souffrent en raison de ses cons\u00e9quences esth\u00e9tiques pouvant nuire \u00e0 la vie relationnelle et professionnelle. Elle toucherait aujourd&rsquo;hui 2 \u00e0 3\u202f% de la population fran\u00e7aise. Son nom\u00a0: le <a href=\"https:\/\/www.futura-sciences.com\/sante\/questions-reponses\/corps-humain-psoriasis-symptomes-traitements-7293\/\" title=\"Le psoriasis, sympt\u00f4mes et traitements\" target=\"_blank\" rel=\"noopener\">psoriasis<\/a>.<\/p>\n<p class=\"fs-media\">\n<p><img decoding=\"async\" data-imgid=\"full\" src=\"https:\/\/www.europesays.com\/fr\/wp-content\/uploads\/2025\/12\/psoriasis.jpeg\" width=\"1080\" height=\"717\" alt=\"\" loading=\"lazy\"\/><br \/>\nPlaques rouges, squames, s\u00e9cheresse, d\u00e9mangeaisons\u2026 C\u2019est peut-\u00eatre un psoriasis. \u00a9 vadim yerofeyev, Adobe Stock<\/p>\n<p>Une progression dans le monde entier<\/p>\n<p>Selon une nouvelle men\u00e9e par des scientifiques chinois, le psoriasis serait en progression partout dans le monde, en particulier dans les pays occidentaux. Et elle devrait continuer \u00e0 progresser jusqu&rsquo;en 2050\u00a0!<\/p>\n<p>Pour le d\u00e9montrer, les chercheurs ont rassembl\u00e9 toutes les donn\u00e9es concernant l&rsquo;<a href=\"https:\/\/www.futura-sciences.com\/sante\/definitions\/medecine-incidence-13469\/\" target=\"_blank\" rel=\"noopener\">incidence<\/a> de cette maladie, par sexe et par \u00e2ge dans 236 pays. Le r\u00e9sultat de leurs calculs, publi\u00e9 dans <a href=\"https:\/\/jamanetwork.com\/journals\/jamadermatology\/article-abstract\/2841752\" title=\"Global Psoriasis Burden and Forecasts to 2050\" target=\"_blank\" rel=\"noopener\">JAMA Dermatology<\/a>, montre que le fardeau du psoriasis a augment\u00e9 entre 1990 et 2021.<\/p>\n<p>Une augmentation de plus 10\u202f% chez les hommes<\/p>\n<p>Le taux d&rsquo;incidence du psoriasis serait ainsi pass\u00e9\u00a0chez les hommes de pr\u00e8s de 57 cas pour 100\u202f000 personnes en 1990 \u00e0 presque 63 cas en 2021, soit une augmentation de 10,3\u202f%.<\/p>\n<p>Chez les <a href=\"https:\/\/www.futura-sciences.com\/sante\/questions-reponses\/corps-humain-peau-femme-peau-homme-sont-differences-7363\/\" title=\"Peau de femme, peau d&#039;homme : quelles sont les diff\u00e9rences ?\" target=\"_blank\" rel=\"noopener\">femmes<\/a>, les chiffres indiquent que l&rsquo;incidence \u00e9tait de 57 cas pour 100\u202f000 en 1990 et de 61 cas en 2021, soit une augmentation de 7,3\u202f%.<\/p>\n<p>Selon les projections des chercheurs, cette incidence devrait atteindre en 2050\u00a0:<\/p>\n<ul>\n<li>70 cas pour 100\u202f000 chez les hommes\u00a0;<\/li>\n<li>66 cas pour 100\u202f000 chez les femmes.<\/li>\n<\/ul>\n<p>Les pays occidentaux plus touch\u00e9s que les autres<\/p>\n<p>Mais c&rsquo;est l&rsquo;analyse g\u00e9ographique qui donne les r\u00e9sultats les plus surprenants. Les calculs des chercheurs montrent en effet que c&rsquo;est en Am\u00e9rique du Nord et en Europe occidentale que les taux d&rsquo;incidence et de <a href=\"https:\/\/www.futura-sciences.com\/sante\/definitions\/medecine-prevalence-2818\/\" target=\"_blank\" rel=\"noopener\">pr\u00e9valence<\/a> du <a href=\"https:\/\/www.futura-sciences.com\/sante\/actualites\/alimentation-amelioration-spectaculaire-simple-changement-alimentaire-soulage-patient-deux-atteints-psoriasis-125995\/\" title=\"\u00ab Une am\u00e9lioration spectaculaire \u00bb : un simple changement alimentaire a soulag\u00e9 un patient sur deux atteints de psoriasis !\" target=\"_blank\" rel=\"noopener\">psoriasis<\/a> sont les plus \u00e9lev\u00e9s.\u00a0L&rsquo;Asie de l&rsquo;Est et l&rsquo;Afrique subsaharienne affichent, elles, les taux les plus faibles.<\/p>\n<p>Chez les enfants et les adolescents \u00e2g\u00e9s de 5 \u00e0 19 ans, les filles sont davantage touch\u00e9es par le psoriasis. Entre 25 et 29 ans, les taux chez les hommes et les femmes sont similaires, puis au-del\u00e0, l&rsquo;incidence de la <a href=\"https:\/\/www.futura-sciences.com\/sante\/questions-reponses\/maladie-auto-immune-vitiligo-tout-savoir-cette-maladie-peau-depigmentante-20826\/\" title=\"Le vitiligo : tout savoir sur cette maladie de peau d\u00e9pigmentante\" target=\"_blank\" rel=\"noopener\">maladie<\/a> augmente chez les hommes.<\/p>\n<p>Les chercheurs pr\u00e9cisent que ces donn\u00e9es sont des estimations et que les pr\u00e9visions de tendance \u00e0 2050 ont \u00e9t\u00e9 calcul\u00e9es sans tenir compte des \u00e9volutions positives qui pourraient se produire en <a href=\"https:\/\/www.futura-sciences.com\/sciences\/definitions\/matiere-matiere-15841\/\" target=\"_blank\" rel=\"noopener\">mati\u00e8re<\/a> de <a href=\"https:\/\/www.futura-sciences.com\/sante\/definitions\/medecine-diagnostic-2662\/\" target=\"_blank\" rel=\"noopener\">diagnostic<\/a>, d&rsquo;acc\u00e8s aux soins ou d&rsquo;efficacit\u00e9 des traitements.<\/p>\n<p>Il est \u00e0 ce jour encore difficile de comprendre les causes de la progression du psoriasis dans le monde. Pour les auteurs, plusieurs hypoth\u00e8ses peuvent cependant \u00eatre \u00e9mises.<\/p>\n<p>Les conditions d&rsquo;hygi\u00e8ne trop pouss\u00e9es (recours aux produits <a href=\"https:\/\/www.futura-sciences.com\/planete\/actualites\/developpement-durable-triclosan-antibacterien-dangereux-homme-son-environnement-44224\/\" title=\"Triclosan : l&#039;antibact\u00e9rien dangereux pour l&#039;Homme et son environnement\" target=\"_blank\" rel=\"noopener\">antibact\u00e9riens<\/a>, utilisation courante de produits m\u00e9nagers, hygi\u00e8ne corporelle excessive&#8230;) pourraient par exemple avoir un effet pervers sur le <a href=\"https:\/\/www.futura-sciences.com\/sante\/definitions\/medecine-systeme-immunitaire-2722\/\" target=\"_blank\" rel=\"noopener\">syst\u00e8me immunitaire<\/a> (<a href=\"https:\/\/www.futura-sciences.com\/sante\/actualites\/medecine-allergie-hypothese-hygieniste-theorie-vieux-amis-41646\/\" title=\"Allergie : hypoth\u00e8se hygi\u00e9niste ou th\u00e9orie des vieux amis ?\" target=\"_blank\" rel=\"noopener\">hypoth\u00e8se hygi\u00e9niste<\/a>). Ceci expliquerait que l&rsquo;on retrouve des taux de psoriasis plus \u00e9lev\u00e9s dans les pays occidentaux.<\/p>\n<p>Il est \u00e9galement possible que les habitants des pays plus riches consultent davantage pour ce type de probl\u00e8mes de peau et donc que le nombre de personnes touch\u00e9es soit mieux comptabilis\u00e9. Enfin, ils font l&rsquo;hypoth\u00e8se de l&rsquo;existence d&rsquo;un ingr\u00e9dient <a href=\"https:\/\/www.futura-sciences.com\/sante\/actualites\/medecine-systeme-immunitaire-serait-mis-mal-notre-regime-alimentaire-54355\/\" title=\"Le syst\u00e8me immunitaire serait mis \u00e0 mal par notre r\u00e9gime alimentaire\" target=\"_blank\" rel=\"noopener\">alimentaire<\/a> &#8211; \u00e0 ce jour non identifi\u00e9 &#8211; qui serait favorable \u00e0 l&rsquo;inflammation cutan\u00e9e.<\/p>\n<p>D&rsquo;autres \u00e9tudes devront donc \u00eatre men\u00e9es pour identifier la ou les causes\u00a0r\u00e9elles de cette progression.<\/p>\n","protected":false},"excerpt":{"rendered":"Cette inflammation chronique de la peau demeure un myst\u00e8re\u00a0: aucune cause clairement identifi\u00e9e jusqu&rsquo;\u00e0 pr\u00e9sent et aucun traitement&hellip;\n","protected":false},"author":2,"featured_media":587420,"comment_status":"","ping_status":"","sticky":false,"template":"","format":"standard","meta":{"footnotes":""},"categories":[10],"tags":[70047,70042,1011,27,72,70044,226,70045,9854,70046,70043,71,22598],"class_list":{"0":"post-587419","1":"post","2":"type-post","3":"status-publish","4":"format-standard","5":"has-post-thumbnail","7":"category-sante","8":"tag-affection-cutanee","9":"tag-allergie-cutanee","10":"tag-fr","11":"tag-france","12":"tag-health","13":"tag-inflammation-cutanee","14":"tag-maladie","15":"tag-maladie-de-peau","16":"tag-peau","17":"tag-plaques-rouges","18":"tag-psoriasis","19":"tag-sante","20":"tag-systeme-immunitaire"},"share_on_mastodon":{"url":"https:\/\/pubeurope.com\/@fr\/115686778323077642","error":""},"_links":{"self":[{"href":"https:\/\/www.europesays.com\/fr\/wp-json\/wp\/v2\/posts\/587419","targetHints":{"allow":["GET"]}}],"collection":[{"href":"https:\/\/www.europesays.com\/fr\/wp-json\/wp\/v2\/posts"}],"about":[{"href":"https:\/\/www.europesays.com\/fr\/wp-json\/wp\/v2\/types\/post"}],"author":[{"embeddable":true,"href":"https:\/\/www.europesays.com\/fr\/wp-json\/wp\/v2\/users\/2"}],"replies":[{"embeddable":true,"href":"https:\/\/www.europesays.com\/fr\/wp-json\/wp\/v2\/comments?post=587419"}],"version-history":[{"count":0,"href":"https:\/\/www.europesays.com\/fr\/wp-json\/wp\/v2\/posts\/587419\/revisions"}],"wp:featuredmedia":[{"embeddable":true,"href":"https:\/\/www.europesays.com\/fr\/wp-json\/wp\/v2\/media\/587420"}],"wp:attachment":[{"href":"https:\/\/www.europesays.com\/fr\/wp-json\/wp\/v2\/media?parent=587419"}],"wp:term":[{"taxonomy":"category","embeddable":true,"href":"https:\/\/www.europesays.com\/fr\/wp-json\/wp\/v2\/categories?post=587419"},{"taxonomy":"post_tag","embeddable":true,"href":"https:\/\/www.europesays.com\/fr\/wp-json\/wp\/v2\/tags?post=587419"}],"curies":[{"name":"wp","href":"https:\/\/api.w.org\/{rel}","templated":true}]}}