{"id":587423,"date":"2025-12-09T00:29:14","date_gmt":"2025-12-09T00:29:14","guid":{"rendered":"https:\/\/www.europesays.com\/fr\/587423\/"},"modified":"2025-12-09T00:29:14","modified_gmt":"2025-12-09T00:29:14","slug":"brigitte-macron-traite-de-sales-connes-les-militantes-feministes-qui-ont-interrompu-le-spectacle-dary-abittan-accuse-de-viol-liberation","status":"publish","type":"post","link":"https:\/\/www.europesays.com\/fr\/587423\/","title":{"rendered":"Brigitte Macron traite de \u00absales connes\u00bb les militantes f\u00e9ministes qui ont interrompu le spectacle d\u2019Ary Abittan, accus\u00e9 de viol \u2013 Lib\u00e9ration"},"content":{"rendered":"<p class=\"sc-cPiKLX AiZTS text-element\">Qu\u2019il semble loin, l\u2019engagement f\u00e9ministe de Brigitte Macron, \u00e0 l\u2019\u00e9poque o\u00f9 les droits des femmes \u00e9taient encore \u00e9rig\u00e9s en grande cause nationale. Une s\u00e9quence film\u00e9e, abondamment relay\u00e9e sur les r\u00e9seaux ce lundi 8 d\u00e9cembre, montre l\u2019\u00e9pouse du chef de l\u2019Etat qualifiant de \u00absales connes\u00bb des militantes f\u00e9ministes qui ont interrompu deux jours plus t\u00f4t un spectacle de l\u2019humoriste Ary Abittan, avant d\u2019\u00eatre expuls\u00e9es de la salle.<\/p>\n<p class=\"sc-cPiKLX AiZTS text-element\">Samedi soir, quatre militantes du collectif f\u00e9ministe #NousToutes, portant des masques \u00e0 l\u2019effigie de l\u2019acteur avec la mention \u00abvioleur\u00bb, ont perturb\u00e9 son spectacle dans la salle parisienne des Folies Berg\u00e8re, scandant \u00abAbittan violeur\u00bb, a rapport\u00e9 cette organisation dans un communiqu\u00e9. Une r\u00e9f\u00e9rence aux poursuites dont a fait l\u2019objet l\u2019humoriste fin 2021, accus\u00e9 de viol par une jeune femme qu\u2019il fr\u00e9quentait depuis quelques semaines. Apr\u00e8s trois ans d\u2019enqu\u00eate, l\u2019instruction <a href=\"https:\/\/www.liberation.fr\/societe\/police-justice\/ary-abittan-accuse-de-viol-lacteur-obtient-un-non-lieu-la-plaignante-annonce-faire-appel-20240403_UKFY3Z5I3VF77IXBHLFDRBKH74\/\" target=\"_blank\" rel=\"noreferrer noopener\" title=\"https:\/\/www.liberation.fr\/societe\/police-justice\/ary-abittan-accuse-de-viol-lacteur-obtient-un-non-lieu-la-plaignante-annonce-faire-appel-20240403_UKFY3Z5I3VF77IXBHLFDRBKH74\/\">a abouti \u00e0 un non-lieu<\/a> confirm\u00e9 en appel en janvier, mais son retour sur sc\u00e8ne est depuis contest\u00e9 par des militantes f\u00e9ministes protestant r\u00e9guli\u00e8rement aux abords des salles o\u00f9 il se produit.<\/p>\n<p class=\"sc-cPiKLX AiZTS text-element\">Le lendemain de cette interruption, dimanche, Brigitte Macron est all\u00e9e voir sa repr\u00e9sentation parisienne, accompagn\u00e9e de sa fille Tiphaine Auzi\u00e8re. Sur une vid\u00e9o publi\u00e9e par <a href=\"https:\/\/www.public.fr\/tiphaine-auziere-apres-cyril-hanouna-son-soutien-de-taille-a-ary-abittan\" target=\"_blank\" rel=\"noreferrer noopener\" title=\"https:\/\/www.public.fr\/tiphaine-auziere-apres-cyril-hanouna-son-soutien-de-taille-a-ary-abittan\">le site du m\u00e9dia people Public<\/a>, on voit la premi\u00e8re dame apporter son soutien \u00e0 Ary Abittan en coulisses avant le spectacle. Lui : \u00abJ\u2019ai peur.\u00bb Brigitte Macron lui r\u00e9pond, rieuse : \u00abS\u2019il y a des sales connes on va les foutre dehors.\u00bb En ajoutant : \u00abSurtout des bandits masqu\u00e9s.\u00bb<\/p>\n<p class=\"sc-cPiKLX AiZTS text-element\">Le collectif #NousToutes a relay\u00e9 cette vid\u00e9o sur son compte Instagram ainsi que des messages de soutien \u00e0 son action de samedi soir. Sur le r\u00e9seau Bluesky, se r\u00e9appropriant l\u2019insulte en un visuel avec, sur fond noir, le mot-cl\u00e9 #salesconnes.<\/p>\n<p class=\"sc-cPiKLX AiZTS text-element\">\u00abNous sommes profond\u00e9ment choqu\u00e9es et scandalis\u00e9es. Les mots utilis\u00e9s en disent long sur sa vision des choses, le message politique est extr\u00eamement choquant\u00bb, a d\u00e9plor\u00e9 une militante de #NousToutes Paris Nord ayant particip\u00e9 \u00e0 l\u2019action et se pr\u00e9sentant sous le pseudonyme de Gwen. \u00abC\u2019est un crachat de plus sur les victimes et les associations f\u00e9ministes\u00bb.<\/p>\n<p class=\"sc-cPiKLX AiZTS text-element\">Face \u00e0 l\u2019ampleur des r\u00e9actions, l\u2019entourage de l\u2019\u00e9pouse d\u2019Emmanuel Macron a assur\u00e9 aupr\u00e8s de l\u2019AFP qu\u2019il ne fallait \u00abvoir dans cet \u00e9change qu\u2019une critique de la m\u00e9thode radicale employ\u00e9e par ceux qui ont perturb\u00e9, masqu\u00e9s, le spectacle d\u2019Ary Abittan samedi soir pour emp\u00eacher que l\u2019artiste se produise sur sc\u00e8ne\u00bb. Toujours selon la m\u00eame source, \u00abBrigitte Macron n\u2019approuve pas cette m\u00e9thode radicale\u00bb.<\/p>\n<p class=\"sc-cPiKLX AiZTS text-element\">Mais les critiques ne se limitent pas aux insult\u00e9es. Sur Instagram, l\u2019actrice Judith Godr\u00e8che a apport\u00e9 son soutien au collectif avec ce message sur fond noir : \u00abMoi aussi je suis une sale conne. Et je soutiens tous.tes les autres\u00bb, a \u00e9crit la com\u00e9dienne, <a href=\"https:\/\/www.liberation.fr\/culture\/cinema\/une-perte-qui-se-confirme-un-peu-plus-chaque-jour-les-consequences-couteuses-pour-judith-godreche-de-sa-prise-de-parole-20241223_3QFQTGWBL5BOHC6KPQ5GHQEDQ4\/\" target=\"_blank\" rel=\"noopener\" title=\"https:\/\/www.liberation.fr\/culture\/cinema\/une-perte-qui-se-confirme-un-peu-plus-chaque-jour-les-consequences-couteuses-pour-judith-godreche-de-sa-prise-de-parole-20241223_3QFQTGWBL5BOHC6KPQ5GHQEDQ4\/\">qui a accus\u00e9 les r\u00e9alisateurs Jacques Doillon et Beno\u00eet Jacquot de viols.<\/a><\/p>\n<p class=\"sc-cPiKLX AiZTS text-element\">\u00abCes propos sont gravissimes\u00bb, \u00abune premi\u00e8re dame ne devrait pas dire \u00e7a\u00bb, a d\u00e9nonc\u00e9 sur BFMTV la patronne des \u00e9cologistes, Marine Tondelier. Invit\u00e9e \u00e0 commenter la l\u00e9gitimit\u00e9 d\u2019Ary Abittan \u00e0 poursuivre sa carri\u00e8re, l\u2019\u00e9lue \u00e9colo a estim\u00e9 qu\u2019il \u00abp[ouvait] remonter sur sc\u00e8ne\u00bb et \u00ables f\u00e9ministes ont le droit de donner leur avis l\u00e0-dessus aussi\u00bb. \u00abOn a commenc\u00e9 par les droits des femmes \u201cgrande cause du quinquennat\u201d, \u00e7a termine en les insultant\u00bb, a fustig\u00e9 de son c\u00f4t\u00e9 sur X l\u2019eurod\u00e9put\u00e9e LFI Manon Aubry. \u00abIl est temps que le couple Macron s\u2019en aille.\u00bb<\/p>\n","protected":false},"excerpt":{"rendered":"Qu\u2019il semble loin, l\u2019engagement f\u00e9ministe de Brigitte Macron, \u00e0 l\u2019\u00e9poque o\u00f9 les droits des femmes \u00e9taient encore \u00e9rig\u00e9s&hellip;\n","protected":false},"author":2,"featured_media":587424,"comment_status":"","ping_status":"","sticky":false,"template":"","format":"standard","meta":{"footnotes":""},"categories":[8],"tags":[986,58,59,1011,27],"class_list":{"0":"post-587423","1":"post","2":"type-post","3":"status-publish","4":"format-standard","5":"has-post-thumbnail","7":"category-divertissement","8":"tag-brigitte-macron","9":"tag-divertissement","10":"tag-entertainment","11":"tag-fr","12":"tag-france"},"share_on_mastodon":{"url":"https:\/\/pubeurope.com\/@fr\/115686786146650803","error":""},"_links":{"self":[{"href":"https:\/\/www.europesays.com\/fr\/wp-json\/wp\/v2\/posts\/587423","targetHints":{"allow":["GET"]}}],"collection":[{"href":"https:\/\/www.europesays.com\/fr\/wp-json\/wp\/v2\/posts"}],"about":[{"href":"https:\/\/www.europesays.com\/fr\/wp-json\/wp\/v2\/types\/post"}],"author":[{"embeddable":true,"href":"https:\/\/www.europesays.com\/fr\/wp-json\/wp\/v2\/users\/2"}],"replies":[{"embeddable":true,"href":"https:\/\/www.europesays.com\/fr\/wp-json\/wp\/v2\/comments?post=587423"}],"version-history":[{"count":0,"href":"https:\/\/www.europesays.com\/fr\/wp-json\/wp\/v2\/posts\/587423\/revisions"}],"wp:featuredmedia":[{"embeddable":true,"href":"https:\/\/www.europesays.com\/fr\/wp-json\/wp\/v2\/media\/587424"}],"wp:attachment":[{"href":"https:\/\/www.europesays.com\/fr\/wp-json\/wp\/v2\/media?parent=587423"}],"wp:term":[{"taxonomy":"category","embeddable":true,"href":"https:\/\/www.europesays.com\/fr\/wp-json\/wp\/v2\/categories?post=587423"},{"taxonomy":"post_tag","embeddable":true,"href":"https:\/\/www.europesays.com\/fr\/wp-json\/wp\/v2\/tags?post=587423"}],"curies":[{"name":"wp","href":"https:\/\/api.w.org\/{rel}","templated":true}]}}