{"id":587425,"date":"2025-12-09T00:30:41","date_gmt":"2025-12-09T00:30:41","guid":{"rendered":"https:\/\/www.europesays.com\/fr\/587425\/"},"modified":"2025-12-09T00:30:41","modified_gmt":"2025-12-09T00:30:41","slug":"quelles-sont-les-nouveautes-dios-26-2-la-future-mise-a-jour-de-liphone","status":"publish","type":"post","link":"https:\/\/www.europesays.com\/fr\/587425\/","title":{"rendered":"Quelles sont les nouveaut\u00e9s d&rsquo;iOS 26.2, la future mise \u00e0 jour de l&rsquo;iPhone ?"},"content":{"rendered":"<p>Trois mois apr\u00e8s iOS 26, la mise \u00e0 jour iOS 26.2 apporte quelques nouveaut\u00e9s aux iPhone, dont la traduction en temps r\u00e9el sur les AirPods en Europe. Quelques autres ajustements sont au programme. <\/p>\n<p>Un mois apr\u00e8s <a href=\"https:\/\/www.numerama.com\/tech\/2106087-ios-26-1-est-disponible-quelles-sont-les-nouveautes-de-la-mise-a-jour-sur-iphone.html\" data-type=\"post\" data-id=\"2106087\" target=\"_blank\" rel=\"noopener\">iOS 26.1<\/a>, Apple d\u00e9ploiera d\u00e9but d\u00e9cembre une nouvelle mise \u00e0 jour sur ses iPhone : iOS 26.2. Il n\u2019y a pas de r\u00e9volution \u00e0 l\u2019horizon, mais plusieurs nouveaut\u00e9s fonctionnelles, qui pourraient plaire aux propri\u00e9taires d\u2019iPhone. Il sera possible de l\u2019installer depuis <strong>R\u00e9glages<\/strong>, <strong>G\u00e9n\u00e9ral<\/strong> et <strong>Mise \u00e0 jour logicielle<\/strong>. Voici la liste des nouveaut\u00e9s :<\/p>\n<p>La traduction en direct d\u00e9barque sur les AirPods en Europe <\/p>\n<p>Premi\u00e8re nouveaut\u00e9 : <a href=\"https:\/\/www.numerama.com\/tech\/2109757-la-traduction-en-direct-arrive-sur-les-airpods-en-france-mais-apple-a-du-faire-un-sacrifice-en-europe.html\" data-type=\"post\" data-id=\"2109757\" target=\"_blank\" rel=\"noopener\">la traduction en direct des AirPods 4, AirPods Pro 2 et AirPods 3<\/a> arrive enfin en Europe. Bloqu\u00e9e jusqu\u2019ici pour des raisons r\u00e9glementaires, cette fonction permet d\u2019avoir une traduction orale dans l\u2019oreille pendant qu\u2019un interlocuteur parle. Elle est aussi accessible depuis l\u2019application Apple Traduire qui utilise des mod\u00e8les d\u2019IA pour permettre \u00e0 deux personnes de parler dans des langues diff\u00e9rentes sans r\u00e9seau. <\/p>\n<p>Pour d\u00e9clencher la traduction en direct, il faut maintenir les deux tiges enfonc\u00e9es simultan\u00e9ment. On peut aussi y acc\u00e9der depuis les r\u00e9glages des AirPods. <\/p>\n<p>Le Liquid Glass s\u2019attaque \u00e0 l\u2019horloge, avec un peu plus de personnalisation <\/p>\n<p>Grande nouveaut\u00e9 d\u2019iOS 26, le Liquid Glass, qui ajoute de la transparence et du verre \u00e0 l\u2019iPhone, s\u2019\u00e9tend \u00e0 l\u2019horloge de l\u2019\u00e9cran verrouill\u00e9 dans iOS 26.2 : un nouveau curseur permet d\u2019ajuster finement la transparence de l\u2019horloge. Il s\u2019agit d\u2019un correctif dans la continuit\u00e9 des changements initi\u00e9s dans iOS 26.1, qui permettent de r\u00e9duire le Liquid Glass plus facilement. <\/p>\n<p>                <img decoding=\"async\" width=\"1024\" height=\"380\" loading=\"lazy\" alt=\"Anker Batterie Box Partenaire Num D\u00e9cembre\" title=\"Anker Batterie Box Partenaire Num D\u00e9cembre\" class=\"is-block placeholder-default wp-image\" src=\"https:\/\/www.europesays.com\/fr\/wp-content\/uploads\/2025\/12\/anker-batterie-box-partenaire-num-decembre-1024x380.jpg\" \/>            <\/p>\n<p>\n                    Le cadeau parfait est en promo !                 <\/p>\n<p>\n                    C\u2019est bient\u00f4t No\u00ebl ! Anker baisse le prix de sa batterie de 25 000 mAh. Avec ses 2 c\u00e2bles int\u00e9gr\u00e9s et sa puissance totale de 165 watts, elle peut recharger presque tous vos appareils, o\u00f9 que vous soyez.                <\/p>\n<p>Apple en profite pour am\u00e9liorer les animations du Liquid Glass, avec un effet de rebond assez cool \u00e0 l\u2019utilisation, et change quelques applications. Dans Mesure par exemple, le niveau \u00e0 bulle est d\u00e9sormais en verre transparent. <\/p>\n<p><a href=\"https:\/\/www.numerama.com\/wp-content\/uploads\/2025\/12\/image-2-1.jpg\" target=\"_blank\" rel=\"noopener\"><img decoding=\"async\" width=\"1024\" height=\"742\" loading=\"lazy\" alt=\"Trois nouvelles fonctions iOS 26.2.\" title=\"Trois nouvelles fonctions iOS 26.2.\" class=\"wp-image-2137339 placeholder-default wp-image\" src=\"https:\/\/www.europesays.com\/fr\/wp-content\/uploads\/2025\/12\/image-2-1-1024x742.jpg\" \/><\/a>Trois nouvelles fonctions iOS 26.2. \/\/ Source : Numerama<\/p>\n<p>Les rappels peuvent d\u00e9clencher une alarme<\/p>\n<p>Jusqu\u2019\u00e0 pr\u00e9sent, un rappel n\u2019\u00e9tait qu\u2019une simple notification qui pouvait facilement passer inaper\u00e7ue. Avec iOS 26.2, l\u2019application Rappels gagne une nouvelle option appel\u00e9e \u00ab Urgent \u00bb. Lorsque cette derni\u00e8re est coch\u00e9e, l\u2019iPhone ne se contentera pas d\u2019afficher une banni\u00e8re : il fera sonner une v\u00e9ritable alarme \u00e0 l\u2019heure indiqu\u00e9e. Une bonne nouvelle pour les personnes avec une alerte quotidienne pour ne pas oublier un m\u00e9dicament.<\/p>\n<p>Apple Music et Podcasts : des am\u00e9liorations pour les paroles et les sous-titres<\/p>\n<p>iOS 26.2 apporte une fonction qui va faire plaisir aux utilisateurs Apple Music : les paroles hors-ligne. Il n\u2019y a plus besoin de connexion 5G pour lancer un karaok\u00e9 improvis\u00e9 dans le m\u00e9tro, les paroles sont stock\u00e9es en local quand un morceau est t\u00e9l\u00e9charg\u00e9. <\/p>\n<p>C\u00f4t\u00e9 Podcasts, l\u2019intelligence artificielle d\u2019Apple g\u00e9n\u00e8re d\u00e9sormais automatiquement des chapitres pour les \u00e9pisodes qui en sont d\u00e9pourvus. Mieux encore : si un podcast mentionne une autre \u00e9mission, l\u2019application cr\u00e9era automatiquement un lien cliquable dans la description vers ce contenu.<\/p>\n<p><a href=\"https:\/\/www.numerama.com\/wp-content\/uploads\/2025\/12\/img-2876.jpg\" target=\"_blank\" rel=\"noopener\"><img decoding=\"async\" width=\"1024\" height=\"636\" loading=\"lazy\" alt=\"Screenshot\" title=\"Screenshot\" class=\"wp-image-2137351 placeholder-default wp-image\" src=\"https:\/\/www.europesays.com\/fr\/wp-content\/uploads\/2025\/12\/img-2876-1024x636.jpg\" \/><\/a>Les sous-titres sur Apple Music. \/\/ Source : Capture Numerama<\/p>\n<p>Le score de sommeil \u00e9volue : Apple \u00e9tait trop gentil <\/p>\n<p>Avec watchOS 12, <a href=\"https:\/\/www.numerama.com\/tech\/2074725-test-de-lapple-watch-ultra-3-enfin-une-vraie-avancee-en-autonomie.html\" data-type=\"post\" data-id=\"2074725\" target=\"_blank\" rel=\"noopener\">Apple a introduit un score de sommeil<\/a> qui vous donne une note au r\u00e9veil pour vous dire si vous avez bien dormi. Probl\u00e8me : les notes \u00e9taient beaucoup trop g\u00e9n\u00e9reuses, avec des scores au-dessus des 80 atteignables m\u00eame en cas de mauvaise nuit. <\/p>\n<p>iOS 26.2 et watchOS 12.2 recalibrent le score de sommeil. Il est d\u00e9sormais plus difficile d\u2019atteindre le score \u00ab Tr\u00e8s \u00c9lev\u00e9 \u00bb. Les nouveaux bar\u00e8mes sont : <\/p>\n<ul class=\"wp-block-list\">\n<li><strong>Tr\u00e8s faible :<\/strong>\u00a00-40 points (avant : 0-29 points)<\/li>\n<li><strong>Faible :<\/strong>\u00a041-60 points (avant : 30-49 points)<\/li>\n<li><strong>Correct :<\/strong>\u00a061-80 points (avant : 50-69 points)<\/li>\n<li><strong>\u00c9lev\u00e9 :<\/strong>\u00a081-95 points (avant : 70-89 points)<\/li>\n<li><strong>Tr\u00e8s \u00e9lev\u00e9 :<\/strong>\u00a096-100 points (avant : 90-100 points)<\/li>\n<\/ul>\n<p><a href=\"https:\/\/www.numerama.com\/wp-content\/uploads\/2025\/12\/img-2877.jpg\" target=\"_blank\" rel=\"noopener\"><img decoding=\"async\" width=\"1024\" height=\"631\" loading=\"lazy\" alt=\"Screenshot\" title=\"Screenshot\" class=\"wp-image-2137353 placeholder-default wp-image\" src=\"https:\/\/www.europesays.com\/fr\/wp-content\/uploads\/2025\/12\/img-2877-1024x631.jpg\" \/><\/a>Le score de sommeil dans iOS 26. avec un bar\u00e8me un peu plus exigeant. \/\/ Source : Capture Numerama<\/p>\n<p>En vrac : des nouveaut\u00e9s pour les mots de passe et le retrait d\u2019une fonction en Europe<\/p>\n<p>D\u2019autres nouveaut\u00e9s plus secondaires sont au programme comme : <\/p>\n<ul class=\"wp-block-list\">\n<li><strong>Mots de passe :<\/strong> une nouvelle section permet de voir les sites web pour lesquels vous avez explicitement refus\u00e9 l\u2019enregistrement des identifiants (\u00ab Jamais pour ce site \u00bb).<\/li>\n<li><strong>Accessibilit\u00e9 :<\/strong> une option permet de faire flasher l\u2019\u00e9cran (et non plus seulement le flash au dos) lors de la r\u00e9ception d\u2019une notification.<\/li>\n<li><strong>Jeux :<\/strong> l\u2019application permet de trier les jeux par taille, pour optimiser le nettoyage. <\/li>\n<li><strong>Europe : <\/strong>la synchronisation des r\u00e9seaux Wi-Fi entre l\u2019iPhone et l\u2019Apple Watch est d\u00e9sactiv\u00e9e dans l\u2019UE. Si vous connectez votre iPhone \u00e0 un nouveau r\u00e9seau, votre montre ne s\u2019y connectera plus automatiquement ; il faudra saisir le mot de passe manuellement sur le petit \u00e9cran de la Watch.<\/li>\n<li><strong>Sur iPad<\/strong> : iPadOS 26.2 permet d\u2019attraper une ic\u00f4ne du dock et de la glisser dans un coin de l\u2019\u00e9cran pour ouvrir le mode Slide Over. <\/li>\n<li><strong>Au Japon :<\/strong> Apple, pour entrer en conformit\u00e9 avec la loi locale, permet d\u2019installer des magasins tiers au Japon, comme en Europe. La marque permet aussi de remplacer Siri par un autre assistant en appuyant sur le bouton lat\u00e9ral. Mais ce n\u2019est pas possible en France. <\/li>\n<\/ul>\n<p>    Pour aller plus loin<\/p>\n<p>                <img decoding=\"async\" width=\"87\" height=\"87\" loading=\"lazy\" alt=\"Pendant nos tests de l'Apple Watch Ultra 3, nous n'avons pas r\u00e9ussi \u00e0 capter la 5G chez Orange. Nous \u00e9tions toujours en 4G. \/\/ Source : Numerama\" title=\"Pendant nos tests de l'Apple Watch Ultra 3, nous n'avons pas r\u00e9ussi \u00e0 capter la 5G chez Orange. Nous \u00e9tions toujours en 4G. \/\/ Source : Numerama\" class=\"placeholder-default wp-image\" src=\"https:\/\/www.europesays.com\/fr\/wp-content\/uploads\/2025\/12\/orange-5g-watch-200x200.jpg\" \/>            <\/p>\n<p>Quand sera disponible iOS 26.2 sur iPhone ?<\/p>\n<p>Les ann\u00e9es pr\u00e9c\u00e9dentes, Apple avait publi\u00e9 ses mises \u00e0 jour X.2 entre le 11 et le 13 d\u00e9cembre. La RC 2 \u00e9tant sortie le 8 d\u00e9cembre, on peut imaginer qu\u2019une sortie aurour du 15 d\u00e9cembre est le plus probable, <\/p>\n<p>iOS 26.2 devrait \u00eatre la derni\u00e8re grosse mise \u00e0 jour de l\u2019iPhone en 2025. La mise \u00e0 jour 26.3 devrait rapidement suivre, avant un 26.4 beaucoup plus important au printemps. C\u2019est elle qui devrait apporter le nouveau Siri et, selon les rumeurs, <a href=\"https:\/\/www.numerama.com\/tech\/2111493-accord-apple-google-le-nouveau-siri-utiliserait-un-llm-avec-1-200-milliards-de-parametres.html\" data-type=\"post\" data-id=\"2111493\" target=\"_blank\" rel=\"noopener\">un accord in\u00e9dit entre Apple et Google pour la technologie Gemini.<\/a><\/p>\n<\/p>\n<p>            Ce contenu est bloqu\u00e9 car vous n\u2019avez pas accept\u00e9 les cookies et autres traceurs. Ce contenu est fourni par YouTube.<br \/>Pour pouvoir le visualiser, vous devez accepter l\u2019usage \u00e9tant op\u00e9r\u00e9 par YouTube avec vos donn\u00e9es qui pourront \u00eatre utilis\u00e9es pour les finalit\u00e9s suivantes : vous permettre de visualiser et de partager des contenus avec des m\u00e9dias sociaux, favoriser le d\u00e9veloppement et l\u2019am\u00e9lioration des produits d\u2019Humanoid et de ses partenaires, vous afficher des publicit\u00e9s personnalis\u00e9es par rapport \u00e0 votre profil et activit\u00e9, vous d\u00e9finir un profil publicitaire personnalis\u00e9, mesurer la performance des publicit\u00e9s et du contenu de ce site et mesurer l\u2019audience de ce site <a href=\"#\" class=\"js-privacy\" target=\"_blank\">(en savoir plus)<\/a>        <\/p>\n<p>            En cliquant sur \u00ab J\u2019accepte tout \u00bb, vous consentez aux finalit\u00e9s susmentionn\u00e9es pour l\u2019ensemble des cookies et autres traceurs d\u00e9pos\u00e9s par Humanoid et <a class=\"embed-consent-overlay-vendors-link\" href=\"#preferences-vendeurs\">ses partenaires<\/a>.        <\/p>\n<p>            Vous gardez la possibilit\u00e9 de retirer votre consentement \u00e0 tout moment. Pour plus d\u2019informations, nous vous invitons \u00e0 prendre connaissance de notre <a href=\"https:\/\/www.numerama.com\/politique-cookies\" target=\"_blank\" rel=\"noopener\">Politique cookies<\/a>.        <\/p>\n<p>        J\u2019accepte tout    <\/p>\n<p class=\"embed-consent-overlay-manage-choices\">        <a href=\"#preferences-publicitaires\">G\u00e9rer mes choix<\/a>    <\/p>\n<p>            <img decoding=\"async\" src=\"https:\/\/www.europesays.com\/fr\/wp-content\/uploads\/2025\/04\/iPhone-16-pro.png\" alt=\"Toute l'actu tech en un clien d'oeil\"\/><\/p>\n<p class=\"card-install-pwa__title\">Toute l&rsquo;actu tech en un clin d&rsquo;\u0153il<\/p>\n<p class=\"card-install-pwa__description\">Ajoutez Numerama \u00e0 votre \u00e9cran d&rsquo;accueil et restez connect\u00e9s au futur !<\/p>\n<p>            <img decoding=\"async\" src=\"https:\/\/www.numerama.com\/wp-content\/themes\/numerama-next\/assets\/images\/premium\/logo-card-pwa-coupe.svg\" alt=\"Logo PWA\"\/><\/p>\n<p>       Installer Numerama<\/p>\n","protected":false},"excerpt":{"rendered":"Trois mois apr\u00e8s iOS 26, la mise \u00e0 jour iOS 26.2 apporte quelques nouveaut\u00e9s aux iPhone, dont la&hellip;\n","protected":false},"author":2,"featured_media":587426,"comment_status":"","ping_status":"","sticky":false,"template":"","format":"standard","meta":{"footnotes":""},"categories":[7],"tags":[733,26054,12575,12578,12579,53617,1011,27,28923,43,40,41,39,42,44],"class_list":{"0":"post-587425","1":"post","2":"type-post","3":"status-publish","4":"format-standard","5":"has-post-thumbnail","7":"category-sciences-et-technologies","8":"tag-apple","9":"tag-apple-iphone","10":"tag-apple-iphone-17","11":"tag-apple-iphone-17-pro","12":"tag-apple-iphone-17-pro-max","13":"tag-apple-iphone-air","14":"tag-fr","15":"tag-france","16":"tag-ios-26","17":"tag-science","18":"tag-science-and-technology","19":"tag-sciences","20":"tag-sciences-et-technologies","21":"tag-technologies","22":"tag-technology"},"share_on_mastodon":{"url":"https:\/\/pubeurope.com\/@fr\/115686792032466493","error":""},"_links":{"self":[{"href":"https:\/\/www.europesays.com\/fr\/wp-json\/wp\/v2\/posts\/587425","targetHints":{"allow":["GET"]}}],"collection":[{"href":"https:\/\/www.europesays.com\/fr\/wp-json\/wp\/v2\/posts"}],"about":[{"href":"https:\/\/www.europesays.com\/fr\/wp-json\/wp\/v2\/types\/post"}],"author":[{"embeddable":true,"href":"https:\/\/www.europesays.com\/fr\/wp-json\/wp\/v2\/users\/2"}],"replies":[{"embeddable":true,"href":"https:\/\/www.europesays.com\/fr\/wp-json\/wp\/v2\/comments?post=587425"}],"version-history":[{"count":0,"href":"https:\/\/www.europesays.com\/fr\/wp-json\/wp\/v2\/posts\/587425\/revisions"}],"wp:featuredmedia":[{"embeddable":true,"href":"https:\/\/www.europesays.com\/fr\/wp-json\/wp\/v2\/media\/587426"}],"wp:attachment":[{"href":"https:\/\/www.europesays.com\/fr\/wp-json\/wp\/v2\/media?parent=587425"}],"wp:term":[{"taxonomy":"category","embeddable":true,"href":"https:\/\/www.europesays.com\/fr\/wp-json\/wp\/v2\/categories?post=587425"},{"taxonomy":"post_tag","embeddable":true,"href":"https:\/\/www.europesays.com\/fr\/wp-json\/wp\/v2\/tags?post=587425"}],"curies":[{"name":"wp","href":"https:\/\/api.w.org\/{rel}","templated":true}]}}