{"id":587429,"date":"2025-12-09T00:33:25","date_gmt":"2025-12-09T00:33:25","guid":{"rendered":"https:\/\/www.europesays.com\/fr\/587429\/"},"modified":"2025-12-09T00:33:25","modified_gmt":"2025-12-09T00:33:25","slug":"zelensky-refuse-de-lacher-du-territoire-a-la-russie-trump-sagace","status":"publish","type":"post","link":"https:\/\/www.europesays.com\/fr\/587429\/","title":{"rendered":"Zelensky refuse de l\u00e2cher du territoire \u00e0 la Russie, Trump s\u2019agace"},"content":{"rendered":"<p>Vous avez rat\u00e9 les derniers \u00e9v\u00e9nements sur la <a href=\"https:\/\/www.20minutes.fr\/monde\/ukraine\/\" class=\"c-link c-link--is-underlined\" target=\"_blank\" rel=\"noopener\">guerre en Ukraine<\/a>\u00a0? 20 Minutes fait le point pour vous tous les soirs. Voici l\u2019essentiel de ce lundi 8\u00a0d\u00e9cembre, au 1.383e jour du conflit.<\/p>\n<p>Le fait du jour<\/p>\n<p>A quoi joue <a href=\"https:\/\/www.20minutes.fr\/dossier\/donald_trump\" class=\"c-link c-link--is-underlined\" target=\"_blank\" rel=\"noopener\">Donald Trump<\/a> avec l\u2019Ukraine\u00a0? Ces derni\u00e8res heures, le pr\u00e9sident am\u00e9ricain a une nouvelle fois <a href=\"https:\/\/www.20minutes.fr\/monde\/ukraine\/4190168-20251208-guerre-ukraine-trump-frustre-attitude-zelensky-vis-vis-plan-paix-americain\" class=\"c-link c-link--is-underlined\" target=\"_blank\" rel=\"noopener\">adress\u00e9 une critique \u00e0 Volodymyr Zelensky<\/a>, lui reprochant de n\u2019avoir \u00ab\u00a0pas lu la proposition\u00a0\u00bb de paix sur l\u2019Ukraine d\u00e9voil\u00e9e il y a trois semaines par Washington et qui fait l\u2019objet de pourparlers s\u00e9par\u00e9s avec Moscou et Kiev.<\/p>\n<p>\u00ab\u00a0Nous avons donc parl\u00e9 au pr\u00e9sident (russe Vladimir) Poutine, nous avons parl\u00e9 aux dirigeants ukrainiens, et je dois dire que je suis un peu d\u00e9\u00e7u que le <a href=\"https:\/\/www.20minutes.fr\/monde\/volodymyr-zelensky\/\" class=\"c-link c-link--is-underlined\" target=\"_blank\" rel=\"noopener\">pr\u00e9sident Zelensky<\/a> n\u2019ait pas encore lu la proposition\u00a0\u00bb am\u00e9ricaine en vue d\u2019un r\u00e8glement en Ukraine, a d\u00e9plor\u00e9 le pr\u00e9sident am\u00e9ricain, interrog\u00e9 par des journalistes \u00e0 Washington. \u00ab\u00a0Cela convient \u00e0 la Russie, vous savez je pense que la Russie pr\u00e9f\u00e9rerait avoir tout le pays\u00a0\u00bb, mais \u00ab\u00a0je ne suis pas s\u00fbr que cela convienne \u00e0 Zelensky\u00a0\u00bb, a poursuivi Donald Trump.<\/p>\n<p>La question territoriale reste effectivement \u00ab\u00a0la plus probl\u00e9matique\u00a0\u00bb dans les n\u00e9gociations, Moscou r\u00e9clamant le retrait des forces de Kiev d\u2019une partie des zones sous leur contr\u00f4le, a indiqu\u00e9 lundi un haut responsable proche du dossier. Cette demande \u00ab\u00a0demeure et c\u2019est la question la plus probl\u00e9matique\u00a0\u00bb, a d\u00e9clar\u00e9 ce responsable inform\u00e9 des toutes derni\u00e8res discussions entre Ukrainiens et Am\u00e9ricains ce week-end, en pr\u00e9cisant que Vladimir \u00ab\u00a0Poutine ne veut pas conclure d\u2019accord sans\u00a0\u00bb que \u00ab\u00a0l\u2019Ukraine ne c\u00e8de des territoires\u00a0\u00bb dans le Donbass, r\u00e9gion de l\u2019est du pays.<\/p>\n<p>La Maison blanche pousse l\u2019Ukraine \u00e0 approuver \u00ab\u00a0plus vite\u00a0\u00bb un plan pour mettre fin \u00e0 la guerre, mais Kiev \u00ab\u00a0ne peut pas tout accepter sans examiner les d\u00e9tails\u00a0\u00bb, a ajout\u00e9 ce responsable.<\/p>\n<p>La tendance<\/p>\n<p>Volodymyr Zelensky a affirm\u00e9 ce lundi soir que Kiev n\u2019avait pas le droit \u00ab\u00a0l\u00e9gal\u00a0\u00bb ni \u00ab\u00a0moral\u00a0\u00bb de c\u00e9der \u00e0 la Russie des territoires ukrainiens, la question territoriale \u00e9tant un point central des n\u00e9gociations en cours sur un plan de paix sous m\u00e9diation am\u00e9ricaine.<\/p>\n<p>\u00ab\u00a0Envisageons-nous de c\u00e9der des territoires\u00a0? Nous n\u2019avons aucun droit l\u00e9gal de le faire, en vertu de la loi ukrainienne, de notre constitution, et du droit international. Et nous n\u2019avons aucun droit moral non plus\u00a0\u00bb, a d\u00e9clar\u00e9 le pr\u00e9sident ukrainien lors d\u2019une conf\u00e9rence de presse en ligne.<\/p>\n<\/p>\n<p>La d\u00e9claration du jour<\/p>\n<blockquote class=\"mx-m@xs mx-xxl@md color-ultramarine c-citation\">\n<p class=\"font-weight-regular@xs text-italic font-source-serif-pro text-l@xs c-citation__content\">\u00ab\u00a0Le principal probl\u00e8me c\u2019est la convergence entre nos positions communes, entre Europ\u00e9ens et Ukrainiens, et les Etats-Unis\u00a0\u00bb<\/p>\n<\/blockquote>\n<p>Les paroles concernent la difficult\u00e9 des n\u00e9gociations pour un plan de paix. Et sont sign\u00e9es Emmanuel Macron ce lundi. S\u2019exprimant \u00e0 l\u2019ouverture d\u2019une r\u00e9union \u00e0 Londres avec Volodymyr Zelensky et les dirigeants allemand et britannique, le pr\u00e9sident fran\u00e7ais a indiqu\u00e9 qu\u2019Europ\u00e9ens et Ukrainiens \u00ab\u00a0avaient beaucoup de cartes en main\u00a0\u00bb, entre l\u2019aide financi\u00e8re \u00e0 l\u2019Ukraine, la \u00ab\u00a0r\u00e9sistance\u00a0\u00bb de l\u2019arm\u00e9e ukrainienne aux forces russes, et l\u2019effet des sanctions europ\u00e9ennes et am\u00e9ricaines sur l\u2019\u00e9conomie russe.<\/p>\n<p>La r\u00e9union de ce lundi \u00e0 Londres a, en tout cas, permis \u00ab\u00a0de poursuivre le travail commun sur le plan am\u00e9ricain\u00a0\u00bb de paix sur l\u2019Ukraine, \u00ab\u00a0en vue de le compl\u00e9ter avec les contributions europ\u00e9ennes, en \u00e9troite coordination\u00a0\u00bb avec Kiev, a d\u00e9clar\u00e9 la pr\u00e9sidence fran\u00e7aise<\/p>\n<p>Le chiffre du jour<\/p>\n<p>4. C\u2019est le nombre de soldats russes condamn\u00e9s ce lundi \u00e0 des peines de prison pour le meurtre d\u2019un Am\u00e9ricain qui se battait aux c\u00f4t\u00e9s des forces prorusses depuis\u00a02014. Le tribunal militaire de Donetsk, une ville sous contr\u00f4le russe, a reconnu les quatre hommes coupables du meurtre de Russell Bentley, 64 ans, qu\u2019ils avaient pris pour un \u00ab\u00a0saboteur\u00a0\u00bb am\u00e9ricain et battu \u00e0 mort en avril\u00a02024. Ils avaient ensuite plac\u00e9 son corps \u00e0 l\u2019arri\u00e8re d\u2019une voiture qu\u2019ils avaient fait exploser.<\/p>\n<p>Communiste proclam\u00e9, Russell Bentley \u00e9tait une personnalit\u00e9 connue \u00e0 Donetsk, o\u00f9 il habitait, et sa disparition y avait suscit\u00e9 l\u2019indignation. Surnomm\u00e9 \u00ab\u00a0Texas\u00a0\u00bb ou \u00ab\u00a0Cowboy du Donbass\u00a0\u00bb, cet ancien arboriculteur avait rejoint en\u00a02014 les s\u00e9paratistes prorusses pilot\u00e9s par Moscou.<\/p>\n<p>Il est rare que la Russie poursuive et condamne des militaires russes pour des crimes et des d\u00e9lits commis pendant qu\u2019ils servent en Ukraine. Le pouvoir russe d\u00e9peint de mani\u00e8re g\u00e9n\u00e9rale ses soldats en \u00ab\u00a0h\u00e9ros\u00a0\u00bb.<\/p>\n","protected":false},"excerpt":{"rendered":"Vous avez rat\u00e9 les derniers \u00e9v\u00e9nements sur la guerre en Ukraine\u00a0? 20 Minutes fait le point pour vous&hellip;\n","protected":false},"author":2,"featured_media":587430,"comment_status":"","ping_status":"","sticky":false,"template":"","format":"standard","meta":{"footnotes":""},"categories":[5],"tags":[47,11,75,8998,29539,1073,1011,27,131,14,4534,74,1916,12,132,135,134,2744,28],"class_list":{"0":"post-587429","1":"post","2":"type-post","3":"status-publish","4":"format-standard","5":"has-post-thumbnail","7":"category-international","8":"tag-actualite","9":"tag-actualites","10":"tag-donald-trump","11":"tag-donbass","12":"tag-donetsk","13":"tag-emmanuel-macron","14":"tag-fr","15":"tag-france","16":"tag-guerre-en-ukraine","17":"tag-international","18":"tag-londres","19":"tag-monde","20":"tag-moscou","21":"tag-news","22":"tag-russie","23":"tag-vladimir-poutine","24":"tag-volodymyr-zelensky","25":"tag-washington","26":"tag-world"},"share_on_mastodon":{"url":"https:\/\/pubeurope.com\/@fr\/115686801708544277","error":""},"_links":{"self":[{"href":"https:\/\/www.europesays.com\/fr\/wp-json\/wp\/v2\/posts\/587429","targetHints":{"allow":["GET"]}}],"collection":[{"href":"https:\/\/www.europesays.com\/fr\/wp-json\/wp\/v2\/posts"}],"about":[{"href":"https:\/\/www.europesays.com\/fr\/wp-json\/wp\/v2\/types\/post"}],"author":[{"embeddable":true,"href":"https:\/\/www.europesays.com\/fr\/wp-json\/wp\/v2\/users\/2"}],"replies":[{"embeddable":true,"href":"https:\/\/www.europesays.com\/fr\/wp-json\/wp\/v2\/comments?post=587429"}],"version-history":[{"count":0,"href":"https:\/\/www.europesays.com\/fr\/wp-json\/wp\/v2\/posts\/587429\/revisions"}],"wp:featuredmedia":[{"embeddable":true,"href":"https:\/\/www.europesays.com\/fr\/wp-json\/wp\/v2\/media\/587430"}],"wp:attachment":[{"href":"https:\/\/www.europesays.com\/fr\/wp-json\/wp\/v2\/media?parent=587429"}],"wp:term":[{"taxonomy":"category","embeddable":true,"href":"https:\/\/www.europesays.com\/fr\/wp-json\/wp\/v2\/categories?post=587429"},{"taxonomy":"post_tag","embeddable":true,"href":"https:\/\/www.europesays.com\/fr\/wp-json\/wp\/v2\/tags?post=587429"}],"curies":[{"name":"wp","href":"https:\/\/api.w.org\/{rel}","templated":true}]}}