{"id":587431,"date":"2025-12-09T00:34:16","date_gmt":"2025-12-09T00:34:16","guid":{"rendered":"https:\/\/www.europesays.com\/fr\/587431\/"},"modified":"2025-12-09T00:34:16","modified_gmt":"2025-12-09T00:34:16","slug":"apres-des-propos-controverses-de-nathalie-saint-cricq-larcom-saisie-par-lfi-et-la-grande-mosquee-de-paris","status":"publish","type":"post","link":"https:\/\/www.europesays.com\/fr\/587431\/","title":{"rendered":"Apr\u00e8s des propos controvers\u00e9s de Nathalie Saint-Cricq, l\u2019Arcom saisie par LFI et la Grande mosqu\u00e9e de Paris"},"content":{"rendered":"<p>        <img decoding=\"async\" loading=\"lazy\" src=\"https:\/\/www.europesays.com\/fr\/wp-content\/uploads\/2025\/12\/e581382_upload-1-668wcowvpik7-capture-d-ecran-2025-12-08-224516.png\"  width=\"728\" height=\"409\" alt=\"La France insoumise a annonc\u00e9 ce lundi 8\u00a0d\u00e9cembre au soir saisir l\u2019autorit\u00e9 de r\u00e9gulation de l\u2019audiovisuel apr\u00e8s des propos de Nathalie Saint-Cricq. (Photo d\u2019illustration, 6\u00a0octobre\u00a02025)\"\/>  <\/p>\n<p>capture d\u2019\u00e9cran franceinfo<\/p>\n<p>La France insoumise a annonc\u00e9 ce lundi 8\u00a0d\u00e9cembre au soir saisir l\u2019autorit\u00e9 de r\u00e9gulation de l\u2019audiovisuel apr\u00e8s des propos de Nathalie Saint-Cricq. (Photo d\u2019illustration, 6\u00a0octobre\u00a02025)<\/p>\n<p class=\"asset asset-text\">La controverse prend de l\u2019ampleur et d\u00e9passe les critiques sur les r\u00e9seaux sociaux. La France insoumise a annonc\u00e9 ce lundi 8\u00a0d\u00e9cembre au soir saisir l\u2019autorit\u00e9 de r\u00e9gulation de l\u2019audiovisuel (<a href=\"https:\/\/www.huffingtonpost.fr\/medias\/article\/avant-le-complement-d-enquete-l-arcom-donne-raison-a-cnews-sur-ce-point_257622.html\" target=\"_blank\" rel=\"noopener\" title=\"Nouvelle fen\u00eatre\">Arcom<\/a>) apr\u00e8s des d\u00e9clarations de l\u2019\u00e9ditorialiste politique<a href=\"https:\/\/www.huffingtonpost.fr\/politique\/article\/nathalie-saint-cricq-visee-dans-une-campagne-lfi-france-televisions-saisit-la-justice_230555.html\" target=\"_blank\" rel=\"noopener\" title=\"Nouvelle fen\u00eatre\"> Nathalie Saint-Cricq<\/a>, faisant un rapprochement entre l\u2019<a href=\"https:\/\/www.huffingtonpost.fr\/france\/article\/deux-adolescents-mis-en-examen-a-paris-pour-un-projet-d-attaque-antisemite_257741.html\" target=\"_blank\" rel=\"noopener\" title=\"Nouvelle fen\u00eatre\">antis\u00e9mitisme<\/a> et \u00ab\u00a0la qu\u00eate du vote musulman\u00a0\u00bb. Le recteur de la Grande Mosqu\u00e9e de Paris avait d\u00e9cid\u00e9 dimanche  <a href=\"https:\/\/www.leparisien.fr\/paris-75\/extremement-grave-le-recteur-de-la-grande-mosquee-de-paris-saisi-larcom-apres-des-propos-polemiques-de-nathalie-saint-cricq-08-12-2025-7RXBHRO4GRB55J6XWYPP3IRKK4.php\" target=\"_blank\" rel=\"noopener\" title=\"Nouvelle fen\u00eatre\">d\u2019enclencher la m\u00eame action<\/a>.<\/p>\n<p class=\"asset asset-text\">Sur franceinfo, le 3\u00a0d\u00e9cembre, Nathalie Saint-Cricq interrogeait Alexis Corbi\u00e8re sur les accusations d\u2019antis\u00e9mitisme qui visent r\u00e9guli\u00e8rement La France insoumise.<\/p>\n<p class=\"asset asset-text\">Le d\u00e9put\u00e9 de Seine-Saint-Denis, qui a claqu\u00e9 la porte de LFI l\u2019an dernier, a r\u00e9pondu que \u00ab\u00a0l\u2019antis\u00e9mitisme est une chose s\u00e9rieuse. Il existe dans le pays\u00a0\u00bb. Nathalie Saint-Cricq a encha\u00een\u00e9\u00a0: \u00ab\u00a0la qu\u00eate du vote musulman aussi\u00a0\u00bb.<\/p>\n<p>    \u00ab\u00a0Extr\u00eamement grave\u00a0\u00bb pour le recteur de la Grande mosqu\u00e9e de Paris    <\/p>\n<p class=\"asset asset-text\">Alexis Corbi\u00e8re a alors demand\u00e9 \u00e0 la journaliste si elle pensait que certains \u00e9lus tenaient des propos antis\u00e9mites dans le but de s\u00e9duire l\u2019\u00e9lectorat musulman. \u00ab\u00a0Ah oui\u00a0\u00bb, a-t-elle r\u00e9pondu, avant de pr\u00e9ciser qu\u2019elle ne ciblait pas les musulmans mais \u00ab\u00a0ceux qui croient (&#8230;) qu\u2019en leur disant des propos antis\u00e9mites on va pouvoir les rallier. Ce n\u2019est pas du tout pareil\u00a0\u00bb.<\/p>\n<p class=\"asset asset-text\">\u00ab\u00a0De tels propos constituent une essentialisation profond\u00e9ment probl\u00e9matique, assimilant des millions de citoyens fran\u00e7ais \u00e0 un groupe dont les choix \u00e9lectoraux seraient d\u00e9termin\u00e9s par une complaisance suppos\u00e9e envers l\u2019antis\u00e9mitisme\u00a0\u00bb, \u00e9crit LFI dans son courrier de saisine de l\u2019Arcom, consult\u00e9 par l\u2019AFP. \u00ab\u00a0Un tel amalgame est infond\u00e9, dangereux et incompatible avec les valeurs r\u00e9publicaines comme avec les obligations du service public audiovisuel\u00a0\u00bb, est-il ajout\u00e9.<\/p>\n<p class=\"asset asset-text\">Dimanche soir sur X, Chems-eddine Hafiz, le recteur de la Grande mosqu\u00e9e de Paris, avait aussi annonc\u00e9 son intention de saisir l\u2019Arcom, d\u00e9non\u00e7ant des d\u00e9clarations \u00ab\u00a0extr\u00eamement graves\u00a0\u00bb.<\/p>\n","protected":false},"excerpt":{"rendered":"capture d\u2019\u00e9cran franceinfo La France insoumise a annonc\u00e9 ce lundi 8\u00a0d\u00e9cembre au soir saisir l\u2019autorit\u00e9 de r\u00e9gulation de&hellip;\n","protected":false},"author":2,"featured_media":587432,"comment_status":"","ping_status":"","sticky":false,"template":"","format":"standard","meta":{"footnotes":""},"categories":[4],"tags":[11,6155,4690,1011,27,10318,1023,500,12,25],"class_list":{"0":"post-587431","1":"post","2":"type-post","3":"status-publish","4":"format-standard","5":"has-post-thumbnail","7":"category-france","8":"tag-actualites","9":"tag-antisemitisme","10":"tag-arcom","11":"tag-fr","12":"tag-france","13":"tag-france-info","14":"tag-la-france-insoumise-lfi","15":"tag-medias","16":"tag-news","17":"tag-republique-francaise"},"share_on_mastodon":{"url":"https:\/\/pubeurope.com\/@fr\/115686806471625419","error":""},"_links":{"self":[{"href":"https:\/\/www.europesays.com\/fr\/wp-json\/wp\/v2\/posts\/587431","targetHints":{"allow":["GET"]}}],"collection":[{"href":"https:\/\/www.europesays.com\/fr\/wp-json\/wp\/v2\/posts"}],"about":[{"href":"https:\/\/www.europesays.com\/fr\/wp-json\/wp\/v2\/types\/post"}],"author":[{"embeddable":true,"href":"https:\/\/www.europesays.com\/fr\/wp-json\/wp\/v2\/users\/2"}],"replies":[{"embeddable":true,"href":"https:\/\/www.europesays.com\/fr\/wp-json\/wp\/v2\/comments?post=587431"}],"version-history":[{"count":0,"href":"https:\/\/www.europesays.com\/fr\/wp-json\/wp\/v2\/posts\/587431\/revisions"}],"wp:featuredmedia":[{"embeddable":true,"href":"https:\/\/www.europesays.com\/fr\/wp-json\/wp\/v2\/media\/587432"}],"wp:attachment":[{"href":"https:\/\/www.europesays.com\/fr\/wp-json\/wp\/v2\/media?parent=587431"}],"wp:term":[{"taxonomy":"category","embeddable":true,"href":"https:\/\/www.europesays.com\/fr\/wp-json\/wp\/v2\/categories?post=587431"},{"taxonomy":"post_tag","embeddable":true,"href":"https:\/\/www.europesays.com\/fr\/wp-json\/wp\/v2\/tags?post=587431"}],"curies":[{"name":"wp","href":"https:\/\/api.w.org\/{rel}","templated":true}]}}