{"id":587444,"date":"2025-12-09T00:45:15","date_gmt":"2025-12-09T00:45:15","guid":{"rendered":"https:\/\/www.europesays.com\/fr\/587444\/"},"modified":"2025-12-09T00:45:15","modified_gmt":"2025-12-09T00:45:15","slug":"previsions-du-mardi-9-decembre-2025","status":"publish","type":"post","link":"https:\/\/www.europesays.com\/fr\/587444\/","title":{"rendered":"pr\u00e9visions du mardi 9 d\u00e9cembre 2025"},"content":{"rendered":"<p>\u00c0 Montpellier, la journ\u00e9e va rester voil\u00e9e \u00e0 cause de nuages qui persistent dans le ciel. Le temps sera ponctu\u00e9 par des pluies \u00e9parses. Les temp\u00e9ratures seront comprises entre 10 et 14\u00b0C. Les maximales iront jusqu&rsquo;\u00e0 13\u00b0C dans la matin\u00e9e alors que les minimales seront de 11\u00b0C. Un petit vent de nord-est soufflera. L&rsquo;apr\u00e8s-midi, des nuages ne voudront pas c\u00e9der leur place au soleil. Les valeurs afficheront entre 13 et 14\u00b0C. Un vent de sud-est, enregistrant 23 km\/h, soufflera. La grisaille ne se disperse toujours pas, il va y avoir encore des nuages le soir. Des pluies \u00e9parses vont tomber sur la ville. Un ciel pluvieux est pr\u00e9vu dans la nuit entre mardi et mercredi.<\/p>\n<p>Demain, Montpellier devra encore attendre avant que les nuages ne se dissipent. Il faudra pr\u00e9voir son parapluie pour \u00e9viter les pluies \u00e9parses. L&rsquo;air ambiant va se r\u00e9chauffer avec une augmentation de quelques degr\u00e9s. Il va faire en moyenne 13\u00b0C. Une modeste brise de nord-est sera ressentie par les habitants. Il fera 12\u00b0C en moyenne le matin. Les temp\u00e9ratures s&rsquo;\u00e9chelonneront de 13 \u00e0 14\u00b0C sur l&rsquo;ensemble de l&rsquo;apr\u00e8s-midi. Les nuages en pr\u00e9vision demain soir, et un ciel encore gris. Du mauvais temps est \u00e0 pr\u00e9voir. Des pluies \u00e9parses vont tomber. Les valeurs seront de 12\u00b0C au minimum et de 13\u00b0C au plus haut.<\/p>\n<p>Des changements sont annonc\u00e9s les jours suivants. Jeudi, la m\u00e9t\u00e9o sera ensoleill\u00e9e tandis qu&rsquo;une d\u00e9gradation est attendue vendredi.<\/p>\n<p><\/p>\n","protected":false},"excerpt":{"rendered":"\u00c0 Montpellier, la journ\u00e9e va rester voil\u00e9e \u00e0 cause de nuages qui persistent dans le ciel. Le temps&hellip;\n","protected":false},"author":2,"featured_media":587445,"comment_status":"","ping_status":"","sticky":false,"template":"","format":"standard","meta":{"footnotes":""},"categories":[9599],"tags":[1111,11,1777,674,1011,27,2208,12,2680,2119,25],"class_list":{"0":"post-587444","1":"post","2":"type-post","3":"status-publish","4":"format-standard","5":"has-post-thumbnail","7":"category-montpellier","8":"tag-actu","9":"tag-actualites","10":"tag-eu","11":"tag-europe","12":"tag-fr","13":"tag-france","14":"tag-montpellier","15":"tag-news","16":"tag-occitanie","17":"tag-previsions-meteo","18":"tag-republique-francaise"},"share_on_mastodon":{"url":"https:\/\/pubeurope.com\/@fr\/115686848805709513","error":""},"_links":{"self":[{"href":"https:\/\/www.europesays.com\/fr\/wp-json\/wp\/v2\/posts\/587444","targetHints":{"allow":["GET"]}}],"collection":[{"href":"https:\/\/www.europesays.com\/fr\/wp-json\/wp\/v2\/posts"}],"about":[{"href":"https:\/\/www.europesays.com\/fr\/wp-json\/wp\/v2\/types\/post"}],"author":[{"embeddable":true,"href":"https:\/\/www.europesays.com\/fr\/wp-json\/wp\/v2\/users\/2"}],"replies":[{"embeddable":true,"href":"https:\/\/www.europesays.com\/fr\/wp-json\/wp\/v2\/comments?post=587444"}],"version-history":[{"count":0,"href":"https:\/\/www.europesays.com\/fr\/wp-json\/wp\/v2\/posts\/587444\/revisions"}],"wp:featuredmedia":[{"embeddable":true,"href":"https:\/\/www.europesays.com\/fr\/wp-json\/wp\/v2\/media\/587445"}],"wp:attachment":[{"href":"https:\/\/www.europesays.com\/fr\/wp-json\/wp\/v2\/media?parent=587444"}],"wp:term":[{"taxonomy":"category","embeddable":true,"href":"https:\/\/www.europesays.com\/fr\/wp-json\/wp\/v2\/categories?post=587444"},{"taxonomy":"post_tag","embeddable":true,"href":"https:\/\/www.europesays.com\/fr\/wp-json\/wp\/v2\/tags?post=587444"}],"curies":[{"name":"wp","href":"https:\/\/api.w.org\/{rel}","templated":true}]}}