{"id":587463,"date":"2025-12-09T01:00:14","date_gmt":"2025-12-09T01:00:14","guid":{"rendered":"https:\/\/www.europesays.com\/fr\/587463\/"},"modified":"2025-12-09T01:00:14","modified_gmt":"2025-12-09T01:00:14","slug":"previsions-du-mardi-9-decembre-2025-5","status":"publish","type":"post","link":"https:\/\/www.europesays.com\/fr\/587463\/","title":{"rendered":"pr\u00e9visions du mardi 9 d\u00e9cembre 2025"},"content":{"rendered":"<p>On observera la pr\u00e9sence persistante de petits nuages aujourd&rsquo;hui \u00e0 Nantes. Le mercure affichera 13\u00b0C en moyenne. Un vent de sud, enregistrant 28 km\/h, soufflera. Le soleil peinera \u00e0 percer au milieu de petits nuages qui persisteront dans la matin\u00e9e. Les valeurs iront de 12 \u00e0 13\u00b0C. De l\u00e9gers nuages \u00e0 pr\u00e9voir l&rsquo;apr\u00e8s-midi, et un ciel encore gris. Les temp\u00e9ratures afficheront entre 13 et 14\u00b0C. La soir\u00e9e va rester couverte \u00e0 cause de l\u00e9gers nuages qui se maintiennent dans le ciel. Les valeurs seront de 14\u00b0C. Entre mardi et mercredi, la nuit sera claire.<\/p>\n<p>Demain, le mercure va baisser de quelques degr\u00e9s \u00e0 Nantes. Il fera environ 12\u00b0C. Une modeste brise de sud-ouest sera ressentie par les habitants. Le matin, l&rsquo;arriv\u00e9e du soleil sera retard\u00e9e par quelques nuages. Les nuages seront peu \u00e0 peu visibles. Il va faire 11\u00b0C en moyenne. Cet apr\u00e8s-midi rimera avec grand soleil. Les maximales pourront atteindre 14\u00b0C tandis que les minimales seront de 10\u00b0C. La ville aura quelques \u00e9claircies demain soir.<\/p>\n<p>Le temps des journ\u00e9es suivantes va changer peu \u00e0 peu. Apr\u00e8s un temps stable jeudi, la situation changera vendredi.<\/p>\n<p><\/p>\n","protected":false},"excerpt":{"rendered":"On observera la pr\u00e9sence persistante de petits nuages aujourd&rsquo;hui \u00e0 Nantes. Le mercure affichera 13\u00b0C en moyenne. Un&hellip;\n","protected":false},"author":2,"featured_media":587464,"comment_status":"","ping_status":"","sticky":false,"template":"","format":"standard","meta":{"footnotes":""},"categories":[2818],"tags":[1111,11,1777,674,1011,27,766,12,2636,2119,25],"class_list":{"0":"post-587463","1":"post","2":"type-post","3":"status-publish","4":"format-standard","5":"has-post-thumbnail","7":"category-nantes","8":"tag-actu","9":"tag-actualites","10":"tag-eu","11":"tag-europe","12":"tag-fr","13":"tag-france","14":"tag-nantes","15":"tag-news","16":"tag-pays-de-la-loire","17":"tag-previsions-meteo","18":"tag-republique-francaise"},"share_on_mastodon":{"url":"https:\/\/pubeurope.com\/@fr\/115686907793987064","error":""},"_links":{"self":[{"href":"https:\/\/www.europesays.com\/fr\/wp-json\/wp\/v2\/posts\/587463","targetHints":{"allow":["GET"]}}],"collection":[{"href":"https:\/\/www.europesays.com\/fr\/wp-json\/wp\/v2\/posts"}],"about":[{"href":"https:\/\/www.europesays.com\/fr\/wp-json\/wp\/v2\/types\/post"}],"author":[{"embeddable":true,"href":"https:\/\/www.europesays.com\/fr\/wp-json\/wp\/v2\/users\/2"}],"replies":[{"embeddable":true,"href":"https:\/\/www.europesays.com\/fr\/wp-json\/wp\/v2\/comments?post=587463"}],"version-history":[{"count":0,"href":"https:\/\/www.europesays.com\/fr\/wp-json\/wp\/v2\/posts\/587463\/revisions"}],"wp:featuredmedia":[{"embeddable":true,"href":"https:\/\/www.europesays.com\/fr\/wp-json\/wp\/v2\/media\/587464"}],"wp:attachment":[{"href":"https:\/\/www.europesays.com\/fr\/wp-json\/wp\/v2\/media?parent=587463"}],"wp:term":[{"taxonomy":"category","embeddable":true,"href":"https:\/\/www.europesays.com\/fr\/wp-json\/wp\/v2\/categories?post=587463"},{"taxonomy":"post_tag","embeddable":true,"href":"https:\/\/www.europesays.com\/fr\/wp-json\/wp\/v2\/tags?post=587463"}],"curies":[{"name":"wp","href":"https:\/\/api.w.org\/{rel}","templated":true}]}}