{"id":587469,"date":"2025-12-09T01:04:13","date_gmt":"2025-12-09T01:04:13","guid":{"rendered":"https:\/\/www.europesays.com\/fr\/587469\/"},"modified":"2025-12-09T01:04:13","modified_gmt":"2025-12-09T01:04:13","slug":"voici-lenseigne-qui-va-remplacer-la-celebre-brasserie-des-americains","status":"publish","type":"post","link":"https:\/\/www.europesays.com\/fr\/587469\/","title":{"rendered":"voici l&rsquo;enseigne qui va remplacer la c\u00e9l\u00e8bre brasserie des Am\u00e9ricains"},"content":{"rendered":"<p>                    Par<br \/>\n        <strong><br \/>\n            <a href=\"https:\/\/actu.fr\/auteur\/lea-afonso\" title=\"Consulter tous les articles de L\u00e9a Afonso\" target=\"_blank\" rel=\"noopener\">L\u00e9a Afonso<\/a><br \/>\n                    <\/strong><\/p>\n<p>        Publi\u00e9 le<\/p>\n<p>            8 d\u00e9c. 2025 \u00e0 17h54        <\/p>\n<p><a href=\"https:\/\/actu.fr\/occitanie\/toulouse_31555\/cette-brasserie-historique-de-toulouse-a-ferme-placee-en-liquidation-elle-avait-vu-le-jour-au-xixe-siecle_62421998.html\" target=\"_blank\" rel=\"noopener\">Ferm\u00e9e depuis le 26\u00a0mars 2025, la c\u00e9l\u00e8bre brasserie des Am\u00e9ricains<\/a>, situ\u00e9e en plein c\u0153ur de <a href=\"https:\/\/actu.fr\/toulouse\/\" target=\"_blank\" rel=\"noopener\">Toulouse<\/a>, s\u2019appr\u00eate \u00e0 \u00eatre remplac\u00e9e par une nouvelle enseigne. <strong>D\u00e8s le mardi 9\u00a0d\u00e9cembre 2025,<\/strong> un commerce d\u00e9j\u00e0 connu des Toulousains va prendre possession du lieu.<\/p>\n<p>Fujia Market ouvre une troisi\u00e8me adresse<\/p>\n<p class=\" wall-content\">C\u2019est en effet<strong> Fujia Market,<\/strong> \u00e9picerie asiatique d\u00e9j\u00e0 implant\u00e9e place Saint-Sernin et dans le quartier Saint-Cyprien, qui s\u2019installera dans ce local tr\u00e8s passant<strong>, au pied de la Fnac.<\/strong> Une p\u00e9riode strat\u00e9gique, \u00e0 l\u2019approche des f\u00eates de fin d\u2019ann\u00e9e, o\u00f9 la fr\u00e9quentation du centre-ville grimpe en fl\u00e8che.<\/p>\n<p class=\" wall-content\">\u00ab\u2009Ce sera une \u00e9picerie asiatique avec des <strong>produits \u00e0 acheter<\/strong>, mais aussi un espace<strong> salon de bubble tea<\/strong>. La consommation sera possible sur place ou \u00e0 emporter\u2009\u00bb, pr\u00e9cise Mme Xu, la g\u00e9rante.<\/p>\n<p>    <img   decoding=\"async\" loading=\"lazy\" src=\"https:\/\/www.europesays.com\/fr\/wp-content\/uploads\/2025\/12\/fujia-market-1-960x640.jpeg\" alt=\"Si l'enseigne n'ouvre que le 9 d\u00e9cembre, d\u00e9j\u00e0, les \u00e9tals sont remplis de nouilles et autres condiments. \" width=\"960\" height=\"640\"\/><br \/>\n    Si l\u2019enseigne n\u2019ouvre que le 9\u00a0d\u00e9cembre, d\u00e9j\u00e0, les \u00e9tals sont remplis de nouilles et autres condiments asiatiques. (\u00a9L\u00e9a Afonso \/ Actu Toulouse)Un bail d\u2019un an seulement<\/p>\n<p class=\" wall-content\">Cette installation ne sera toutefois que temporaire. Fujia Market n\u2019occupera les lieux que <strong>pour un an, conform\u00e9ment au bail sign\u00e9<\/strong>. \u00ab\u2009Notre bail est court, sur un an et il ne sera pas renouvel\u00e9. C\u2019est une d\u00e9cision du propri\u00e9taire\u2009\u00bb, explique Mme Xu.<\/p>\n<p>Vid\u00e9os : en ce moment sur Actu<\/p>\n<p class=\" wall-content\">Rappelons que le local jouxte la Fnac Wilson, <a href=\"https:\/\/actu.fr\/occitanie\/toulouse_31555\/toulouse-la-fnac-investit-un-site-historique-du-centre-ville-comment-s-organise-son-grand-demenagement_62886608.html\" target=\"_blank\" rel=\"noopener\">qui doit prochainement d\u00e9m\u00e9nager dans l\u2019immeuble des Vari\u00e9t\u00e9s<\/a>, situ\u00e9 juste en face et actuellement en construction.<\/p>\n<p>    <img   decoding=\"async\" loading=\"lazy\" src=\"https:\/\/www.europesays.com\/fr\/wp-content\/uploads\/2025\/12\/fujia-market-3-960x640.jpeg\" alt=\"Il s'agit de la troisi\u00e8me ouverture de l'enseigne \u00e0 Toulouse. \" width=\"960\" height=\"640\"\/><br \/>\n    Il s\u2019agit de la troisi\u00e8me ouverture de l\u2019enseigne \u00e0 Toulouse. (\u00a9L\u00e9a Afonso \/ Actu Toulouse)<\/p>\n<p>Votre r\u00e9gion, votre actu !<\/p>\n<p>Recevez chaque jour les infos qui comptent pour vous.<\/p>\n<p>\t<a href=\"https:\/\/actu.fr\/newsletter\" class=\"ac-btn ac-btn--corner ac-btn--medium ac-btn--blue800\" target=\"_blank\" rel=\"noopener\">S&rsquo;incrire<\/a><br \/>\nUn test pour toucher une nouvelle client\u00e8le<\/p>\n<p class=\" wall-content\">Pour la g\u00e9rante, cette nouvelle adresse est avant tout \u00ab\u2009un essai\u2009\u00bb. \u00ab\u2009On ne conna\u00eet pas encore la client\u00e8le de ce secteur. On ne sait pas s\u2019il y aura du monde ou pas\u2009\u00bb, confie-t-elle.<\/p>\n<p class=\" wall-content\">Les Toulousains pourront d\u00e9couvrir ce troisi\u00e8me Fujia Market <strong>\u00e0 partir du 9\u00a0d\u00e9cembre 2025.<\/strong><\/p>\n<p>Fujia Market<br \/>81 boulevard Carnot<br \/>Ouverture le mardi 9\u00a0d\u00e9cembre, du lundi au dimanche de 8h \u00e0 20h<\/p>\n<p class=\" wall-content\">Personnalisez votre actualit\u00e9 en ajoutant vos villes et m\u00e9dias en favori avec <a href=\"https:\/\/moncompte.actu.fr\" title=\"D\u00e9couvez Mon Actu\" rel=\"nofollow noopener\" data-trk=\"{&quot;cta&quot;:{&quot;action&quot;:&quot;https:\\\/\\\/moncompte.actu.fr&quot;,&quot;category&quot;:&quot;mon compte&quot;,&quot;from&quot;:&quot;article footer&quot;,&quot;name&quot;:&quot;Mon actu&quot;,&quot;type&quot;:&quot;cta&quot;}}\" target=\"_blank\">Mon Actu<\/a>.<\/p>\n","protected":false},"excerpt":{"rendered":"Par L\u00e9a Afonso Publi\u00e9 le 8 d\u00e9c. 2025 \u00e0 17h54 Ferm\u00e9e depuis le 26\u00a0mars 2025, la c\u00e9l\u00e8bre brasserie&hellip;\n","protected":false},"author":2,"featured_media":587470,"comment_status":"","ping_status":"","sticky":false,"template":"","format":"standard","meta":{"footnotes":""},"categories":[2816],"tags":[1111,11,215,1777,674,1011,27,1305,12,2849,2680,25,2850,2312],"class_list":{"0":"post-587469","1":"post","2":"type-post","3":"status-publish","4":"format-standard","5":"has-post-thumbnail","7":"category-toulouse","8":"tag-actu","9":"tag-actualites","10":"tag-commerce","11":"tag-eu","12":"tag-europe","13":"tag-fr","14":"tag-france","15":"tag-lifestyle","16":"tag-news","17":"tag-nouveaux-commerces-a-toulouse","18":"tag-occitanie","19":"tag-republique-francaise","20":"tag-restaurants-de-toulouse","21":"tag-toulouse"},"share_on_mastodon":{"url":"https:\/\/pubeurope.com\/@fr\/115686924188146766","error":""},"_links":{"self":[{"href":"https:\/\/www.europesays.com\/fr\/wp-json\/wp\/v2\/posts\/587469","targetHints":{"allow":["GET"]}}],"collection":[{"href":"https:\/\/www.europesays.com\/fr\/wp-json\/wp\/v2\/posts"}],"about":[{"href":"https:\/\/www.europesays.com\/fr\/wp-json\/wp\/v2\/types\/post"}],"author":[{"embeddable":true,"href":"https:\/\/www.europesays.com\/fr\/wp-json\/wp\/v2\/users\/2"}],"replies":[{"embeddable":true,"href":"https:\/\/www.europesays.com\/fr\/wp-json\/wp\/v2\/comments?post=587469"}],"version-history":[{"count":0,"href":"https:\/\/www.europesays.com\/fr\/wp-json\/wp\/v2\/posts\/587469\/revisions"}],"wp:featuredmedia":[{"embeddable":true,"href":"https:\/\/www.europesays.com\/fr\/wp-json\/wp\/v2\/media\/587470"}],"wp:attachment":[{"href":"https:\/\/www.europesays.com\/fr\/wp-json\/wp\/v2\/media?parent=587469"}],"wp:term":[{"taxonomy":"category","embeddable":true,"href":"https:\/\/www.europesays.com\/fr\/wp-json\/wp\/v2\/categories?post=587469"},{"taxonomy":"post_tag","embeddable":true,"href":"https:\/\/www.europesays.com\/fr\/wp-json\/wp\/v2\/tags?post=587469"}],"curies":[{"name":"wp","href":"https:\/\/api.w.org\/{rel}","templated":true}]}}