{"id":587471,"date":"2025-12-09T01:05:14","date_gmt":"2025-12-09T01:05:14","guid":{"rendered":"https:\/\/www.europesays.com\/fr\/587471\/"},"modified":"2025-12-09T01:05:14","modified_gmt":"2025-12-09T01:05:14","slug":"previsions-du-mardi-9-decembre-2025-6","status":"publish","type":"post","link":"https:\/\/www.europesays.com\/fr\/587471\/","title":{"rendered":"pr\u00e9visions du mardi 9 d\u00e9cembre 2025"},"content":{"rendered":"<p>\u00c0 Toulouse, les maximales atteindront les 16\u00b0C dans la journ\u00e9e alors que les minimales seront de 10\u00b0C. Un vent de sud-est soufflera \u00e0 22 km\/h. On pr\u00e9voit des \u00e9claircies pour cette matin\u00e9e. Les temp\u00e9ratures s&rsquo;\u00e9chelonneront entre 10 et 15\u00b0C. Cet apr\u00e8s-midi rimera avec grand soleil. Les valeurs seront comprises entre 13 et 16\u00b0C. La ville aura quelques \u00e9claircies le soir. Il va faire 12\u00b0C en moyenne. Un ciel clair est \u00e0 pr\u00e9voir dans la nuit entre mardi et mercredi.<\/p>\n<p>Les nuages seront visibles demain \u00e0 Toulouse. Les temp\u00e9ratures vont baisser de quelques degr\u00e9s. Le thermom\u00e8tre affichera 12\u00b0C en moyenne. D&rsquo;un autre c\u00f4t\u00e9, petits et grands pourront appr\u00e9cier leur matin\u00e9e sous un ciel un peu nuageux. Les temp\u00e9ratures afficheront entre 9 et 14\u00b0C. Un vent d&rsquo;est soufflera l\u00e9g\u00e8rement. Le temps va progressivement se couvrir au cours de l&rsquo;apr\u00e8s-midi du fait de l&rsquo;arriv\u00e9e de nuages. Des pluies \u00e9parses tomberont. Les valeurs s&rsquo;\u00e9chelonneront de 12 \u00e0 14\u00b0C. Encore de la grisaille demain soir. De petits nuages vont s&rsquo;attarder. Les temp\u00e9ratures seront de 11\u00b0C au minimum et de 12\u00b0C au plus haut. Un vent de sud-ouest soufflera l\u00e9g\u00e8rement, avec 3 km\/h.<\/p>\n<p>Le temps va s&rsquo;am\u00e9liorer dans les journ\u00e9es qui suivent. Le temps sera ensoleill\u00e9 avec des temp\u00e9ratures avoisinant 12\u00b0C.<\/p>\n<p><\/p>\n","protected":false},"excerpt":{"rendered":"\u00c0 Toulouse, les maximales atteindront les 16\u00b0C dans la journ\u00e9e alors que les minimales seront de 10\u00b0C. Un&hellip;\n","protected":false},"author":2,"featured_media":587472,"comment_status":"","ping_status":"","sticky":false,"template":"","format":"standard","meta":{"footnotes":""},"categories":[2816],"tags":[1111,11,1777,674,1011,27,12,2680,2119,25,2312],"class_list":{"0":"post-587471","1":"post","2":"type-post","3":"status-publish","4":"format-standard","5":"has-post-thumbnail","7":"category-toulouse","8":"tag-actu","9":"tag-actualites","10":"tag-eu","11":"tag-europe","12":"tag-fr","13":"tag-france","14":"tag-news","15":"tag-occitanie","16":"tag-previsions-meteo","17":"tag-republique-francaise","18":"tag-toulouse"},"share_on_mastodon":{"url":"https:\/\/pubeurope.com\/@fr\/115686927597861472","error":""},"_links":{"self":[{"href":"https:\/\/www.europesays.com\/fr\/wp-json\/wp\/v2\/posts\/587471","targetHints":{"allow":["GET"]}}],"collection":[{"href":"https:\/\/www.europesays.com\/fr\/wp-json\/wp\/v2\/posts"}],"about":[{"href":"https:\/\/www.europesays.com\/fr\/wp-json\/wp\/v2\/types\/post"}],"author":[{"embeddable":true,"href":"https:\/\/www.europesays.com\/fr\/wp-json\/wp\/v2\/users\/2"}],"replies":[{"embeddable":true,"href":"https:\/\/www.europesays.com\/fr\/wp-json\/wp\/v2\/comments?post=587471"}],"version-history":[{"count":0,"href":"https:\/\/www.europesays.com\/fr\/wp-json\/wp\/v2\/posts\/587471\/revisions"}],"wp:featuredmedia":[{"embeddable":true,"href":"https:\/\/www.europesays.com\/fr\/wp-json\/wp\/v2\/media\/587472"}],"wp:attachment":[{"href":"https:\/\/www.europesays.com\/fr\/wp-json\/wp\/v2\/media?parent=587471"}],"wp:term":[{"taxonomy":"category","embeddable":true,"href":"https:\/\/www.europesays.com\/fr\/wp-json\/wp\/v2\/categories?post=587471"},{"taxonomy":"post_tag","embeddable":true,"href":"https:\/\/www.europesays.com\/fr\/wp-json\/wp\/v2\/tags?post=587471"}],"curies":[{"name":"wp","href":"https:\/\/api.w.org\/{rel}","templated":true}]}}